{"id":26990,"date":"2014-06-19T00:00:00","date_gmt":"2014-06-18T22:00:00","guid":{"rendered":"https:\/\/www.archivio-affarinternazionali.it\/archivio\/elezione-di-juncker-svolta-per-la-democrazia-europea\/"},"modified":"2017-11-03T15:24:32","modified_gmt":"2017-11-03T14:24:32","slug":"elezione-di-juncker-svolta-per-la-democrazia-europea","status":"publish","type":"post","link":"https:\/\/www.archivio-affarinternazionali.it\/archivio\/2014\/06\/elezione-di-juncker-svolta-per-la-democrazia-europea\/","title":{"rendered":"Elezione di Juncker, svolta per la democrazia europea"},"content":{"rendered":"<p>Se Jean-Claude Juncker fosse eletto nuovo presidente della Commissione europea sarebbe una svolta per la vita democratica dell&#8217;Unione europea (Ue). <\/p>\n<p>\u00c8 uno strano paradosso che proprio nel Regno Unito, dove le presunte carenze democratiche dell&#8217;Ue sono oggetto di critiche cos\u00ec diffuse, politici e commentatori siano cos\u00ec riluttanti a riconoscere questo salto qualitativo verso un&#8217;Unione pi\u00f9 democratica. <\/p>\n<p>Ci si \u00e8 lamentati a lungo, e non a torto, che gli elettori non sapessero per che cosa votavano. L&#8217;aver legato le elezioni europee del 2014 alla presidenza della Commissione \u00e8 stata una risposta molto efficace a queste rimostranze.<\/p>\n<p><b>Trattato rispettato<\/b><br \/>Una tesi senza fondamento, ma che riecheggia spesso nei media britannici, \u00e8 che in qualche modo le clausole del trattato di Lisbona sull&#8217;elezione del presidente della Commissione siano state stravolte o mal applicate nelle recenti elezioni europee. \u00c8 una tesi che non regge a una lettura anche sommaria del trattato.<\/p>\n<p>Il trattato stabilisce che il Consiglio europeo, nell&#8217;avanzare la sua proposta per la presidenza della Commissione, deve &#8220;tenere conto&#8221; dei risultati delle elezioni europee. <\/p>\n<p>La grande maggioranza dei membri del Consiglio europeo concorda su un&#8217;interpretazione perfettamente ragionevole di questa clausola. Pur appartenendo a partiti politici diversi, hanno dichiarato di voler sostenere il candidato scelto dal raggruppamento politico pi\u00f9 forte, un candidato che era stato reso noto agli elettori prima e durante le elezioni europee. <\/p>\n<p>Anzi, prima delle elezioni europee molti membri del Consiglio europeo si sono espressi con particolare enfasi a favore di questa procedura. E ritengono che accantonarla ora, dopo le elezioni, significherebbe trattare con disprezzo gli elettori europei.<\/p>\n<p> Un numero limitato di membri del Consiglio europeo, incluso il governo britannico, rifiuta di sostenere Juncker. Il trattato di Lisbona stabilisce per\u00f2 che, in caso di opinioni divergenti in seno al Consiglio europeo, si decida a maggioranza qualificata.<\/p>\n<p>Tradizionalmente il Consiglio europeo ha preferito procedere per consenso anzich\u00e9 con votazioni formali. \u00c8 probabile tuttavia che alla fine di questo mese il Consiglio decida a maggioranza di adottare Jean-Claude Juncker come candidato del Consiglio nel suo insieme. <\/p>\n<p>Per la democrazia europea sarebbe un bel passo avanti. I governi nazionali, infatti, farebbero precisamente ci\u00f2 che gli euroscettici gli chiedono di fare: dare ascolto ai cittadini.<\/p>\n<p>Peraltro, una volta che il Consiglio europeo ha proposto il suo candidato per la presidenza della Commissione, lui o lei diventa presidente della Commissione solo se ha il sostegno della maggioranza assoluta &#8211; una soglia alta &#8211; del Parlamento europeo. Il trattato di Lisbona ha grandemente rafforzato il ruolo del Parlamento europeo. Molti, anche se non tutti, i membri del Consiglio lo hanno capito.<\/p>\n<p><b>Autolesionismo britannico<\/b><br \/>Era prevedibile che il premier britannico David Cameron fosse tutt&#8217;altro che entusiasta dell&#8217;idea di Juncker come nuovo presidente della Commissione. Quel che sorprende \u00e8 la veemenza della sua ostilit\u00e0 verso l&#8217;ex-primo ministro del Lussemburgo. Fattori politici interni giocano indubbiamente un ruolo: l&#8217;opposizione di Cameron alla candidatura di Juncker ha anche lo scopo di distrarre l&#8217;attenzione dal risultato deludente dei conservatori nelle elezioni europee.<\/p>\n<p>Suona comunque bizzarra l&#8217;affermazione di Cameron, riportata da alcuni media, che l&#8217;elezione di Juncker a presidente della Commissione renderebbe pi\u00f9 probabile l&#8217;uscita del Regno Unito dall&#8217;Unione. Per rinegoziare i termini della sua partecipazione all&#8217;Ue, la Gran Bretagna dovrebbe infatti discuterne innanzitutto con gli altri stati membri, non con la Commissione.<\/p>\n<p>Sia i liberaldemocratici che i laburisti hanno fatto propria l&#8217;opposizione di Cameron nei confronti di Juncker. Non c&#8217;\u00e8 bisogno di essere un fan di Juncker o di condividerne le posizioni politiche per capire quanta pigrizia e superficialit\u00e0 denoti questo atteggiamento.<\/p>\n<p>Juncker \u00e8 un leader europeo di spicco, il cui gruppo politico ha ottenuto ampi consensi in tutta Europa nella recente competizione elettorale. I successi localmente circoscritti degli eterogenei partiti antieuropei &#8211; il Fronte nazionale, l&#8217;Ukip e i Cinque Stelle &#8211; non possono diventare il pretesto per mettere in dubbio il mandato ricevuto da Juncker.<\/p>\n<p>Ci sono naturalmente molte questioni su cui Juncker e Cameron non concordano. Ma la tesi che queste differenze siano cos\u00ec radicali che potrebbero indurre razionalmente la Gran Bretagna a uscire dall&#8217;Ue \u00e8 sconcertante e distruttiva. <\/p>\n<p>Il rifiuto dell&#8217;establishment britannico di Juncker come presidente della Commssione europea non render\u00e0 pi\u00f9 facile vincere un futuro referendum sull&#8217;Europa. Lo render\u00e0 invece pi\u00f9 difficile.<\/p>\n<p>.<\/p>\n<p>.<\/p>\n","protected":false},"excerpt":{"rendered":"<p>Se Jean-Claude Juncker fosse eletto nuovo presidente della Commissione europea sarebbe una svolta per la vita democratica dell&#8217;Unione europea (Ue). \u00c8 uno strano paradosso che proprio nel Regno Unito, dove le presunte carenze democratiche dell&#8217;Ue sono oggetto di critiche cos\u00ec diffuse, politici e commentatori siano cos\u00ec riluttanti a riconoscere questo salto qualitativo verso un&#8217;Unione pi\u00f9 [&hellip;]<\/p>\n","protected":false},"author":39,"featured_media":0,"comment_status":"closed","ping_status":"closed","sticky":false,"template":"","format":"standard","meta":{"footnotes":""},"categories":[9],"tags":[85,140],"_links":{"self":[{"href":"https:\/\/www.archivio-affarinternazionali.it\/archivio\/wp-json\/wp\/v2\/posts\/26990"}],"collection":[{"href":"https:\/\/www.archivio-affarinternazionali.it\/archivio\/wp-json\/wp\/v2\/posts"}],"about":[{"href":"https:\/\/www.archivio-affarinternazionali.it\/archivio\/wp-json\/wp\/v2\/types\/post"}],"author":[{"embeddable":true,"href":"https:\/\/www.archivio-affarinternazionali.it\/archivio\/wp-json\/wp\/v2\/users\/39"}],"replies":[{"embeddable":true,"href":"https:\/\/www.archivio-affarinternazionali.it\/archivio\/wp-json\/wp\/v2\/comments?post=26990"}],"version-history":[{"count":1,"href":"https:\/\/www.archivio-affarinternazionali.it\/archivio\/wp-json\/wp\/v2\/posts\/26990\/revisions"}],"predecessor-version":[{"id":62545,"href":"https:\/\/www.archivio-affarinternazionali.it\/archivio\/wp-json\/wp\/v2\/posts\/26990\/revisions\/62545"}],"wp:attachment":[{"href":"https:\/\/www.archivio-affarinternazionali.it\/archivio\/wp-json\/wp\/v2\/media?parent=26990"}],"wp:term":[{"taxonomy":"category","embeddable":true,"href":"https:\/\/www.archivio-affarinternazionali.it\/archivio\/wp-json\/wp\/v2\/categories?post=26990"},{"taxonomy":"post_tag","embeddable":true,"href":"https:\/\/www.archivio-affarinternazionali.it\/archivio\/wp-json\/wp\/v2\/tags?post=26990"}],"curies":[{"name":"wp","href":"https:\/\/api.w.org\/{rel}","templated":true}]}}