{"id":27170,"date":"2014-07-02T00:00:00","date_gmt":"2014-07-01T22:00:00","guid":{"rendered":"https:\/\/www.archivio-affarinternazionali.it\/archivio\/la-morte-dei-tre-ragazzi-israeliani-apre-un-vaso-di-pandora\/"},"modified":"2017-11-03T15:24:27","modified_gmt":"2017-11-03T14:24:27","slug":"la-morte-dei-tre-ragazzi-israeliani-apre-un-vaso-di-pandora","status":"publish","type":"post","link":"https:\/\/www.archivio-affarinternazionali.it\/archivio\/2014\/07\/la-morte-dei-tre-ragazzi-israeliani-apre-un-vaso-di-pandora\/","title":{"rendered":"La morte dei tre ragazzi israeliani apre un vaso di Pandora"},"content":{"rendered":"<p>Un efferato episodio di violenza politica, oppure il segnale di una strategia che vuole ancor pi\u00f9 radicalizzare lo scontro tra israeliani e palestinesi? Il nodo \u00e8 tutto qui, dopo il rito commosso e corale della sepoltura dei tre ragazzi israeliani rapiti e subito dopo uccisi in Cisgiordania.<\/p>\n<p>La domanda sul &#8216;chi ha ucciso&#8217; e sul &#8216;perch\u00e9 lo ha fatto&#8217; deve interessare, in questo momento, solo gli inquirenti israeliani, e le forze di sicurezza palestinesi che si sono coordinate con Israele. Non \u00e8, insomma, una domanda da commissari di polizia, intenti a fare luce su una notizia di cronaca. \u00c8, al contrario, una domanda cruciale, per analizzare ci\u00f2 che \u00e8 successo negli ultimi mesi, e cosa succeder\u00e0 nei prossimi.<\/p>\n<p><b>Colonie, checkpoint e <i>price tag attacks<\/i><\/b><br \/>Negli ultimi mesi, per meglio dire, negli ultimi anni, la tensione in Cisgiordania si \u00e8 alzata ben oltre il livello di guardia. Nell&#8217;ombra di un\u2019informazione distratta o poco addentro al conflitto israelo-palestinese, quel piccolo lembo di terra a est della Linea Verde \u00e8 stato percorso da scosse continue.<\/p>\n<p>Scosse continue, quasi dettagli in un conflitto pluridecennale, mattoni di violenza e contrapposizione messi uno sopra all&#8217;altro. Le colonie israeliane in Palestina si ingrandiscono quotidianamente, e sono ormai cittadine da decine di migliaia di abitanti. <\/p>\n<p>Il territorio \u00e8 frammentato da checkpoint e terminal. L&#8217;Autorit\u00e0 nazionale palestinese (Anp) controlla sempre meno terra, ivi compresa la Valle del Giordano. Israele ha il totale controllo di tutta l&#8217;area C, dove sono stati rapiti i ragazzi, frutto degli accordi di Oslo.<\/p>\n<p>Cose note. Meno noti sono i <i>price tag attacks<\/i>. Gli attacchi contro le propriet\u00e0, macchine date alle fiamme, gomme squarciate, ulivi incendiati, minacce alle persone. Vandalismo, insomma, compiuto in genere di notte con veri e propri raid dentro i villaggi palestinesi da parte dei coloni israeliani.<\/p>\n<p>L&#8217;Onu, attraverso il suo ufficio di coordinamento di Gerusalemme, ha contato 399 attacchi di questo tipo nel 2013 in Cisgiordania. Cifra riportata anche da  <a href= \"http:\/\/www.state.gov\/j\/ct\/rls\/crt\/2013\/224823.htm\" target= \"blank\"><b><u>US Country Reports on Terrorism 2013<\/u><\/b><\/a> del dipartimento di stato statunitense.<\/p>\n<p>E ha contato, nel silenzio assordante dei media, 3735 feriti e contusi palestinesi sempre nel 2013 in episodi di violenza legati al conflitto con gli israeliani, il pi\u00f9 duro bilancio dal 2005 a oggi. Di micce accese, in Cisgiordania, ve ne sono tante. Da troppo tempo. E gli osservatori, da altrettanto tempo, si aspettavano che da qualche parte, un giorno, o una notte, qualcosa brillasse sotto la paglia.<\/p>\n<p><b>Hamas, incolpata da Israele, smentisce <\/b><br \/>Chi ha ucciso, dunque, senza piet\u00e0 Eyal Yifrah, 19 anni, Gilad Shaar e Naftali Fraenkel, entrambi di soli 16 anni? Schegge impazzite senza alcun collegamento con organizzazioni politiche palestinesi, in una zona ad altissima tensione, fulcro della rete delle colonie nella Cisgiordania meridionale? Oppure militanti mandati da Hamas, come afferma da giorni il primo ministro israeliano Benjamin Netanyahu, promettendo di far pagare un carissimo prezzo al movimento islamista palestinese? <\/p>\n<p>Nella storia di Hamas, l&#8217;organizzazione islamista non ha mai smentito atti di violenza imputati dagli israeliani. Anche quando, negli anni successivi, ventilava che non vi fosse stato un ordine mandato dall&#8217;ala armata. Dal centro alla periferia. Stavolta, l&#8217;atteggiamento di Hamas sembra diverso dal passato.<\/p>\n<p>Lo testimonia la dichiarazione del portavoce Sami Abu Zuhri, appena si \u00e8 diffusa la notizia ufficiale del ritrovamento dei corpi dei ragazzi vicino a un villaggio, Halhul, dell&#8217;area di Hebron. &#8220;La scomparsa e l&#8217;uccisione dei tre israeliani \u00e8 basata solo sulla versione di Israele&#8221;, ha detto Abu Zuhri alla <i>France Presse<\/i>. &#8220;L&#8217;occupazione &#8211; ha proseguito &#8211; sta cercando di usare questa storia per giustificare una guerra ad ampio raggio contro il nostro popolo, la resistenza e Hamas&#8221;.<\/p>\n<p><b>Futuro del governo di unit\u00e0 nazionale palestinese<\/b><br \/>Hamas, sinora, rifiuta ogni responsabilit\u00e0 nell&#8217;uccisione dei tre ragazzi, che a questo punto le autorit\u00e0 israeliane ritengono essere stata compiuta gi\u00e0 al momento del sequestro. D&#8217;altro canto, le mosse politiche compiute da Hamas negli ultimissimi mesi erano di segno completamente opposto, come dimostra l&#8217;accordo a sorpresa che ha condotto al governo di unit\u00e0 nazionale con Fatah, sotto egida Organizzazione per la liberazione palestinese.<\/p>\n<p>Dopo anni di lungaggini, il governo di unit\u00e0 nazionale era diventato una realt\u00e0, e anche una minaccia per l&#8217;esecutivo israeliano, come sottolineato con durezza dallo stesso premier Bibi Netanyahu gi\u00e0 all&#8217;indomani dell&#8217;intesa intra-palestinese e pi\u00f9 volte nelle ultime settimane.<\/p>\n<p>Hamas aveva accettato di far presiedere il governo da un uomo legato ad Abu Mazen, di cedere i ministeri pi\u00f9 importanti, di lasciare almeno formalmente il controllo amministrativo di Gaza.<\/p>\n<p>Indebolito dalla repressione dei Fratelli Musulmani in Egitto, Hamas ha cercato cos\u00ec di salvare il salvabile. Perch\u00e9, allora, aprire un vaso di Pandora in Cisgiordania con l&#8217;uccisione di tre ragazzi israeliani? Un atto di questo genere non avrebbe neanche portato consenso, tra i palestinesi della Cisgiordania, fiaccati da una quotidianit\u00e0 gi\u00e0 difficile, e tentati di pi\u00f9 &#8211; semmai &#8211; da una pratica di confronto con gli israeliani basata su boicottaggi e manifestazioni locali.<\/p>\n<p>Ora, per\u00f2, questo periodo \u00e8 dietro le spalle. Tutto sembra cambiato, in Cisgiordania. Anche lo <i>status quo <\/i>che finora aveva governato una quotidianit\u00e0 a tratti surreale.<\/p>\n<p>. <\/p>\n","protected":false},"excerpt":{"rendered":"<p>Un efferato episodio di violenza politica, oppure il segnale di una strategia che vuole ancor pi\u00f9 radicalizzare lo scontro tra israeliani e palestinesi? Il nodo \u00e8 tutto qui, dopo il rito commosso e corale della sepoltura dei tre ragazzi israeliani rapiti e subito dopo uccisi in Cisgiordania. La domanda sul &#8216;chi ha ucciso&#8217; e sul [&hellip;]<\/p>\n","protected":false},"author":39,"featured_media":0,"comment_status":"closed","ping_status":"closed","sticky":false,"template":"","format":"standard","meta":{"footnotes":""},"categories":[9],"tags":[95,115],"_links":{"self":[{"href":"https:\/\/www.archivio-affarinternazionali.it\/archivio\/wp-json\/wp\/v2\/posts\/27170"}],"collection":[{"href":"https:\/\/www.archivio-affarinternazionali.it\/archivio\/wp-json\/wp\/v2\/posts"}],"about":[{"href":"https:\/\/www.archivio-affarinternazionali.it\/archivio\/wp-json\/wp\/v2\/types\/post"}],"author":[{"embeddable":true,"href":"https:\/\/www.archivio-affarinternazionali.it\/archivio\/wp-json\/wp\/v2\/users\/39"}],"replies":[{"embeddable":true,"href":"https:\/\/www.archivio-affarinternazionali.it\/archivio\/wp-json\/wp\/v2\/comments?post=27170"}],"version-history":[{"count":1,"href":"https:\/\/www.archivio-affarinternazionali.it\/archivio\/wp-json\/wp\/v2\/posts\/27170\/revisions"}],"predecessor-version":[{"id":63138,"href":"https:\/\/www.archivio-affarinternazionali.it\/archivio\/wp-json\/wp\/v2\/posts\/27170\/revisions\/63138"}],"wp:attachment":[{"href":"https:\/\/www.archivio-affarinternazionali.it\/archivio\/wp-json\/wp\/v2\/media?parent=27170"}],"wp:term":[{"taxonomy":"category","embeddable":true,"href":"https:\/\/www.archivio-affarinternazionali.it\/archivio\/wp-json\/wp\/v2\/categories?post=27170"},{"taxonomy":"post_tag","embeddable":true,"href":"https:\/\/www.archivio-affarinternazionali.it\/archivio\/wp-json\/wp\/v2\/tags?post=27170"}],"curies":[{"name":"wp","href":"https:\/\/api.w.org\/{rel}","templated":true}]}}