{"id":27730,"date":"2014-08-09T00:00:00","date_gmt":"2014-08-08T22:00:00","guid":{"rendered":"https:\/\/www.archivio-affarinternazionali.it\/archivio\/primo-evitare-di-restare-da-soli\/"},"modified":"2017-11-03T15:23:11","modified_gmt":"2017-11-03T14:23:11","slug":"primo-evitare-di-restare-da-soli","status":"publish","type":"post","link":"https:\/\/www.archivio-affarinternazionali.it\/archivio\/2014\/08\/primo-evitare-di-restare-da-soli\/","title":{"rendered":"Primo, evitare di restare da soli"},"content":{"rendered":"<p>Inviare in Libia una missione Onu a guida italiana, a similitudine di Unifil in Libano? Idea suggestiva quella espressa da Nicola Latorre, presidente della Commissione Difesa del Senato. E in prima analisi condivisibile, considerato che la stabilizzazione del Paese, dopo lo sconquasso cui anche noi abbiamo dato una mano robusta, \u00e8 uno dei problemi pi\u00f9 urgenti. Almeno per noi. <\/p>\n<p>Il ministro della Difesa, Roberta Pinotti, infatti condivide, riportando che anche gli Stati Uniti auspicano per l\u2019Italia un ruolo di maggior peso nella regione. \u201cA patto che &#8211; aggiunge &#8211; vi siano un coordinamento a livello internazionale ed un ruolo non subalterno\u201d.<\/p>\n<p><b>Fare qualcosa, ma non qualsiasi cosa<\/b><br \/>Apprezzata questa immediatezza propositiva, \u00e8 utile qualche riflessione. \u00c8 vero, l\u2019Italia, con storiche responsabilit\u00e0 verso quell\u2019aggregato di trib\u00f9 e territori che al momento chiamiamo ancora <a href= \" https:\/\/www.archivio-affarinternazionali.it\/archivio\/articolo.asp?ID=2759\" target= \"blank\"><b><u> Libia<\/u><\/b><\/a>, deve muoversi per prima e \u201cfare qualcosa\u201d. <\/p>\n<p>Tanto pi\u00f9 che i nostri interessi sono rilevanti e con potenziale sviluppo. \u00c8 anche evidente che dobbiamo adoperarci perch\u00e9 la Libia mantenga una configurazione statuale unitaria, anche se in ci\u00f2 erano riusciti per qualche decina d\u2019anni solo i Romani e, dopo di loro, il governatore Italo Balbo. Oltre, naturalmente, a Muhammar Gheddafi.<\/p>\n<p>Perch\u00e9 uno sforzo tipo Unifil possa essere coronato dal successo, \u00e8 necessario il verificarsi di un certo numero di evenienze, che potremmo provare ad elencare e discutere. Sono d\u2019ordine politico, ma anche pratico e militare, visto che tra Libia e Libano in comune ci sono solo le tre lettere iniziali. <\/p>\n<p>La prima \u00e8 una perplessit\u00e0: avr\u00e0 l\u2019Italia la forza e gli strumenti per trainare il Consiglio di Sicurezza verso la pace, cos\u00ec come Sarkozy era riuscito a trascinarlo in tempi brevi verso la \u201cguerra\u201d? Mi si perdoni l\u2019inverecondia del termine, ma \u00e8 difficile dare un nome diverso ad alcuni mesi di bombardamenti.<\/p>\n<p><b>Capire bene quali e quanti sono gli amici, e i nemici<\/b><br \/>Dalla Libia \u00e8 arrivata in questi giorni una richiesta di aiuto internazionale. \u00c8 davvero valida, o \u00e8 solo la voce isolata di un gruppo scarsamente rappresentativo? \u00c8 vero, ci sono state le elezioni del 25 giugno, e il nuovo Parlamento ha gi\u00e0 provato a riunirsi. Ci \u00e8 stato detto che l\u2019affluenza alle urne \u00e8 stata del 42 per cento, ma si \u00e8 sorvolato sul fatto che il dato si riferisce agli iscritti alle liste, non al totale degli aventi diritto. <\/p>\n<p>Cos\u00ec, i circa 630 mila votanti su 3,4 milioni di elettori rappresentano una percentuale inferiore al 20 per cento. Quindi, l\u201980 per cento circa dei libici non si \u00e8 espresso. Come la pensano costoro? Le milizie hanno sempre dichiarato di non voler cedere le armi, opponendosi a qualsiasi intervento di forze straniere: \u00e8 cambiato qualcosa? Non sembra. Chi raccoglier\u00e0 l\u2019appello, supponendo &#8211; cosa niente affatto scontata &#8211; un\u2019approvazione del Consiglio?<\/p>\n<p>Accortisi dello sconquasso di cui erano i primi responsabili, Francia, Regno Unito e prima ancora gli Stati Uniti, dopo le bombe si sono immediatamente defilati. Idem Nato e Unione europea (Ue), mentre Cina e Russia \u00e8 probabile siano ben soddisfatte di aver favorito, con l\u2019astensione, quel tranello che ha cos\u00ec ben contribuito a screditare l\u2019Occidente. <\/p>\n<p>Cosa \u00e8 rimasto? Un\u2019Italia con il cerino tra le dita, un <a href= \"https:\/\/www.archivio-affarinternazionali.it\/archivio\/articolo.asp?ID=2770\" target= \"blank\"><b><u> Mare Nostrum pieno di disperati<\/u><\/b><\/a>, un dirimpettaio ridotto al fallimento, i nostri interessi calpestati e messi a repentaglio.<\/p>\n<p>Ora, \u00e8 legittimo chiedersi: perch\u00e9 i tre grandi, dopo averci coinvolto in una guerra che era con tutta evidenza contro i nostri interessi, dovrebbero adesso scendere in campo per tutelarli? Diciamolo fuori dai denti, la stabilit\u00e0 di una Libia unitaria interessa solo noi. La Nato, con gli Usa lontani, militarmente conterebbe come la Ue: assai poco. Nemmeno il flusso dei migranti preoccupa l\u2019Europa, se il commissario per gli affari interni, Cecilia Malmstr\u00f6m, ci ha appena spiegato che ci sta portando enormi benefici.<\/p>\n<p><b>Meglio procedere per gradi<\/b><br \/>L\u2019idea del senatore Latorre resta affascinante, ma al momento forse \u00e8 prematura. Ben che vada, ci troveremmo alla guida di qualche migliaio di soldati dell\u2019Unione Africana, sempre disponibile quando si tratta di finanziare i propri eserciti con le casse dell\u2019Onu.<\/p>\n<p>La Libia \u00e8 grande, le trib\u00f9 numerose, i gheddafiani ancora attivi nel Sud. C\u2019\u00e8 da dubitare che con queste forze sia possibile disarmare le milizie, o anche solo interporsi. Al-Sisi, a est, potrebbe aiutare, ma non va dimenticato che i nostri interessi e quelli egiziani in Cirenaica potrebbero anche divergere.<\/p>\n<p>Prima di pensare ad una missione militare dell\u2019Onu, cui, in questo momento, sarebbe oltremodo difficile assegnare un mandato, serve ancora molto lavoro di preparazione. Ed \u00e8 proprio qui che l\u2019Italia potrebbe distinguersi, prendendo l\u2019iniziativa. Per esempio, tentando di organizzare a Roma una conferenza semipermanente di tutte le parti in causa, che includa le diverse componenti libiche, l\u2019Egitto, la Tunisia e l\u2019Algeria, da sempre interessata ad una stabilizzazione del Sud.<\/p>\n<p>.<\/p>\n","protected":false},"excerpt":{"rendered":"<p>Inviare in Libia una missione Onu a guida italiana, a similitudine di Unifil in Libano? Idea suggestiva quella espressa da Nicola Latorre, presidente della Commissione Difesa del Senato. E in prima analisi condivisibile, considerato che la stabilizzazione del Paese, dopo lo sconquasso cui anche noi abbiamo dato una mano robusta, \u00e8 uno dei problemi pi\u00f9 [&hellip;]<\/p>\n","protected":false},"author":39,"featured_media":0,"comment_status":"closed","ping_status":"closed","sticky":false,"template":"","format":"standard","meta":{"footnotes":""},"categories":[9],"tags":[91,96,128,140,109],"_links":{"self":[{"href":"https:\/\/www.archivio-affarinternazionali.it\/archivio\/wp-json\/wp\/v2\/posts\/27730"}],"collection":[{"href":"https:\/\/www.archivio-affarinternazionali.it\/archivio\/wp-json\/wp\/v2\/posts"}],"about":[{"href":"https:\/\/www.archivio-affarinternazionali.it\/archivio\/wp-json\/wp\/v2\/types\/post"}],"author":[{"embeddable":true,"href":"https:\/\/www.archivio-affarinternazionali.it\/archivio\/wp-json\/wp\/v2\/users\/39"}],"replies":[{"embeddable":true,"href":"https:\/\/www.archivio-affarinternazionali.it\/archivio\/wp-json\/wp\/v2\/comments?post=27730"}],"version-history":[{"count":1,"href":"https:\/\/www.archivio-affarinternazionali.it\/archivio\/wp-json\/wp\/v2\/posts\/27730\/revisions"}],"predecessor-version":[{"id":62515,"href":"https:\/\/www.archivio-affarinternazionali.it\/archivio\/wp-json\/wp\/v2\/posts\/27730\/revisions\/62515"}],"wp:attachment":[{"href":"https:\/\/www.archivio-affarinternazionali.it\/archivio\/wp-json\/wp\/v2\/media?parent=27730"}],"wp:term":[{"taxonomy":"category","embeddable":true,"href":"https:\/\/www.archivio-affarinternazionali.it\/archivio\/wp-json\/wp\/v2\/categories?post=27730"},{"taxonomy":"post_tag","embeddable":true,"href":"https:\/\/www.archivio-affarinternazionali.it\/archivio\/wp-json\/wp\/v2\/tags?post=27730"}],"curies":[{"name":"wp","href":"https:\/\/api.w.org\/{rel}","templated":true}]}}