{"id":28050,"date":"2014-09-15T00:00:00","date_gmt":"2014-09-14T22:00:00","guid":{"rendered":"https:\/\/www.archivio-affarinternazionali.it\/archivio\/a-tel-aviv-si-parla-di-pace-durante-la-guerra\/"},"modified":"2017-11-03T15:22:59","modified_gmt":"2017-11-03T14:22:59","slug":"a-tel-aviv-si-parla-di-pace-durante-la-guerra","status":"publish","type":"post","link":"https:\/\/www.archivio-affarinternazionali.it\/archivio\/2014\/09\/a-tel-aviv-si-parla-di-pace-durante-la-guerra\/","title":{"rendered":"A Tel Aviv si parla di pace durante la guerra"},"content":{"rendered":"<p>Il giorno dopo un\u2019incursione dell\u2019aviazione israeliana volta a distruggere un tunnel dalla striscia di Gaza, in uno degli hotel un po&#8217; pretenziosi sul litorale di Tel Aviv, Amos Shocken, editore di Haaretz e Akiva Eldar, uno dei giornalisti pi\u00f9 intelligenti di Israele, hanno promosso un simposio sulla pace, parola da tempo in disuso nel vocabolario politico cos\u00ec come nel linguaggio ordinario della gente di Israele. <\/p>\n<p>L\u20198 luglio, intorno a quella parola hanno riunito una parte rilevante del mondo politico e intellettuale israeliano ed ebraico. Solo qualche nome : il presidente Shimon Peres, due ministri,Tzipi Livni e Naftali Bennett, leader dell&#8217;opposizione, Isaac Herzog, laburista e Zehava Gal-On, del Meretz, un ex primo ministro, Ehud Barak, un ex capo dello Shin Bet, Yuval Diskin, un ex consigliere della sicurezza nazionale, Yaakov Amidror, due scrittori, David Grossman e Sayed Kashua, giornalisti come Gideon Levy, Peter Beinart, Chemi Shalev, un filosofo come Alain Finkielkraut.<\/p>\n<p>Un uditorio partecipe di oltre 1500 persone: presenti una delegazione di JCall (il movimento di ebrei europei in favore della pace e della soluzione a due stati) e di JStreet, consorella americana. Il materiale del simposio \u00e8 disponibile anche in rete (Haaretz, Israel conference on peace). A mo\u2019 di cronaca, anche l\u2019esperienza di un primo allarme su Tel Aviv che ha costretto i partecipanti ad evacuare la sala.<\/p>\n<p><b>Riprendere il filo dei due stati<\/b><br \/>Il motivo ispiratore del convegno \u00e8 stato quello di riportare la parola \u201cpace\u201d al centro dell&#8217;attenzione, demistificando la retorica che impera dal 2000, dopo il fallimento di Camp David e l&#8217;irrompere virulento della seconda intifada, per cui non vi sarebbe fra i palestinesi un &#8220;partner di pace&#8221;, e riesaminare oggi, alla luce della rottura della trattativa condotta con la mediazione americana, le condizioni per un accordo di pace fra Israele e l&#8217;Autorit\u00e0 nazionale palestinese (Anp) sulla base del principio di &#8220;due stati per due popoli&#8221;, e con i paesi arabi sulla base dell&#8217;iniziativa di pace proposta dalla Lega Araba nel lontano 2002.<\/p>\n<p>Sono mancati purtroppo i due oratori palestinesi, Saeb Erkat, il capo negoziatore dell\u2019Anp, e Musib El-Masri, un importante imprenditore, a causa del precipitare del conflitto fra Israele e Gaza. <\/p>\n<p>Ma il presidente dell\u2019Anp, Abu Mazen, in una lettera aperta e in una intervista video, ha ricordato come l&#8217; iniziativa di pace araba, cui Israele non ha mai risposto, offra a Israele i contorni di una soluzione che ponga fine al conflitto, normalizzi i rapporti con gli stati arabi, definisca un confine plausibile fra i due stati, con rettifiche territoriali concordate e garanzie adeguate di sicurezza, assicuri una Gerusalemme fisicamente unita e capitale condivisa dei due stati e un assetto ragionevole circa i rifugiati del 1948.<\/p>\n<p>Peres, accolto da applausi scroscianti negli ultimi giorni del suo mandato, ha affermato anche lui come l&#8217;offerta di pace araba sia positiva per Israele per giungere a una soluzione a due stati, essenziale per il futuro di Israele come stato democratico ed ebraico. <\/p>\n<p>Un accordo regionale conviene ai paesi arabi moderati e a Israele, dal momento che per entrambi il nemico \u00e8 l&#8217;estremismo fondamentalista. Abu Mazen \u00e8 un partner di pace sincero. La battaglia per vincere cuori e menti degli israeliani in favore della pace va unita a quella per la difesa della democrazia e contro il razzismo, valori essenziali dell&#8217;etica ebraica.<\/p>\n<p>Sono seguite quattro sessioni, dedicate rispettivamente ai benefici economici della pace e ai costi della non-pace; al rapporto con la Diaspora americana ed europea; al legame fra il perpetuarsi del conflitto e dell&#8217;occupazione e il degrado della democrazia e dei diritti umani in Israele; alle implicazioni in termini di sicurezza di un eventuale accordo di pace.<\/p>\n<p><b>Costo della guerra <\/b><br \/>Il costo del mantenere lo status quo non risiede solo nelle sue implicazioni per il bilancio pubblico, gravato da corpose spese militari, in un&#8217;economia segnata da acute diseguaglianze distributive. <\/p>\n<p>Bisogna valutare anche il pericolo di sanzioni economiche, imposte a Israele da soggetti privati con le campagne di boicottaggio, o da soggetti pubblici, come la Commissione europea o gli stati membri dell\u2019Ue, che distinguono, chiaramente e giustamente, fra le attivit\u00e0 economiche svolte in Israele e quelle nei territori occupati, dove il diritto internazionale ritiene illegali gli insediamenti ebraici. <\/p>\n<p>Per un&#8217;economia molto aperta agli scambi con l&#8217;estero e per la quale la Ue \u00e8 il principale partner commerciale, la minaccia \u00e8 rilevante. Un\u2019altra questione importante \u00e8 quella degli arabi di Israele, economicamente marginali: essi costituiscono il 20 per cento della forza lavoro del paese, ma generano solo il 7 per cento del reddito, e sono discriminati nell&#8217;acquisto di terre e nella possibilit\u00e0 di costruirvi nuove case. <\/p>\n<p><b>Ebrei americani ed europei<\/b><br \/>Sull&#8217;ebraismo americano, la tesi di Beinart, autore di un libro che denuncia il cristallizzarsi di posizioni sempre pi\u00f9 conservatrici nell&#8217;establishment, e di Jeremy Ben-Ami, presidente di JStreet, \u00e8 che con il suo polarizzarsi fra gli ortodossi da un lato e dall\u2019altro i laici, i non sionisti e coloro che sono lontani dall&#8217;ebraismo ufficiale, si sono acuite anche le divergenze nel rapporto con Israele.<\/p>\n<p>In misura crescente per gli ebrei americani, soprattutto giovani, Israele non \u00e8 pi\u00f9 il luogo di rifugio e riscatto di un popolo oppresso, n\u00e9 un elemento di coesione identitaria; vi \u00e8 rispetto ad esso un senso di estraneit\u00e0 crescente, in ragione del permanere dell&#8217;occupazione, delle violazioni dei diritti umani, del legame perverso fra potere politico e religioso, infine del degrado della democrazia.<\/p>\n<p>Della vecchia Europa, degli ebrei europei e del legame fra il conflitto israelo-palestinese e rigurgiti di antisemitismo, ha parlato, anche, a nome di JCall, Alain Finkielkraut, filosofo e accademico di Francia. Due battaglie incombono sugli ebrei europei: quella in sostegno alla soluzione dei due stati, in difesa della democrazia e della tolleranza in Israele, contro la barbarie del razzismo anti arabo che inquina la societ\u00e0; e quella contro l&#8217;antisemitismo. <\/p>\n<p>Un antisemitismo di due tipi: quello di matrice islamista, che sta soppiantando quello di tradizione fascista, e quello di una parte della sinistra o del mondo intellettuale, che demonizza Israele ben al di l\u00e0 delle legittime critiche all&#8217;occupazione e lo ritiene, in quanto stato-nazione fondato su un criterio di appartenenza etnica, un anacronismo da rigettare in un mondo cosmopolita, che ha superato i vecchi nazionalismi.<\/p>\n<p><b>Diritti umani e razzismo<\/b><br \/>La sessione sui diritti umani \u00e8 stata la pi\u00f9 tesa e appassionata anche per le recenti nefaste vicende. Kashua, un giovane scrittore arabo-israeliano che scrive in ebraico libri di grande successo editoriale, ha ripetuto quanto scritto in un suo articolo molto sofferto su Haaretz: lascer\u00e0 il paese perch\u00e9 non vi \u00e8 futuro per i figli di un arabo in Israele, dove le zone pi\u00f9 popolate da arabi sono neglette dal potere centrale dello stato e abbandonate al degrado, dove il pregiudizio razzista alligna, la predicazione della violenza si traduce in violenza fisica contro gli arabi.<\/p>\n<p>Yisrael Harel, ex direttore di Yesha, il consiglio degli insediamenti, abitante a Ofra, un insediamento come tanti edificato su terreni privati di palestinesi espropriati, ha difeso le colonie, legittime creature dei governi di Israele via via succeditisi, e il comportamento dei coloni, in larga parte civilmente tolleranti. <\/p>\n<p>Talia Sasson, giurista e redattrice anni fa di un rapporto sugli oltre 100 \u201coutposts\u201d, insediamenti piccoli e remoti, contrari alla stessa legge israeliana, alcuni dei quali oggetto di ordini di sgombero da parte della Corte suprema (ma disattesi dal governo), ha denunciato con grande forza il sottofondo di odio razziale che inquina larghe fasce della societ\u00e0 israeliana, fino all&#8217;assassinio: se ai palestinesi si negano o rubano diritti e terreni, allora si pu\u00f2 loro negare anche la vita. <\/p>\n<p>Su questo punto, e sul legame fra il razzismo, le minacce alla democrazia e la spoliazione dei diritti che l&#8217;occupazione comporta, si sono espressi con gli stessi toni duri anche la Livni, Herzog e la segretaria del Meretz, Gal-On, anche se, paradossalmente, da fronti diversi: la prima, ministro della Giustizia in un governo dominato dalle destre, gli altri all&#8217;opposizione, convinti che i partiti di Livni e Yair Lapid dovrebbero lasciare un governo che non persegue la pace e forzare cos\u00ec nuove elezioni.<\/p>\n<p><b>La questione della \u201csicurezza\u201d<\/b><br \/>Sulle questioni strategiche e di sicurezza, due relatori pur distanti nelle loro posizioni, Diskin, dimessosi di recente da capo dello Shin Bet (il servizio di sicurezza interno) in forte polemica con Netanyahu, e di cui si ricordano gli interventi nel documentario di Dror Moreh, \u201cThe Gatekeepers\u201d, e Amidror, fino a tempi recenti consigliere per la sicurezza nazionale dello stesso Netanyahu, hanno convenuto sulla necessit\u00e0 di porre fine alla convivenza perversa fra occupante e occupato e quindi della &#8220;separazione&#8221; dei due popoli in due stati sovrani.<\/p>\n<p>Il tema delle garanzie di sicurezza per Israele, dopo il ritiro dai territori, \u00e8 complesso sia per il contrasto irrisolvibile, secondo Diskin, fra Fatah e Hamas, sia per la necessit\u00e0 di evacuare con gradualit\u00e0 e con adeguati indennizzi finanziari circa 150mila coloni. Amidror ritiene che, anche con una Palestina indipendente, Israele dovr\u00e0 mantenere una presenza militare lungo il Giordano per &#8220;difendere&#8221; il fronte orientale.<\/p>\n<p>Bennett, ministro e leader dell\u2019estrema destra annessionista, ha inveito in tono provocatorio contro la sinistra, accusandola di una sequela di errori (Oslo, Camp David, il ritiro da Gaza nel 2005, la sottovalutazione della disgregazione in atto in Medio Oriente e il disastro del mondo arabo) e ha affermato che Israele non potr\u00e0 lasciare la Cisgiordania per scongiurare il rischio di una presa del potere da parte di Hamas. Subissato di fischi e invettive, ha poi abbandonato il palco mentre l\u2019editore di Haaretz implorava il pubblico, alla Voltaire, di rispettare la libert\u00e0 d\u2019espressione.<\/p>\n<p><b>E infine i \u201cprofeti\u201d<\/b><br \/>Grossman, il cui intervento \u00e8 stato pubblicato anche dalla stampa italiana, imputa agli israeliani vittimismo e rassegnazione disperata. Da un lato l\u2019antinomia fra il potere militare straripante di Israele e il persistere di una percezione di se stessi come vittime rende difficile l &#8216;esercizio misurato, ragionato, politico di quel potere. <\/p>\n<p>Gli ebrei, privi di potere sovrano per secoli, sarebbero incapaci di esercitarlo ora che di quel potere dispongono, superando timori e ansie di sopravvivenza e facendo un passo decisivo verso la pace. Dall&#8217;altro un sentimento disperato di sfiducia nel &#8220;nemico&#8221;: anche quando quel nemico, nella persona di Abu Mazen o della Lega Araba, offre a Israele una chance di pace, con il prezzo che il compromesso impone, gli israeliani non credono a quella possibilit\u00e0, ignorano o deridono gli interlocutori, si rinchiudono in una autistica disperazione. <\/p>\n<p>Per Levy, uno dei giornalisti pi\u00f9 militanti di Haaretz, la psicologia collettiva degli israeliani \u00e8 colpevole: colpevole di non avere mai onestamente deciso di pagare il prezzo vero della pace, cio\u00e8 la fine dell&#8217;occupazione e lo sgombero degli insediamenti; colpevole di non trattare i palestinesi come esseri umani con eguale dignit\u00e0 e pari diritti; colpevole infine di non riconoscere che la loro sofferenza ha la stessa dignit\u00e0 della propria.<\/p>\n<p>.<\/p>\n","protected":false},"excerpt":{"rendered":"<p>Il giorno dopo un\u2019incursione dell\u2019aviazione israeliana volta a distruggere un tunnel dalla striscia di Gaza, in uno degli hotel un po&#8217; pretenziosi sul litorale di Tel Aviv, Amos Shocken, editore di Haaretz e Akiva Eldar, uno dei giornalisti pi\u00f9 intelligenti di Israele, hanno promosso un simposio sulla pace, parola da tempo in disuso nel vocabolario [&hellip;]<\/p>\n","protected":false},"author":39,"featured_media":0,"comment_status":"closed","ping_status":"closed","sticky":false,"template":"","format":"standard","meta":{"footnotes":""},"categories":[9],"tags":[95,99,115],"_links":{"self":[{"href":"https:\/\/www.archivio-affarinternazionali.it\/archivio\/wp-json\/wp\/v2\/posts\/28050"}],"collection":[{"href":"https:\/\/www.archivio-affarinternazionali.it\/archivio\/wp-json\/wp\/v2\/posts"}],"about":[{"href":"https:\/\/www.archivio-affarinternazionali.it\/archivio\/wp-json\/wp\/v2\/types\/post"}],"author":[{"embeddable":true,"href":"https:\/\/www.archivio-affarinternazionali.it\/archivio\/wp-json\/wp\/v2\/users\/39"}],"replies":[{"embeddable":true,"href":"https:\/\/www.archivio-affarinternazionali.it\/archivio\/wp-json\/wp\/v2\/comments?post=28050"}],"version-history":[{"count":1,"href":"https:\/\/www.archivio-affarinternazionali.it\/archivio\/wp-json\/wp\/v2\/posts\/28050\/revisions"}],"predecessor-version":[{"id":63135,"href":"https:\/\/www.archivio-affarinternazionali.it\/archivio\/wp-json\/wp\/v2\/posts\/28050\/revisions\/63135"}],"wp:attachment":[{"href":"https:\/\/www.archivio-affarinternazionali.it\/archivio\/wp-json\/wp\/v2\/media?parent=28050"}],"wp:term":[{"taxonomy":"category","embeddable":true,"href":"https:\/\/www.archivio-affarinternazionali.it\/archivio\/wp-json\/wp\/v2\/categories?post=28050"},{"taxonomy":"post_tag","embeddable":true,"href":"https:\/\/www.archivio-affarinternazionali.it\/archivio\/wp-json\/wp\/v2\/tags?post=28050"}],"curies":[{"name":"wp","href":"https:\/\/api.w.org\/{rel}","templated":true}]}}