{"id":28200,"date":"2014-10-01T00:00:00","date_gmt":"2014-09-30T22:00:00","guid":{"rendered":"https:\/\/www.archivio-affarinternazionali.it\/archivio\/il-ticino-chiude-su-expo\/"},"modified":"2017-11-03T15:22:53","modified_gmt":"2017-11-03T14:22:53","slug":"il-ticino-chiude-su-expo","status":"publish","type":"post","link":"https:\/\/www.archivio-affarinternazionali.it\/archivio\/2014\/10\/il-ticino-chiude-su-expo\/","title":{"rendered":"Il Ticino chiude su Expo"},"content":{"rendered":"<p>Nuova ondata di referendum a Berna e dintorni. Alcuni con portata federale e altri cantonale. Di rilievo per i rapporti con l\u2019Italia \u00e8 quello indetto &#8211; come gli altri il 28 settembre &#8211; nella Repubblica Cantone Ticino, su iniziativa della Lega Ticinese, che riguarda il finanziamento che il Cantone dovrebbe versare all\u2019allestimento del padiglione svizzero all\u2019Expo.<\/p>\n<p>La cifra in questione \u00e8 tutto sommato modesta, attorno ai 3 milioni di euro, ma il significato dell\u2019iniziativa la dice lunga sull\u2019atteggiamento del Cantone riguardo all\u2019esposizione milanese. <\/p>\n<p>Al voto ha partecipato poco pi\u00f9 del 50% degli elettori, il 54% dei quali si \u00e8 opposta al finanziamento del padiglione Expo. Il Consiglio di stato (governo) ticinese non pu\u00f2 impegnare fondi pubblici per il padiglione all\u2019Expo. <\/p>\n<p>Lo stesso Consiglio di stato aveva per\u00f2 in serbo un \u201cpiano B\u201d, scattato appunto con il voto, che prevede la copertura almeno parzialmente della spesa tramite privati assieme al fondo <i>Swissloss<\/i>, finanziato dalle lotterie. I privati metteranno a disposizione un milione di euro per essere presenti nel padiglione. Una somma che potrebbe crescere. <\/p>\n<p>Il risultato del voto non ha conseguenze pratiche. Il Ticino partecipa all\u2019Expo, sia pure in forma non strettamente ufficiale. La comunit\u00e0 d\u2019affari si prepara a intercettare quella parte di traffico che guarder\u00e0 alla Svizzera meridionale come al retrovia della Lombardia. <\/p>\n<p><b>Corrente anti-italiana?<\/b><br \/> Il referendum ha per\u00f2 un significato politico da non sottovalutare. Nella presentazione dei sostenitori del referendum e ora della maggioranza degli elettori, Expo \u00e8 la plastica rappresentazione di un\u2019Italia che non funziona. Teatro di sprechi e malversazioni da cui \u00e8 bene tenersi lontano.<\/p>\n<p>Inoltre, \u00e8 la seconda volta in pochi mesi che il Cantone si esprime in modo sfavorevole all\u2019Italia. <a href= \"https:\/\/www.archivio-affarinternazionali.it\/archivio\/articolo.asp?ID=2533\" target= \"blank\"><b><u>A febbraio<\/u><\/b><\/a> vot\u00f2 massicciamente per il \u201cno all\u2019immigrazione di massa\u201d e il voto lasci\u00f2 trasparire in filigrana la riserva sull\u2019afflusso dei nostri lavoratori frontalieri. <\/p>\n<p>Pensare a una corrente anti-italiana nel solo Cantone totalmente italofono della Confederazione sarebbe eccessivo e fuorviante. L\u2019analisi deve considerare i fattori interni del voto: la strisciante e ora aperta pressione nei confronti della Svizzera e della parte germanofona, responsabili di pensare al loro \u201cparticulare\u201d trascurando le regioni di frontiera. <\/p>\n<p><b>AlpTransit<\/b><br \/>Il tasso di sviluppo diverge fra la varie parti della Confederazione, ma quello di disoccupazione si sta riducendo fino a portare il Ticino vicino alla media nazionale del 3%. I collegamenti al di qua e al di l\u00e0 delle Alpi sono difficili. Il progetto AlpTransit (la pi\u00f9 lunga galleria d\u2019Europa) faciliter\u00e0 gli spostamenti nord-sud su rotaia. Questi si fermeranno a Chiasso se il versante italiano non si attrezza.<\/p>\n<p>I ticinesi completano per tempo le tratte di loro pertinenza, mentre quelle italiane si bloccano per qualsiasi motivo: dal fermo giudiziario alla mancanza di fondi. <\/p>\n<p>Il messaggio che arriva a Berna sembra essere: \u201cNoi in Svizzera facciamo quanto necessario per stare in un contesto sempre pi\u00f9 europeo, voi dall\u2019altra parte dichiarate molto e realizzate poco\u201d.<\/p>\n<p>Sullo sfondo \u00e8 la grande questione dei rapporti con l\u2019Unione europea. La critica all\u2019Italia \u00e8 mossa a uno stato membro fondatore che si schiera al fianco delle istituzioni europee per richiamare la Confederazione al rispetto dei patti. Non ha corso la richiesta svizzera di rinegoziare l\u2019accordo sulla libera circolazione delle persone. La partita a tre prosegue.<\/p>\n<p>. <\/p>\n","protected":false},"excerpt":{"rendered":"<p>Nuova ondata di referendum a Berna e dintorni. Alcuni con portata federale e altri cantonale. Di rilievo per i rapporti con l\u2019Italia \u00e8 quello indetto &#8211; come gli altri il 28 settembre &#8211; nella Repubblica Cantone Ticino, su iniziativa della Lega Ticinese, che riguarda il finanziamento che il Cantone dovrebbe versare all\u2019allestimento del padiglione svizzero [&hellip;]<\/p>\n","protected":false},"author":39,"featured_media":0,"comment_status":"closed","ping_status":"closed","sticky":false,"template":"","format":"standard","meta":{"footnotes":""},"categories":[9],"tags":[96,152,140],"_links":{"self":[{"href":"https:\/\/www.archivio-affarinternazionali.it\/archivio\/wp-json\/wp\/v2\/posts\/28200"}],"collection":[{"href":"https:\/\/www.archivio-affarinternazionali.it\/archivio\/wp-json\/wp\/v2\/posts"}],"about":[{"href":"https:\/\/www.archivio-affarinternazionali.it\/archivio\/wp-json\/wp\/v2\/types\/post"}],"author":[{"embeddable":true,"href":"https:\/\/www.archivio-affarinternazionali.it\/archivio\/wp-json\/wp\/v2\/users\/39"}],"replies":[{"embeddable":true,"href":"https:\/\/www.archivio-affarinternazionali.it\/archivio\/wp-json\/wp\/v2\/comments?post=28200"}],"version-history":[{"count":1,"href":"https:\/\/www.archivio-affarinternazionali.it\/archivio\/wp-json\/wp\/v2\/posts\/28200\/revisions"}],"predecessor-version":[{"id":62499,"href":"https:\/\/www.archivio-affarinternazionali.it\/archivio\/wp-json\/wp\/v2\/posts\/28200\/revisions\/62499"}],"wp:attachment":[{"href":"https:\/\/www.archivio-affarinternazionali.it\/archivio\/wp-json\/wp\/v2\/media?parent=28200"}],"wp:term":[{"taxonomy":"category","embeddable":true,"href":"https:\/\/www.archivio-affarinternazionali.it\/archivio\/wp-json\/wp\/v2\/categories?post=28200"},{"taxonomy":"post_tag","embeddable":true,"href":"https:\/\/www.archivio-affarinternazionali.it\/archivio\/wp-json\/wp\/v2\/tags?post=28200"}],"curies":[{"name":"wp","href":"https:\/\/api.w.org\/{rel}","templated":true}]}}