{"id":29890,"date":"2015-03-10T00:00:00","date_gmt":"2015-03-09T23:00:00","guid":{"rendered":"https:\/\/www.archivio-affarinternazionali.it\/archivio\/flotte-mediterranee-contro-pirati-barbareschi\/"},"modified":"2017-11-03T15:21:15","modified_gmt":"2017-11-03T14:21:15","slug":"flotte-mediterranee-contro-pirati-barbareschi","status":"publish","type":"post","link":"https:\/\/www.archivio-affarinternazionali.it\/archivio\/2015\/03\/flotte-mediterranee-contro-pirati-barbareschi\/","title":{"rendered":"Flotte mediterranee contro Pirati Barbareschi"},"content":{"rendered":"<p>Si delinea l&#8217;azione internazionale contro l&#8217;anarchia delle coste libiche ed i connessi traffici illeciti di armi, petrolio ed esseri umani.<\/p>\n<p>L&#8217;opzione dell&#8217;embargo navale appare non pi\u00f9 rinviabile in quanto il controllo del mare \u00e8 un presupposto necessario dell&#8217;<a href= \"https:\/\/www.archivio-affarinternazionali.it\/archivio\/articolo.asp?ID=2962\" target= \"blank\"><b><u>intervento sul suolo libico<\/u><\/b><\/a>. Parecchi sono tuttavia i problemi tecnico-operativi relativi all&#8217;impiego di Forze navali sotto egida dell&#8217;Onu, non ultimo quello del salvataggio dei migranti.<\/p>\n<p><b>Ritorno al passato<\/b><br \/>Nel dna libico vi \u00e8 la tendenza a sottoporre il mare a dominio esclusivo. Sono note le vessazioni al traffico commerciale dei pirati (c.d. barbareschi) stanziati lungo le coste libiche che indussero Venezia, Napoli e gli Stati Uniti a cannoneggiare Tripoli.<\/p>\n<p>Lo stesso Gheddafi aveva sfidato la libert\u00e0 dei mari: prima nel 1973 con l&#8217;annessione del Golfo della Sirte e poi con la proclamazione di una zona di protezione della pesca in cui pi\u00f9 volte nostri pescherecci sono stati aggrediti da motovedette libiche.<\/p>\n<p>Naturale quindi che il Consiglio di sicurezza dell&#8217;Onu (Cds) dopo la caduta di Gheddafi si fosse preoccupato dell&#8217;uso dei porti libici per il contrabbando di armi. La Risoluzione 1973 (2011) aveva perci\u00f2 autorizzato un <a href= \"https:\/\/www.archivio-affarinternazionali.it\/archivio\/articolo.asp?ID=1702\" target= \"blank\"><b><u>embargo navale  coercitivo<\/u><\/b><\/a> contro i mercantili implicati nel traffico.<\/p>\n<p>Lo stesso era stato fatto nel 2014 con la Risoluzione 2146 volta ad impedire il <a href= \"https:\/\/www.archivio-affarinternazionali.it\/archivio\/articolo.asp?ID=2588\" target= \"blank\"><b><u>contrabbando di petrolio dalla Cirenaica<\/u><\/b><\/a> con cui il sedicente Califfato cercava di finanziarsi.<\/p>\n<p><b>Esercitazioni Marina Italiana<\/b><br \/>In questo contesto s&#8217;inseriscono le manovre navali iniziate il 2 marzo dalla Marina Militare Italiana in acque internazionali prossime alla Libia.<\/p>\n<p>Le operazioni non sono state messe in rapporto alla crisi in atto, ma un loro obiettivo dichiarato \u00e8 quello di accrescere la sicurezza dell&#8217;area dove cospicui sono gli interessi italiani negli impianti estrattivi di Bouri gestiti dall&#8217;Eni, da cui parte, sino a Gela, il gasdotto Greenstream.<\/p>\n<p>L&#8217;esercitazione mira anche a scoraggiare episodi pirateschi come quello del 15 febbraio in cui alcuni scafisti hanno costretto la nostra Guardia costiera a consegnare un&#8217;imbarcazione sotto sequestro.<\/p>\n<p align=\"center\"><img decoding=\"async\" src=\"IMAGE\/blocco-pirati.jpg\" hspace=\"5\" vspace=\"5\" border=\"0\"><\/p>\n<p><i><font size=\"1\">La situazione politica libica (fonte: Corriere della Sera)<\/font><\/i>.<\/p>\n<p><b>Nuovo embargo o blocco navale?<\/b><br \/>La soluzione embargo navale \u00e8 comparsa dopo che il Gruppo di esperti sulla Libia ha presentato al Cds un proprio rapporto in cui raccomandava l&#8217;impiego di Forze navali per &#8220;assistere il governo libico nel rendere sicure le sue acque territoriali per prevenire l&#8217;ingresso e l&#8217;uscita dalla Libia di armi, <i>crude oil<\/i> o altre risorse naturali&#8221;.<\/p>\n<p>Tobruk ed il Cairo si sono anche mosse congiuntamente richiedendo al Cds un blocco navale che impedisca qualsiasi traffico marittimo con porti in mano alle milizie estremiste di Tripoli e Misurata.<\/p>\n<p>Non \u00e8 ancora chiaro quale sar\u00e0 la scelta del Cds. Forse si stabilir\u00e0 in alto mare un embargo navale selettivo contro specifiche imbarcazioni sospette segnalate dal governo di Tobruk, simile a quello della Ris. 2146 (2014).<\/p>\n<p>Il blocco di singole zone costiere non sembra un&#8217;opzione praticabile, a meno di non immaginare che sia Tobruk a decretarlo nell&#8217;ambito di quello che \u00e8 oramai un conflitto internazionale, dopo l&#8217;intervento militare dell&#8217;Egitto. Si pensi a quanto fatto da Israele nelle acque antistanti il Libano nel 2006 ed a Gaza nel 2009.<\/p>\n<p>L&#8217;embargo in alto mare ed il blocco costiero potrebbero integrasi. Cos\u00ec si realizzerebbe una sinergia tra Tobruk e l&#8217;alleato Egitto e le Forze che agiranno su autorizzazione del Cds. Le unit\u00e0 della Nato saranno certamente tra queste, ma \u00e8 auspicabile che esse si integrino, per la prima volta, con una componente navale europea. <\/p>\n<p>Anche altri attori mediterranei come la Tunisia o Israele potrebbero partecipare. Nulla esclude che la Russia intervenga unilateralmente, come avviene nel Corno d&#8217;Africa per l&#8217;antipirateria.<\/p>\n<p><b>Salvataggio migranti<\/b><br \/>Si potrebbero con il blocco navale fermare le partenze di migranti dalle coste libiche? La questione \u00e8 mal posta perch\u00e9 lo scopo di un blocco non \u00e8 questo, tenuto anche conto dei risvolti umanitari. Invece si deve parlare di espatri illegali, organizzati da avidi trafficanti su imbarcazioni non atte a navigare, che le autorit\u00e0 locali hanno il potere di impedire.<\/p>\n<p>Tali autorit\u00e0 (Tobruk ed il suo alleato?) potrebbero effettuare interventi di salvataggio nelle acque territoriali o nella zona Sar riportando i migranti in Libia in vista della loro successiva presentazione di richieste di asilo ad organismi internazionali presenti in loco.<\/p>\n<p>Eventuali soccorsi prestati in alto mare dalle Forze navali rientrerebbero invece nelle responsabilit\u00e0 dei singoli Stati di bandiera che poi dovrebbero trasportare i migranti in un idoneo &#8220;luogo sicuro&#8221; (ma quale, visto che solo l&#8217;Italia accetta di accoglierli?). Riaccompagnarli in Libia costituirebbe una violazione dei diritti di persone aventi titolo a protezione internazionale.<\/p>\n<p>Certo \u00e8 che una nuova risoluzione del Cds dedicata alla sicurezza marittima della Libia dovrebbe, questa volta, non tralasciare i problemi del traffico di esseri umani via mare.<\/p>\n<p>.<\/p>\n","protected":false},"excerpt":{"rendered":"<p>Si delinea l&#8217;azione internazionale contro l&#8217;anarchia delle coste libiche ed i connessi traffici illeciti di armi, petrolio ed esseri umani. L&#8217;opzione dell&#8217;embargo navale appare non pi\u00f9 rinviabile in quanto il controllo del mare \u00e8 un presupposto necessario dell&#8217;intervento sul suolo libico. Parecchi sono tuttavia i problemi tecnico-operativi relativi all&#8217;impiego di Forze navali sotto egida dell&#8217;Onu, [&hellip;]<\/p>\n","protected":false},"author":39,"featured_media":0,"comment_status":"closed","ping_status":"closed","sticky":false,"template":"","format":"standard","meta":{"footnotes":""},"categories":[9],"tags":[91,96,128,125,103],"_links":{"self":[{"href":"https:\/\/www.archivio-affarinternazionali.it\/archivio\/wp-json\/wp\/v2\/posts\/29890"}],"collection":[{"href":"https:\/\/www.archivio-affarinternazionali.it\/archivio\/wp-json\/wp\/v2\/posts"}],"about":[{"href":"https:\/\/www.archivio-affarinternazionali.it\/archivio\/wp-json\/wp\/v2\/types\/post"}],"author":[{"embeddable":true,"href":"https:\/\/www.archivio-affarinternazionali.it\/archivio\/wp-json\/wp\/v2\/users\/39"}],"replies":[{"embeddable":true,"href":"https:\/\/www.archivio-affarinternazionali.it\/archivio\/wp-json\/wp\/v2\/comments?post=29890"}],"version-history":[{"count":1,"href":"https:\/\/www.archivio-affarinternazionali.it\/archivio\/wp-json\/wp\/v2\/posts\/29890\/revisions"}],"predecessor-version":[{"id":63203,"href":"https:\/\/www.archivio-affarinternazionali.it\/archivio\/wp-json\/wp\/v2\/posts\/29890\/revisions\/63203"}],"wp:attachment":[{"href":"https:\/\/www.archivio-affarinternazionali.it\/archivio\/wp-json\/wp\/v2\/media?parent=29890"}],"wp:term":[{"taxonomy":"category","embeddable":true,"href":"https:\/\/www.archivio-affarinternazionali.it\/archivio\/wp-json\/wp\/v2\/categories?post=29890"},{"taxonomy":"post_tag","embeddable":true,"href":"https:\/\/www.archivio-affarinternazionali.it\/archivio\/wp-json\/wp\/v2\/tags?post=29890"}],"curies":[{"name":"wp","href":"https:\/\/api.w.org\/{rel}","templated":true}]}}