{"id":29920,"date":"2015-03-13T00:00:00","date_gmt":"2015-03-12T23:00:00","guid":{"rendered":"https:\/\/www.archivio-affarinternazionali.it\/archivio\/palestinesi-ipotetico-cuore-del-potere\/"},"modified":"2017-11-03T15:21:14","modified_gmt":"2017-11-03T14:21:14","slug":"palestinesi-ipotetico-cuore-del-potere","status":"publish","type":"post","link":"https:\/\/www.archivio-affarinternazionali.it\/archivio\/2015\/03\/palestinesi-ipotetico-cuore-del-potere\/","title":{"rendered":"Palestinesi, ipotetico cuore del potere"},"content":{"rendered":"<p>Immaginatevi questo scenario. Nella Knesset, il parlamento israeliano che a Gerusalemme Ovest sorge nel cuore amministrativo dello Stato ebraico, fra la grande menorah, il museo dei rotoli del Mar Morto e l\u2019ufficio del primo ministro, il terzo partito dopo Likud e laburisti (pi\u00f9 Tzipi Livni) \u00e8 quello degli arabi, cio\u00e8 dei palestinesi d\u2019Israele.<\/p>\n<p>La posizione gli consente di contribuire a indicare al capo dello Stato quale debba essere il primo partito a tentare di formare un governo.<\/p>\n<p>Pu\u00f2 inoltre chiedere e ottenere posti di potere fondamentali come le presidenze delle commissioni finanze e interni: quelle che ripartiscono le risorse del bilancio dello Stato, stabilendo anche quanto e come dare alla spesa per la difesa.<\/p>\n<p>Inoltre, immaginatevi che il giorno dopo le elezioni del 17 marzo Likud e laburisti scoprano di non aver vinto e di essere obbligati a condividere il potere in un esecutivo di unit\u00e0 nazionale.<\/p>\n<p>A questo punto quello degli arabi non \u00e8 solo il terzo partito, ma anche il primo dell\u2019opposizione: il suo capo \u00e8 il leader dell\u2019opposizione e la legge israeliana obbliga il primo ministro a informarlo regolarmente su ogni attivit\u00e0 del governo, sicurezza nazionale compresa.<\/p>\n<p>Se, per esempio, viene decisa ancora una guerra nella striscia di Gaza o una nuova occupazione militare di tutta la Cisgiordania, il premier Bibi Netanyahu deve illustrare i suoi piani al partito arabo.<\/p>\n<p>I palestinesi nel cuore del potere dello Stato degli ebrei, dunque.<\/p>\n<p><b>La miopia di Lieberman<\/b><br \/>L\u2019ipotetico scenario di un grande partito arabo \u00e8 diventato una possibilit\u00e0 concreta grazie alla miopia tribale di uno dei maggiori sostenitori dell\u2019imposizione della \u201cnatura ebraica\u201d d\u2019Israele e dell\u2019emarginazione della minoranza palestinese: Avigdor Lieberman, il ministro degli Esteri.<\/p>\n<p>Convinto di far sparire dalla Knesset i piccoli partiti arabi, qualche tempo fa Lieberman aveva proposto di alzare la soglia della percentuale di voto perch\u00e9 una forza politica sia rappresentata alla Knesset.<\/p>\n<p>Invece ha compiuto il miracolo di coalizzare i quattro partiti palestinesi rissosi, gelosi e miopi, che per oltre mezzo secolo avevano combattuto fra loro, prima che contro i governi sionisti, in nome di ideologie immutabili, divisioni religiose e personalismi di clan.<\/p>\n<p><b>Lista comune di Ayman Odeh<\/b><br \/>Il miracolo si chiama Lista Comune, composta dai quattro ininfluenti partiti che entravano e uscivano dalla Knesset senza lasciare un segno: Hadash, Balad, Lista araba unita e Ta\u2019al.<\/p>\n<p>In un parlamento con 120 deputati e una pletora di partiti minori, spaccature e secessioni, non \u00e8 cos\u00ec difficile diventare una forza politica fondamentale per il funzionamento del sistema. Basta controllare un blocco non inferiore a 12 e non superiore a 15 deputati per essere determinanti.<\/p>\n<p>Alle elezioni del 2013 i quattro partiti (dal 2006 Lista unita e Ta\u2019al si presentano insieme) avevano conquistato un totale di 11 seggi, ma solo il 56% degli arabi con diritto di voto era andato alle urne.<\/p>\n<p>Ayman Odeh, l\u2019avvocato di Haifa leader di Lista Comune, \u00e8 un musulmano educato in una scuola cristiana e si definisce ateo. Difficile descriverlo come un estremista religioso &#8211; soprattutto se paragonato a Naftali Bennet e ad altri esponenti della destra nazional-religiosa ebraica.<\/p>\n<p><b>La preoccupazione \u201cesistenziale\u201d di Israele<\/b><br \/>La principale preoccupazione \u201cesistenziale\u201d degli israeliani non \u00e8 sono Hamas, Hezbollah n\u00e9 il califfato. \u00c8 la demografia: l\u2019aumento costante della popolazione araba fra il Mediterraneo e il Giordano che rende insostenibile l\u2019occupazione dei Territori e rischia di snaturare l\u2019essenza democratica dello Stato d\u2019Israele.<\/p>\n<p>Per questo i governi laburisti avevano accelerato il processo di pace e un duro come Ariel Sharon ordinato il ritiro da Gaza: se un ictus non l\u2019avesse fermato, avrebbe continuato a smantellare colonie anche in Cisgiordania.<\/p>\n<p>Dimostrando una colossale miopia politica, gli unici a non aver mai approfittato dell\u2019arma demografica sono gli arabi d\u2019Israele, quei palestinesi che durante la guerra del 1947\/48 non erano fuggiti n\u00e9 erano stati cacciati dalle loro case.<\/p>\n<p>Oggi gli arabi israeliani sono pi\u00f9 del 20% degli oltre otto milioni di abitanti del Paese all\u2019interno delle frontiere del 1967. Sul piano elettorale non hanno per\u00f2 mai sfruttato la loro forza potenziale: il frazionismo e l\u2019assenteismo elettorale ne hanno sempre fatto una forza marginale della vita politica.<\/p>\n<p>Solo una volta, nel 1994, Yizhak Rabin ne chiese il sostegno parlamentare che fu incerto e ai limiti dell\u2019ostilit\u00e0,nonostante in gioco ci fosse il processo di pace.<\/p>\n<p>Nel 2013, in una lista comune con il partito di Lieberman, il Likud riusc\u00ec appena a superare di poco il 23% dei voti, conquistando 31 seggi. Il secondo partito, il sorprendente Yesh Atid, laico e moderato, ottenne il 14% e 19 seggi.<\/p>\n<p>Una forza elettorale araba coesa del 20% avrebbe la capacit\u00e0 di rivoluzionare dall\u2019interno il sistema politico israeliano pi\u00f9 di quanto, dall\u2019esterno, abbiano mai fatto in cinquant\u2019anni i palestinesi di Arafat, di Abu Mazen o di Hamas.<\/p>\n<p>. <\/p>\n<p><iframe loading=\"lazy\" width=\"806\" height=\"453\" src=\"https:\/\/www.youtube.com\/embed\/-KzPXlBBOf8\" frameborder=\"0\" allowfullscreen><\/iframe><\/p>\n","protected":false},"excerpt":{"rendered":"<p>Immaginatevi questo scenario. Nella Knesset, il parlamento israeliano che a Gerusalemme Ovest sorge nel cuore amministrativo dello Stato ebraico, fra la grande menorah, il museo dei rotoli del Mar Morto e l\u2019ufficio del primo ministro, il terzo partito dopo Likud e laburisti (pi\u00f9 Tzipi Livni) \u00e8 quello degli arabi, cio\u00e8 dei palestinesi d\u2019Israele. La posizione [&hellip;]<\/p>\n","protected":false},"author":39,"featured_media":0,"comment_status":"closed","ping_status":"closed","sticky":false,"template":"","format":"standard","meta":{"footnotes":""},"categories":[9],"tags":[85,95,99,115,158],"_links":{"self":[{"href":"https:\/\/www.archivio-affarinternazionali.it\/archivio\/wp-json\/wp\/v2\/posts\/29920"}],"collection":[{"href":"https:\/\/www.archivio-affarinternazionali.it\/archivio\/wp-json\/wp\/v2\/posts"}],"about":[{"href":"https:\/\/www.archivio-affarinternazionali.it\/archivio\/wp-json\/wp\/v2\/types\/post"}],"author":[{"embeddable":true,"href":"https:\/\/www.archivio-affarinternazionali.it\/archivio\/wp-json\/wp\/v2\/users\/39"}],"replies":[{"embeddable":true,"href":"https:\/\/www.archivio-affarinternazionali.it\/archivio\/wp-json\/wp\/v2\/comments?post=29920"}],"version-history":[{"count":1,"href":"https:\/\/www.archivio-affarinternazionali.it\/archivio\/wp-json\/wp\/v2\/posts\/29920\/revisions"}],"predecessor-version":[{"id":63129,"href":"https:\/\/www.archivio-affarinternazionali.it\/archivio\/wp-json\/wp\/v2\/posts\/29920\/revisions\/63129"}],"wp:attachment":[{"href":"https:\/\/www.archivio-affarinternazionali.it\/archivio\/wp-json\/wp\/v2\/media?parent=29920"}],"wp:term":[{"taxonomy":"category","embeddable":true,"href":"https:\/\/www.archivio-affarinternazionali.it\/archivio\/wp-json\/wp\/v2\/categories?post=29920"},{"taxonomy":"post_tag","embeddable":true,"href":"https:\/\/www.archivio-affarinternazionali.it\/archivio\/wp-json\/wp\/v2\/tags?post=29920"}],"curies":[{"name":"wp","href":"https:\/\/api.w.org\/{rel}","templated":true}]}}