{"id":30170,"date":"2015-04-01T00:00:00","date_gmt":"2015-03-31T22:00:00","guid":{"rendered":"https:\/\/www.archivio-affarinternazionali.it\/archivio\/euroscetticismo-il-boom-e-il-flop\/"},"modified":"2017-11-03T15:21:07","modified_gmt":"2017-11-03T14:21:07","slug":"euroscetticismo-il-boom-e-il-flop","status":"publish","type":"post","link":"https:\/\/www.archivio-affarinternazionali.it\/archivio\/2015\/04\/euroscetticismo-il-boom-e-il-flop\/","title":{"rendered":"Euroscetticismo: il boom e il flop"},"content":{"rendered":"<p>Le recenti elezioni amministrative in Francia e Spagna sono state viste come un nuovo momento di scontro tra forze filoeuropee ed euroscettiche. E, stando ai risultati, i partiti anti-europei in quei due Paesi sono lontani dal prevalere.<\/p>\n<p>L\u2019effettiva portata dell\u2019ondata euroscettica era gi\u00e0 chiara dai risultati delle elezioni al Parlamento europeo, quando i partiti contrari o critici sul progetto di integrazione hanno raccolto 140 seggi su 751. <\/p>\n<p>Ma se nell\u2019Assemblea di Strasburgo gli euroscettici hanno ancora un ruolo marginale, la loro ondata ha invece preso il sopravvento in Grecia, dove, il 25 gennaio, Syriza, il partito di sinistra radicale di Alexis Tsipras, ha vinto le elezioni con il 36,34% dei voti.<\/p>\n<p><b>Francia: Sarkozy torna e fa meglio della Le Pen<\/b><br \/>In Francia, le elezioni amministrative del 22 e 29 marzo hanno vistol&#8217;Unione per un Movimento popolare (Ump), il partito di centro-destra guidato dall\u2019ex presidente Nicolas Sarkozy, superare il Front National (Fn) anche grazie a un ulteriore spostamento \u2018a destra\u2019 del programma elettorale, in particolare su alcune questioni rilevanti come l\u2019immigrazione.<\/p>\n<p>Malgrado i risultati incoraggianti ottenuti nel primo turno (25,19% dei voti), alla fine il Front National guidato da Marine le Pen non \u00e8 stato in grado di conquistare la vittoria in nessun Dipartimento, ottenendo solo 62 consiglieri provinciali. Un numero certamente modesto, anche se rappresenta un risultato senza precedenti per il partito anti-immigrazione e anti-Unione. <\/p>\n<p>Il Fn consolida il proprio ruolo politico e rafforza la propria legittimit\u00e0 in vista delle elezioni regionali di fine anno e delle presidenziali 2017. Esce sconfitto il Partito socialista guidato dal presidente Fran\u00e7ois Hollande, che mantiene la maggioranza solo nel sud-ovest del Paese.<\/p>\n<p><b>Spagna: i socialisti tengono, Podemos non sfonda<\/b><br \/>Se la svolta elettorale a destra viene attribuita in Francia alla pesante crisi economica, analoga tendenza non si manifesta in Spagna. Le elezioni del Parlamento andaluso hanno visto la vittoria del Partito Socialista Spagnolo (Psoe), che guida la regione da 33 anni e dal 2012 gestisce un governo di coalizione.<\/p>\n<p>Diversamente dalla Francia, il partito di centro destra, Partido Popular (PP), che nel 2012 aveva ottenuto la maggioranza come singolo partito (40,6%), \u00e8 uscito battuto, con soloil 26,7% dei voti. E anche in Andalusia la rivolta euroscettica non s\u2019\u00e8 materializzata.<\/p>\n<p>Nonostante in un sondaggio pubblicato il 9 marzo El Pais indicasse il partito euro critico Podemos come possibile vincitore, i 6,5 milioni di votanti della regione hanno deciso il contrario. Podemos ha comunque ottenuto il 15% dei voti (15 seggi) imponendosi come terza forza e innescando la fine del bipolarismo spagnolo. <\/p>\n<p>Cos\u00ec, se il risultato andaluso non sconvolge la scena politica nazionale, certamente provoca un duro scossone al sistema partitico tradizionale, in vista sia delle politiche di novembre che delle amministrative di maggio, quando si voter\u00e0 in altre 13 comunit\u00e0 autonome.<\/p>\n<p><b>Europa: svanito il consenso generalizzato<\/b><br \/>Se l\u2019ondata euroscettica non s\u2019\u00e8 ancora abbattuta sui Parlamenti nazionali di Francia e Spagna (e forse non si abbatter\u00e0 mai), non bisogna per\u00f2 sottovalutare i segnali di insofferenza da parte dei cittadini. I risultati elettorali francese e andaluso evidenziano una parziale perdita di consenso dei partiti tradizionali, legata soprattutto ad un diffuso malessere sociale, e la fine del consenso generalizzato verso il progetto d\u2019integrazione europea.<\/p>\n<p>Certamente il superamento della crisi aumenter\u00e0 il favore verso l\u2019Ue. Ma, con una crescita del Pil pari a 0 nel 2013 e a 1,4 nel 2014, la recessione dell\u2019eurozona non \u00e8 di sicuro ancora un ricordo. <\/p>\n<p>In questo contesto, il sostegno ricevuto dai partiti euroscettici, seppur contenuto e spesso legato ad una logica populista, non deve essere sottovalutato. I risultati conseguiti non possono infatti essere liquidati come un mero flop, perch\u00e9 segnano comunque un rafforzamento istituzionale delle forze anti-europee nelle arene nazionali.<\/p>\n<p>.<\/p>\n","protected":false},"excerpt":{"rendered":"<p>Le recenti elezioni amministrative in Francia e Spagna sono state viste come un nuovo momento di scontro tra forze filoeuropee ed euroscettiche. E, stando ai risultati, i partiti anti-europei in quei due Paesi sono lontani dal prevalere. L\u2019effettiva portata dell\u2019ondata euroscettica era gi\u00e0 chiara dai risultati delle elezioni al Parlamento europeo, quando i partiti contrari [&hellip;]<\/p>\n","protected":false},"author":39,"featured_media":0,"comment_status":"closed","ping_status":"closed","sticky":false,"template":"","format":"standard","meta":{"footnotes":""},"categories":[9],"tags":[85,140],"_links":{"self":[{"href":"https:\/\/www.archivio-affarinternazionali.it\/archivio\/wp-json\/wp\/v2\/posts\/30170"}],"collection":[{"href":"https:\/\/www.archivio-affarinternazionali.it\/archivio\/wp-json\/wp\/v2\/posts"}],"about":[{"href":"https:\/\/www.archivio-affarinternazionali.it\/archivio\/wp-json\/wp\/v2\/types\/post"}],"author":[{"embeddable":true,"href":"https:\/\/www.archivio-affarinternazionali.it\/archivio\/wp-json\/wp\/v2\/users\/39"}],"replies":[{"embeddable":true,"href":"https:\/\/www.archivio-affarinternazionali.it\/archivio\/wp-json\/wp\/v2\/comments?post=30170"}],"version-history":[{"count":1,"href":"https:\/\/www.archivio-affarinternazionali.it\/archivio\/wp-json\/wp\/v2\/posts\/30170\/revisions"}],"predecessor-version":[{"id":62458,"href":"https:\/\/www.archivio-affarinternazionali.it\/archivio\/wp-json\/wp\/v2\/posts\/30170\/revisions\/62458"}],"wp:attachment":[{"href":"https:\/\/www.archivio-affarinternazionali.it\/archivio\/wp-json\/wp\/v2\/media?parent=30170"}],"wp:term":[{"taxonomy":"category","embeddable":true,"href":"https:\/\/www.archivio-affarinternazionali.it\/archivio\/wp-json\/wp\/v2\/categories?post=30170"},{"taxonomy":"post_tag","embeddable":true,"href":"https:\/\/www.archivio-affarinternazionali.it\/archivio\/wp-json\/wp\/v2\/tags?post=30170"}],"curies":[{"name":"wp","href":"https:\/\/api.w.org\/{rel}","templated":true}]}}