{"id":34770,"date":"2016-06-01T00:00:00","date_gmt":"2016-05-31T22:00:00","guid":{"rendered":"https:\/\/www.archivio-affarinternazionali.it\/archivio\/riforma-costituzione-e-potere-estero-dello-stato\/"},"modified":"2017-11-03T15:16:34","modified_gmt":"2017-11-03T14:16:34","slug":"riforma-costituzione-e-potere-estero-dello-stato","status":"publish","type":"post","link":"https:\/\/www.archivio-affarinternazionali.it\/archivio\/2016\/06\/riforma-costituzione-e-potere-estero-dello-stato\/","title":{"rendered":"Riforma Costituzione e potere estero dello stato"},"content":{"rendered":"<p>Delle norme interessanti il diritto internazionale e il potere estero inserite nella Legge costituzionale di superamento del bicameralismo paritario e revisione del Titolo V della Costituzione <a href= \"https:\/\/www.archivio-affarinternazionali.it\/archivio\/articolo.asp?ID=2620\" target= \"blank\"><b><u>avevamo gi\u00e0 dato notizia<\/u><\/b><\/a> qualche tempo fa quando il disegno di legge era ancora in fieri. <\/p>\n<p>Non molto \u00e8 mutato dopo l\u2019approvazione della Legge, ma occorre effettuare una ricognizione, allo scopo di contribuire ad un dibattito che purtroppo \u00e8 estremamente politicizzato, in vista del referendum confermativo di ottobre, e trascura di esaminare i contenuti della Legge. Tra l\u2019altro il confronto sulle trasformazioni che investono il potere estero dello stato \u00e8 completamente assente (o quasi).<\/p>\n<p>I cardini della riforma costituzionale riguardano la trasformazione del Senato in Camera delle autonomie e il ridimensionamento delle competenze regionali con il rafforzamento delle competenze statali e la cancellazione delle competenze concorrenti stato-regione. Quanto alla funzione legislativa, questa viene esercitata dalla Camera dei Deputati, ma con vari correttivi a favore del Senato delle Autonomie. <\/p>\n<p>Il bicameralismo perfetto rimane invece per talune materie, tra cui, per quello che qui interessa, le leggi relative alla partecipazione dell\u2019Italia alla formazione e attuazione delle normative e politiche dell\u2019Unione, Ue.<\/p>\n<p>Il tutto si ripercuote sulla gestione del potere estero. Talune modifiche sono meramente consequenziali, altre invece lo sono meno. Inoltre vanno segnalate lacune, gi\u00e0 presenti nel nostro ordinamento costituzionale, che la legge di riforma ha omesso di colmare.<\/p>\n<p><b>Le modifiche consequenziali<\/b><br \/>Quanto alle modifiche consequenziali, viene in primo luogo in considerazione la \u201cdichiarazione di guerra\u201d, che a norma dell\u2019art. 78 Cost. \u00e8 deliberata dalle Camere. La Legge di revisione stabilisce che la dichiarazione e il conferimento al Governo dei poteri necessari siano prerogative della sola Camera dei Deputati, che delibera a maggioranza assoluta, cio\u00e8 sul totale dei deputati pari a 316 voti (ovviamente viene modificato anche l\u2019art. 87, nono comma, per cui il Presidente della Repubblica dichiara lo stato di guerra deliberato dalla sola Camera). <\/p>\n<p>Non si tratta quindi di rendere pi\u00f9 facile la dichiarazione di guerra, com\u2019\u00e8 stato erroneamente sostenuto, ma piuttosto di rimarcare che ormai gli attuali conflitti difficilmente possono essere definiti guerra in senso tecnico ed occorre invece disciplinare l\u2019invio di truppe all\u2019estero. Un\u2019occasione mancata, nonostante sia pendente in Parlamento una proposta di legge organica concernente la partecipazione dell\u2019Italia alle missioni internazionali, approvata con modifiche dal Senato il 9 marzo 2016 e trasmessa di nuovo alla Camera.<\/p>\n<p>I disegni di legge di autorizzazione alla ratifica dei trattati restano di competenza della sola Camera dei Deputati, che procede alla loro approvazione in via definitiva, tranne quelli relativi ai trattati che riguardano l\u2019appartenenza dell\u2019Italia all\u2019Ue, che rimangono di competenza di entrambe le Camere (modifica che si riverbera sulla dizione dell\u2019art. 87 Cost., ottavo comma, relativo al potere presidenziale di ratifica dei trattati). <\/p>\n<p>Qui vedo due problemi. Il primo riguarda i trattati che interessano il potere estero delle regioni, ad es. di quelli che disciplinano la cooperazione transfrontaliera. Perch\u00e9 affidare il disegno di legge alla sola competenza della Camera (con la partecipazione del Senato solo residuale)? <\/p>\n<p>Il secondo riguarda i trattati negoziati nel quadro Ue, ma formalmente autonomi, tipo il <i>Fiscal Compact<\/i>. In tal caso la competenza \u00e8 della sola Camera dei deputati oppure anche del Senato delle autonomie? Probabilmente sono quesiti superabili in via interpretativa. Ci\u00f2 che non \u00e8 possibile, invece, per alcune evidenti omissioni della Legge costituzionale. Mi riferisco alla legittimit\u00e0 dei trattati in forma semplificata, che entrano in vigore con la sola firma dell\u2019esecutivo, e alla provvisoria esecuzione dei trattati internazionali in attesa del formale procedimento di ratifica. La Legge costituzionale non si \u00e8 nemmeno preoccupata di risolvere la questione dell\u2019efficacia dei trattati nel nostro ordinamento una volta ratificati, escludendo la necessit\u00e0 di adottare in ogni caso una legge di esecuzione.<\/p>\n<p><b>Referendum e trattati internazionali<\/b><br \/>Viene ribadita l\u2019inammissibilit\u00e0 del referendum abrogativo per le leggi di autorizzazione alla ratifica dei trattati internazionali.  Quid per il referendum propositivo o di indirizzo prima della ratifica? La prassi dei paesi europei attesta che un tale referendum \u00e8 una conquista democratica da esercitare in relazione ai pi\u00f9 importanti trattati internazionali. <\/p>\n<p>All\u2019art. 71 Cost. \u00e8 stato aggiunto un nuovo comma in materia di referendum propositivo e di indirizzo, la cui disciplina \u00e8 rinviata all\u2019adozione di un\u2019apposita legge costituzionale. Potr\u00e0 tale legge disciplinare anche la questione del referendum dei trattati internazionali,  non ancora oggetto di legge di autorizzazione alla ratifica?<\/p>\n<p><b>I rapporti con l\u2019Ue<\/b><br \/>Per quanto riguarda l\u2019art. 117 Cost., a parte la toeletta istituzionale operata sostituendo \u201cComunit\u00e0 europee\u201d con la dizione \u201cUnione europea\u201d, resta formalmente intatta la supremazia rispetto alla legge ordinaria dei trattati ratificati dall\u2019Italia e del diritto Ue. Il diritto comunitario pu\u00f2 addirittura derogare le stesse norme costituzionali, tranne quelle contenenti principi fondamentali o poste a tutela dei diritti inviolabili della persona umana. <\/p>\n<p>Sul punto, il legislatore non ha fortunatamente accolto le sirene isolazioniste. Resta formalmente immutata anche la competenza delle regioni alla conclusione di accordi ed intese, e alla loro attuazione, inclusa quella della legislazione Ue. Tuttavia, essendo le competenze regionali fortemente erose a favore di quelle esclusive dello stato, ne risulta ridimensionata la competenza regionale sotto il profilo sostanziale anche in materia di rapporti internazionali, inclusi quelli con l\u2019Ue.<\/p>\n<p><b>Un&#8217;occasione perduta<\/b><br \/>Per quanto riguarda il potere estero e i rapporti internazionali dello stato, la riforma costituzionale \u00e8 un mero adattamento delle norme preesistenti ad un procedimento legislativo che privilegia la Camera dei deputati, ma non si \u00e8 colta l\u2019occasione per regolare una serie di questioni che sono emerse nella prassi applicativa durante i decenni passati. Tra l\u2019altro la questione del referendum propositivo e di indirizzo resta ancora sospesa essendo demandata a una futura legge costituzionale e non \u00e8 dato sapere se questa potr\u00e0 includere anche la partecipazione a trattati internazionali che abbiano un grande impatto per la vita della nazione.<\/p>\n<p>Si \u00e8 voluto invece enfatizzare il ruolo del Senato, anche per la funzione di raccordo tra Stato e Ue, lasciando di conseguenza intatto il bicameralismo perfetto per le leggi interessanti l\u2019Ue. Le conseguenze non sono di poco momento. Si prenda ad esempio una legge che disponga l\u2019invio di missioni militari all\u2019estero, cos\u00ec come prefigurato dalla normativa attualmente in discussione in Parlamento. Se l\u2019operazione avviene nel quadro Nazioni Unite, Nato o <i>coalition of the willing<\/i>, si dovr\u00e0 provvedere con legge della Camera (con i correttivi a favore del Senato di cui si \u00e8 detto). Invece per una missione decisa dall\u2019Ue, si dovr\u00e0 agire mediante l\u2019adozione di una legge improntata al bicameralismo perfetto. Non c\u2019\u00e8 da spendere molte parole per dimostrare come questo risultato sia a dir poco stravagante!<\/p>\n<p>.<\/p>\n","protected":false},"excerpt":{"rendered":"<p>Delle norme interessanti il diritto internazionale e il potere estero inserite nella Legge costituzionale di superamento del bicameralismo paritario e revisione del Titolo V della Costituzione avevamo gi\u00e0 dato notizia qualche tempo fa quando il disegno di legge era ancora in fieri. Non molto \u00e8 mutato dopo l\u2019approvazione della Legge, ma occorre effettuare una ricognizione, [&hellip;]<\/p>\n","protected":false},"author":39,"featured_media":0,"comment_status":"closed","ping_status":"closed","sticky":false,"template":"","format":"standard","meta":{"footnotes":""},"categories":[9],"tags":[84,96,140,189],"_links":{"self":[{"href":"https:\/\/www.archivio-affarinternazionali.it\/archivio\/wp-json\/wp\/v2\/posts\/34770"}],"collection":[{"href":"https:\/\/www.archivio-affarinternazionali.it\/archivio\/wp-json\/wp\/v2\/posts"}],"about":[{"href":"https:\/\/www.archivio-affarinternazionali.it\/archivio\/wp-json\/wp\/v2\/types\/post"}],"author":[{"embeddable":true,"href":"https:\/\/www.archivio-affarinternazionali.it\/archivio\/wp-json\/wp\/v2\/users\/39"}],"replies":[{"embeddable":true,"href":"https:\/\/www.archivio-affarinternazionali.it\/archivio\/wp-json\/wp\/v2\/comments?post=34770"}],"version-history":[{"count":1,"href":"https:\/\/www.archivio-affarinternazionali.it\/archivio\/wp-json\/wp\/v2\/posts\/34770\/revisions"}],"predecessor-version":[{"id":61532,"href":"https:\/\/www.archivio-affarinternazionali.it\/archivio\/wp-json\/wp\/v2\/posts\/34770\/revisions\/61532"}],"wp:attachment":[{"href":"https:\/\/www.archivio-affarinternazionali.it\/archivio\/wp-json\/wp\/v2\/media?parent=34770"}],"wp:term":[{"taxonomy":"category","embeddable":true,"href":"https:\/\/www.archivio-affarinternazionali.it\/archivio\/wp-json\/wp\/v2\/categories?post=34770"},{"taxonomy":"post_tag","embeddable":true,"href":"https:\/\/www.archivio-affarinternazionali.it\/archivio\/wp-json\/wp\/v2\/tags?post=34770"}],"curies":[{"name":"wp","href":"https:\/\/api.w.org\/{rel}","templated":true}]}}