{"id":65034,"date":"2017-06-18T18:10:19","date_gmt":"2017-06-18T16:10:19","guid":{"rendered":"https:\/\/www.archivio-affarinternazionali.it\/archivio\/?p=65034"},"modified":"2017-11-03T15:11:28","modified_gmt":"2017-11-03T14:11:28","slug":"migranti-melilla-minaccia-la-sicurezza-internazionale","status":"publish","type":"post","link":"https:\/\/www.archivio-affarinternazionali.it\/archivio\/2017\/06\/migranti-melilla-minaccia-la-sicurezza-internazionale\/","title":{"rendered":"Migranti: Melilla minaccia la sicurezza internazionale"},"content":{"rendered":"<p>La cattiva gestione dei migranti a Melilla rappresenta per la sicurezza internazionale una concreta minaccia di medio-lungo termine perch\u00e9 offre la possibilit\u00e0 ad alcuni soggetti &#8211; divenuti ostili verso l\u2019Occidente &#8211; di\u2019introdursi irregolarmente in Europa.<\/p>\n<p>Nell\u2019ottica di una sicurezza effettiva, bisognerebbe considerare la crisi migratoria nella sua dinamicit\u00e0 e nella sua capacit\u00e0 a resistere nel tempo, piuttosto che considerarla destinata ad esaurirsi terminata la fase di prima emergenza. Qualsiasi sia l\u2019azione che verr\u00e0 intrapresa per il contenimento dei migranti, si dovrannogarantire delle condizioni favorevoli perch\u00e9 un soggetto, \u2018vessato\u2019durante la prima accoglienza, si riveler\u00e0, in seguito, un soggetto \u2018critico\u2019.<\/p>\n<p><b>Dove e come intervenire per prevenire<\/b><br \/>\nIl primo intervento per contenere la vulnerabilit\u00e0 della macchina dell\u2019accoglienza a Melilla deve essere effettuato sul sistema di monitoraggio dei migranti presenti nell\u2019enclave che, attualmente, ha forti lacune (1).<\/p>\n<p>Colmarle, consentirebbe di agire contemporaneamente su due fronti: quello dei diritti umani, perch\u00e9, con un attento censimento dei migranti, si potrebbero intraprendere soluzioni mirate al miglioramento delle loro condizioni di vita; e quello della sicurezza, perch\u00e9 si potrebbe sviluppare, in tempi rapidi, un\u2019attivit\u00e0 di prevenzione ad hoc basata sull\u2019analisi delle informazioni sui singoli soggetti.<\/p>\n<p>Fonti che operano nell\u2019ambito del locale apparato di assistenza sociale (2) riportano che in alcuni migranti di fede musulmana, soprattutto adolescenti, \u00e8 stata riscontrata una capacit\u00e0 di riscoperta dell\u2019islam radicale direttamente proporzionale alla crescente condizione di disagio e di esclusione dal tessuto sociale cittadino vissuta.<\/p>\n<p><b>Un rapporto diretto tra disillusione e radicalizzazione<\/b><br \/>\nQuesti ragazzi, delusi in generale dall\u2019Europa che non riesce a garantire loro gli standard minimi per una vita dignitosa, e delusi in particolare dalle autorit\u00e0 preposte, che li trattengono nei centri di accoglienza come fossero dei carcerati &#8211; considerate, peraltro, le pregressesituazioni di sofferenza da cui provengono -, scelgono di rifugiarsi nella religione, travisandone anche il significato, purch\u00e9 risponda al desiderio di riscatto.<\/p>\n<p>Un processo mentale tutt\u2019altro che nuovo se si considerano i pi\u00f9 recenti attacchi jihadisti in Europa,che poco hanno a che vedere con lo scenario terroristico del teatro mediorientale, costituendo piuttosto il risultato di una mancata inclusione di autoctoni (3).<\/p>\n<p>Quindi, pur non intendendo dire che i migranti musulmani che vivono una condizione di stress diventeranno inevitabilmente dei jihadisti, ma sapendo bene che la sicurezza si realizza in buona parte con l\u2019attivit\u00e0 di prevenzione, \u00e8 necessario che il sistema di gestione dei migranti a Melilla sia adeguatamente attuato.<\/p>\n<p><b>La situazione a Melilla oggi<\/b><br \/>\nMelilla, nonostante sia da anni tra le mete pi\u00f9 utilizzate dai flussi di migranti, non \u00e8 ancora in grado d\u2019offrire un sistema di accoglienza idoneo (4) a rispondere all\u2019ingente e, sempre pi\u00f9 crescente, domanda di individui richiedenti asilo. Una cattiva gestione da parte delle istituzioni preposte che si traduce in una costante situazione di tensione.<\/p>\n<p>I centri di accoglienza per i minori non hanno, infatti, abbastanza posti per tutti i richiedenti che, essendo costretti a dormire persino per terra, in condizioni igieniche assolutamente precarie, preferiscono farlo per strada. Ed \u00e8 proprio qui, per la strada, che nascono le tensioni quotidiane tra i migranti e i cittadini di Melilla: la stessa strada che senza filtri \u00e8 diventata, per un centinaio di giovani (5), una dimensione ostile, una realt\u00e0 che a volte come unica scelta non lascia che la violazione delle regole.<\/p>\n<p><b>Il fenomeno del \u2018Riski\u2019, tentativi disperati<\/b><br \/>\nL\u2019espressione pi\u00f9 nota del disagio di strada \u00e8 il cosiddetto \u2018Riski\u2019, che non \u00e8 altro che il tentativo disperato di chi \u00e8 stanco, l\u2019estrema prova di chi non ha pi\u00f9 fiducia nelle istituzioni, ma ha, tuttavia, ancora la forza di lottare. Esso consiste nel tentativo di imbarcarsi irregolarmente sulle navi ormeggiate nel porto di Melilla con la speranza di non essere scoperti e di giungere al porto di Malaga o di altre citt\u00e0 della penisola iberica (6).<\/p>\n<p>Ogni settimana, si stima che circa tre soggetti, minori e non, riescano ad introdursi irregolarmente in Europa con il \u2018Riski\u2019 (7). Un fenomeno &#8211; questo &#8211; che non pu\u00f2 e non deve lasciare indifferenti le istituzioni pubbliche. La cattiva gestione della criticit\u00e0 migratoria, nel momento in cui si realizza l\u2019ingresso irregolare in territorio europeo di soggetti non identificati, non rimane pi\u00f9 isolata alla violazione, seppur insostenibile, dei diritti umani, ma si ripresenta in veste di \u201cnuova minaccia\u201d per la sicurezza.<\/p>\n<p><span style=\"font-size: xx-small;\">(1) Rodrigo Gonz\u00e1lez de Heredia, Isabel D\u00edaz Velasco, Alvaro P\u00e9rez Fern\u00e1ndez, Mar Toharia y Violeta Assiego, Investigaci\u00f3n y Trabajo de campo Marco Russo, Informe RECHAZO y ABANDONO &#8211; Situaci\u00f3n de los ni\u00f1os que duermen en las calles de Melilla, Marzo 2017, Universidad Pontificia Comillas, (http:\/\/www.comillas.edu\/es\/catedra-santander-derecho-menores-publicaciones\/informe-rechazo-y-abandono-situacion-de-los-ninos-que-duermen-en-las-calles-de-melilla).<br \/>\n(2) Acquisizione informativa realizzata attraverso relazioni interpersonali effettuate durante il lavoro di ricerca sul campo.<br \/>\n(3) https:\/\/www.sicurezzanazionale.gov.it\/sisr.nsf\/wp-content\/uploads\/2017\/01\/Foreign-Fighters-italiani-Boncio.pdf.<br \/>\n(4) Cristina Manzanedo Negueruela, Nuria Ferr\u00e9 Trad, M\u00aa Jos\u00e9 Casta\u00f1o Reyes, Josep Buades Fuster SJ y Juan Iglesias Mart\u00ednez, Sin protecci\u00f3n en la frontera. Derechos Humanos en la Frontera Sur: entre Nador y Melilla, 2016, SJM-Espa\u00f1a e IUEM-Universidad Pontificia Comillas (http:\/\/www.sjme.org\/sjme\/item\/811-2016-05-23-07-07-52).<br \/>\n(5) Rodrigo Gonz\u00e1lez de Heredia, Isabel D\u00edaz Velasco, Alvaro P\u00e9rez Fern\u00e1ndez, Mar Toharia y Violeta Assiego, Investigaci\u00f3n y Trabajo de campo Marco Russo, Informe RECHAZO y ABANDONO &#8211; Situaci\u00f3n de los ni\u00f1os que duermen en las calles de Melilla, Marzo 2017, Universidad Pontificia Comillas, (http:\/\/www.comillas.edu\/es\/catedra-santander-derecho-menores-publicaciones\/informe-rechazo-y-abandono-situacion-de-los-ninos-que-duermen-en-las-calles-de-melilla).<br \/>\n(6) Rodrigo Gonz\u00e1lez de Heredia, Isabel D\u00edaz Velasco, Alvaro P\u00e9rez Fern\u00e1ndez, Mar Toharia y Violeta Assiego, Investigaci\u00f3n y Trabajo de campo Marco Russo, Informe RECHAZO y ABANDONO &#8211; Situaci\u00f3n de los ni\u00f1os que duermen en las calles de Melilla, Marzo 2017, Universidad Pontificia Comillas, (http:\/\/www.comillas.edu\/es\/catedra-santander-derecho-menores-publicaciones\/informe-rechazo-y-abandono-situacion-de-los-ninos-que-duermen-en-las-calles-de-melilla).<br \/>\n(7) Informazione rilevata durante l\u2019attivit\u00e0 di ricerca a Melilla<\/span>.<\/p>\n","protected":false},"excerpt":{"rendered":"<p>La cattiva gestione dei migranti a Melilla rappresenta per la sicurezza internazionale una concreta minaccia di medio-lungo termine perch\u00e9 offre la possibilit\u00e0 ad alcuni soggetti &#8211; divenuti ostili verso l\u2019Occidente &#8211; di\u2019introdursi irregolarmente in Europa. Nell\u2019ottica di una sicurezza effettiva, bisognerebbe considerare la crisi migratoria nella sua dinamicit\u00e0 e nella sua capacit\u00e0 a resistere nel [&hellip;]<\/p>\n","protected":false},"author":39,"featured_media":65667,"comment_status":"closed","ping_status":"closed","sticky":false,"template":"","format":"standard","meta":{"footnotes":""},"categories":[9],"tags":[91,165,153,140],"_links":{"self":[{"href":"https:\/\/www.archivio-affarinternazionali.it\/archivio\/wp-json\/wp\/v2\/posts\/65034"}],"collection":[{"href":"https:\/\/www.archivio-affarinternazionali.it\/archivio\/wp-json\/wp\/v2\/posts"}],"about":[{"href":"https:\/\/www.archivio-affarinternazionali.it\/archivio\/wp-json\/wp\/v2\/types\/post"}],"author":[{"embeddable":true,"href":"https:\/\/www.archivio-affarinternazionali.it\/archivio\/wp-json\/wp\/v2\/users\/39"}],"replies":[{"embeddable":true,"href":"https:\/\/www.archivio-affarinternazionali.it\/archivio\/wp-json\/wp\/v2\/comments?post=65034"}],"version-history":[{"count":1,"href":"https:\/\/www.archivio-affarinternazionali.it\/archivio\/wp-json\/wp\/v2\/posts\/65034\/revisions"}],"predecessor-version":[{"id":65036,"href":"https:\/\/www.archivio-affarinternazionali.it\/archivio\/wp-json\/wp\/v2\/posts\/65034\/revisions\/65036"}],"wp:featuredmedia":[{"embeddable":true,"href":"https:\/\/www.archivio-affarinternazionali.it\/archivio\/wp-json\/wp\/v2\/media\/65667"}],"wp:attachment":[{"href":"https:\/\/www.archivio-affarinternazionali.it\/archivio\/wp-json\/wp\/v2\/media?parent=65034"}],"wp:term":[{"taxonomy":"category","embeddable":true,"href":"https:\/\/www.archivio-affarinternazionali.it\/archivio\/wp-json\/wp\/v2\/categories?post=65034"},{"taxonomy":"post_tag","embeddable":true,"href":"https:\/\/www.archivio-affarinternazionali.it\/archivio\/wp-json\/wp\/v2\/tags?post=65034"}],"curies":[{"name":"wp","href":"https:\/\/api.w.org\/{rel}","templated":true}]}}