{"id":65196,"date":"2017-07-12T09:20:47","date_gmt":"2017-07-12T07:20:47","guid":{"rendered":"https:\/\/www.archivio-affarinternazionali.it\/archivio\/?p=65196"},"modified":"2017-11-03T15:11:13","modified_gmt":"2017-11-03T14:11:13","slug":"ue-gli-euro-incompatibili-aspiranti-varoufakis","status":"publish","type":"post","link":"https:\/\/www.archivio-affarinternazionali.it\/archivio\/2017\/07\/ue-gli-euro-incompatibili-aspiranti-varoufakis\/","title":{"rendered":"Ue: gli euro-incompatibili aspiranti Varoufakis"},"content":{"rendered":"<p>Sar\u00e0 merito di Trump, di Brexit, di Draghi che ha stabilizzato Brexit e posto le basi per una ripresa della crescita, o dell&#8217;arresto della marea populista in Olanda, Austria e Spagna: fatto sta che, dopo due anni d&#8217;immobilismo pre-elettorale, l&#8217;Europa ricomincia a muoversi. Soprattutto, la vittoria di Emmanuel Macron pu\u00f2 porre fine della sclerosi che ha caratterizzato la Francia negli ultimi anni, riequilibrare un po&#8217; il rapporto con la Germania e permettere al motore franco-tedesco di ripartire.<\/p>\n<p>Sorge spontanea la domanda: e l&#8217;Italia? Macron e Merkel non si stancano di affermare l&#8217;importanza del nostro apporto. Siamo un Paese fondatore, la terza economia dell&#8217;eurozona e il secondo per esportazioni e importanza della manifattura. La storia dell&#8217;integrazione europea \u00e8 disseminata di fondamentali, a volte risolutivi, contributi italiani.<\/p>\n<p>Attesi a braccia aperte, siamo tuttavia guardati con grande preoccupazione. Le debolezze strutturali che ci pongono ai margini della ripresa economica in atto sono troppo note perch\u00e9 sia necessario ricordarle. L&#8217;auspicato successo dell&#8217;ambizioso programma di riforme di Macron ci restituirebbe il poco invidiabile primo posto nella lista dei &#8216;grandi malati&#8217;. Preoccupa soprattutto lo stato della nostra politica. Siamo l&#8217;unico Paese in cui i sondaggi non hanno ancora registrato un mutamento di clima in favore dell&#8217;Ue. Siamo soprattutto l&#8217;unico Paese dell&#8217;eurozona con la prospettiva non solo teoriche di una maggioranza euroscettica nel prossimo Parlamento.<\/p>\n<p>Si potrebbe discettare a lungo sulle molteplici ragioni per cui il nostro rapporto con l&#8217;Europa ha cessato di funzionare e che ci hanno trasformato da euro-entusiasti in euroscettici.<\/p>\n<p><b>Impreparati a sederci al tavolo franco-tedesco<\/b><br \/>\nC&#8217;\u00e8 tuttavia la diffusa volont\u00e0 di &#8216;sederci al tavolo&#8217; del rinnovato dialogo franco-tedesco. Quanto si legge sulla stampa e si ascolta nelle dichiarazioni dei responsabili non incoraggia tuttavia a pensare che il Paese sia preparato a occupare quella sedia in modo efficace. Cercare di prevedere l&#8217;approdo finale della nuova fase che comincia per l&#8217;Ue \u00e8 in questo momento un esercizio sterile. Sono certe solo due cose. Da un lato la coppia franco-tedesca nutre ambizioni elevate. Dall&#8217;altro, il negoziato si muover\u00e0 entro limiti obiettivi di cui sarebbe irresponsabile non tenere conto.<\/p>\n<p>La differenza fondamentale fra immobilismo e movimento \u00e8 che nel primo caso tutto \u00e8 concesso. Si pu\u00f2 accusare l&#8217;Ue di tutti i mali e riempire il dibattito con il libro dei sogni di ci\u00f2 che l&#8217;Europa dovrebbe essere e fare, nella sicurezza che rester\u00e0 senza effetto; contrapporre il purgatorio di Bruxelles al paradiso di Ventotene. Quando le cose ricominciano a muoversi, la conseguenza \u00e8 che il possibile si rivela nelle sue vere, limitate dimensioni. A questo passaggio non sembriamo preparati: c&#8217;\u00e8 nel dibattito italiano sull&#8217;Europa un elemento d&#8217;irrealt\u00e0, di frustrazione, ma anche di compiacimento che si pu\u00f2 rivelare molto pericoloso.<\/p>\n<p>Guardando il dialogo franco-tedesco si dimentica troppo spesso che esso non si fonda su una spontanea convergenza d&#8217;interessi, ma su uno sforzo di volontarismo per superare profonde divergenze che dura a fasi alterne da pi\u00f9 di mezzo secolo. Si \u00e8 installata negli spiriti una strana alienazione dalla realt\u00e0 dei rapporti con i nostri principali partner che, nutrita da un diffuso anti-germanismo, porta molti a considerare preferibile rivolgersi a Trump e\/o a Putin piuttosto che a Bruxelles, Parigi e Berlino.<\/p>\n<p><b>Da euroscettici a euro-incompatibili<\/b><br \/>\nTuttavia, forse a causa dei sondaggi che nonostante tutto indicano una chiara opposizione all&#8217;uscita dall&#8217;euro, forse dopo il clamoroso flop della campagna sovranista di Marine Le Pen in Francia, forse per le evoluzioni in corso in Gran Bretagna, il clima \u00e8 cambiato e una certa opposizione frontale all&#8217;Europa sembra affievolirsi. L&#8217;atmosfera ora dominante \u00e8 che vogliamo restare nell&#8217;Ue e nell&#8217;euro, ma che chiediamo radicali cambiamenti. Fin qui niente di male, tutti convengono che l&#8217;Ue deve cambiare.<\/p>\n<p>In Italia, per\u00f2, le posizioni di gran parte dello schieramento politico cessano di essere euroscettiche solo per diventare &#8216;euro-incompatibili&#8217;. S&#8217;invoca a gran voce la &#8216;fine dell&#8217;austerit\u00e0&#8217;, dimenticando che l&#8217;Italia non l&#8217;ha mai veramente applicata. Si brandisce l&#8217;arma del rifiuto dell&#8217;incorporazione del Fiscal Compact nel Trattato, dimenticando che le misure concrete che vi sono incluse sono gi\u00e0 integrate nel diritto comunitario e in parte nella nostra stessa Costituzione. Il quadro diventa ancora pi\u00f9 inquietante se si esaminano i programmi con cui le forze politiche si preparano alla prossima campagna elettorale.<\/p>\n<p>A destra ci si gingilla con la proposta di una &#8216;moneta parallela&#8217; e ci si avvia verso un consenso per una forma di &#8216;flat tax&#8217; che, non accompagnata da una credibile riduzione della spesa, farebbe sicuramente saltare i conti pubblici; pericolo tanto pi\u00f9 concreto perch\u00e9 abbondano le promesse di ulteriori benefici a favore di varie categorie e anche lo snaturamento della riforma Fornero.<\/p>\n<p>A sinistra si chiede a gran voce lo scorporo degli investimenti dal Patto di Stabilit\u00e0 &#8211; misura non priva di saggezza anche se di difficile definizione -, ma si tace sul fatto che avrebbe come corollario che il saldo delle spese correnti, compreso il servizio del debito, dovrebbe essere rigorosamente zero. Si chiedono una patrimoniale, ovviamente gli eurobonds, altri importanti aumenti della spesa corrente, la reintroduzione dell&#8217;articolo 18, l&#8217;opposizione alla ratifica del Ceta [<i>l&#8217;accordo di libero scambio Ue-Canada, ndr<\/i>] e anche l\u00ec grandi passi indietro nella riforma delle pensioni. La peraltro timida stagione delle riforme strutturali \u00e8 derubricata, persino da alcuni dei suoi protagonisti, a un episodio del &#8216;fallimento del neo-liberismo&#8217;.<\/p>\n<p>I pentastellati navigano nell&#8217;abituale confusione, ma sembrano orientati e recepire gli elementi pi\u00f9 tossici dei programmi degli altri schieramenti. Per colmare la misura, da questo tripudio di propositi &#8216;euro-incompatibili&#8217; \u00e8 tutt&#8217;altro che immune il Pd nella persona del suo segretario: Matteo Renzi tende a dimenticare che i parametri di Maastricht, compreso quello sul debito, erano una camicia di forza pi\u00f9 soffocante del sistema che ne ha preso il posto e che va sotto il nome improprio di Fiscal Compact. Credere che oggi si possano discutere le regole solo per allentarle \u00e8 una pericolosa illusione.<\/p>\n<p><b>Tentazione di ricatto e mancanza di realismo<\/b><br \/>\nCi\u00f2 non vuol dire che dovremo essere semplici consumatori di decisioni altrui. Molte richieste che emergono dall&#8217;Italia sono giuste. Un esempio \u00e8 l&#8217;immigrazione, anche se poi la razionalit\u00e0 delle proposte si perde nella cacofonia di un dibattito interno emotivo, elettoralistico e sconnesso dalla realt\u00e0.<\/p>\n<p>Il problema \u00e8 la mancanza di una realistica strategia d&#8217;insieme. Come si spiega che, anche con la diffusa complicit\u00e0 dei media e nel colpevole silenzio di gran parte della classe dirigente, sia propinata all&#8217;opinione pubblica una dose cos\u00ec elevata di mancanza di realismo? La risposta si trova forse nell&#8217;illusione che la minaccia di Italexit sia talmente dirompente da convincere i nostri partner ad accedere alle richieste pi\u00f9 stravaganti. Si crea in questo modo nella testa degli italiani una pericolosa confusione fra essere &#8216;important&#8217; ed essere &#8216;indispensabili&#8217;.<\/p>\n<p>L&#8217;Ue \u00e8 fondata sulla costante ricerca di compromessi per tener conto delle esigenze di ciascuno, ma il sistema tende a reagire con durezza quando si vogliono mettere in discussione principi essenziali da cui dipende la coesione e la sopravvivenza dell&#8217;insieme.<\/p>\n<p>Questo modo fallimentare di affrontare il negoziato europeo ha precedenti illustri. La Gran Bretagna ha imparato a sue spese a pi\u00f9 riprese che \u00e8 impossibile bloccare la macchina quando c&#8217;\u00e8 una forte intesa franco-tedesca e il consenso degli altri. Pi\u00f9 di recente, Cameron, Tsipras e il suo ispiratore Varoufakis si sono presentati a Bruxelles sicuri che il ricatto di Brexit o di Grexit avrebbe piegato le resistenze. Sappiamo come and\u00f2 a finire.<\/p>\n<p>In Italia, fino a poco tempo fa la retorica &#8216;euro-incompatibile&#8217; era appannaggio solo di alcuni politici. Pi\u00f9 di recente, \u00e8 emersa in loro aiuto una schiera di brillanti e ambiziosi economisti. Il loro messaggio \u00e8 spesso contraddittorio, sempre irrealistico, ma fornisce ai populisti di varia estrazione la struttura concettuale di cui avevano bisogno. Se abbiamo molti aspiranti Varoufakis, non \u00e8 tuttavia ancora chiaro chi possano essere gli aspiranti Cameron e Tsipras: le persone decise a battersi i pugni sul petto a casa come i gorilla nel parco di Virunga ed a presentarsi poi al negoziato con l&#8217;intento di battere vigorosamente i pugni sul tavolo\u2026 Per tornare a Roma a mani vuote o quasi. Oppure, come Tsipras, per tornare portando con s\u00e9 sullo stesso aereo i membri della troika. Con quali conseguenze per il Paese \u00e8 facile immaginare.<\/p>\n","protected":false},"excerpt":{"rendered":"<p>Sar\u00e0 merito di Trump, di Brexit, di Draghi che ha stabilizzato Brexit e posto le basi per una ripresa della crescita, o dell&#8217;arresto della marea populista in Olanda, Austria e Spagna: fatto sta che, dopo due anni d&#8217;immobilismo pre-elettorale, l&#8217;Europa ricomincia a muoversi. Soprattutto, la vittoria di Emmanuel Macron pu\u00f2 porre fine della sclerosi che [&hellip;]<\/p>\n","protected":false},"author":39,"featured_media":65523,"comment_status":"closed","ping_status":"closed","sticky":false,"template":"","format":"standard","meta":{"footnotes":""},"categories":[9],"tags":[96,140],"_links":{"self":[{"href":"https:\/\/www.archivio-affarinternazionali.it\/archivio\/wp-json\/wp\/v2\/posts\/65196"}],"collection":[{"href":"https:\/\/www.archivio-affarinternazionali.it\/archivio\/wp-json\/wp\/v2\/posts"}],"about":[{"href":"https:\/\/www.archivio-affarinternazionali.it\/archivio\/wp-json\/wp\/v2\/types\/post"}],"author":[{"embeddable":true,"href":"https:\/\/www.archivio-affarinternazionali.it\/archivio\/wp-json\/wp\/v2\/users\/39"}],"replies":[{"embeddable":true,"href":"https:\/\/www.archivio-affarinternazionali.it\/archivio\/wp-json\/wp\/v2\/comments?post=65196"}],"version-history":[{"count":1,"href":"https:\/\/www.archivio-affarinternazionali.it\/archivio\/wp-json\/wp\/v2\/posts\/65196\/revisions"}],"predecessor-version":[{"id":65197,"href":"https:\/\/www.archivio-affarinternazionali.it\/archivio\/wp-json\/wp\/v2\/posts\/65196\/revisions\/65197"}],"wp:featuredmedia":[{"embeddable":true,"href":"https:\/\/www.archivio-affarinternazionali.it\/archivio\/wp-json\/wp\/v2\/media\/65523"}],"wp:attachment":[{"href":"https:\/\/www.archivio-affarinternazionali.it\/archivio\/wp-json\/wp\/v2\/media?parent=65196"}],"wp:term":[{"taxonomy":"category","embeddable":true,"href":"https:\/\/www.archivio-affarinternazionali.it\/archivio\/wp-json\/wp\/v2\/categories?post=65196"},{"taxonomy":"post_tag","embeddable":true,"href":"https:\/\/www.archivio-affarinternazionali.it\/archivio\/wp-json\/wp\/v2\/tags?post=65196"}],"curies":[{"name":"wp","href":"https:\/\/api.w.org\/{rel}","templated":true}]}}