{"id":65270,"date":"2017-03-29T11:03:20","date_gmt":"2017-03-29T09:03:20","guid":{"rendered":"https:\/\/www.archivio-affarinternazionali.it\/archivio\/?p=65270"},"modified":"2017-11-03T15:12:44","modified_gmt":"2017-11-03T14:12:44","slug":"futuro-della-penisola-coreana-litalia","status":"publish","type":"post","link":"https:\/\/www.archivio-affarinternazionali.it\/archivio\/2017\/03\/futuro-della-penisola-coreana-litalia\/","title":{"rendered":"Il futuro della penisola coreana e l\u2019Italia"},"content":{"rendered":"<p>C\u2019\u00e8 un film di Wim Wenders del 1993 il cui titolo \u2013 cos\u00ec lontano, cos\u00ec vicino &#8211; ben si addice alla relazione tra l\u2019Italia e la penisola coreana. Quest\u2019ultima \u00e8 infatti uno dei territori pi\u00f9 distanti da noi. Eppure \u00e8 proprio con una parte della penisola \u2013 la Corea del Sud \u2013 che l\u2019Italia e l\u2019Europa hanno stretto rapporti economici e politici tra i pi\u00f9 intensi al mondo.<\/p>\n<p>Seul \u00e8 stata infatti la prima capitale di un grande Paese industrializzato a siglare un accordo di libero scambio (<i>Free trade agreement<\/i>\u00a0\u2013 Fta) con l\u2019Ue nel luglio 2011. Da allora, l\u2019interscambio Ue-Corea del Sud \u00e8 in continuo aumento, anche perch\u00e9 dal 1? luglio 2016 i dazi all\u2019importazione sono stati eliminati su tutti i prodotti ad eccezione di un numero limitato di derrate agricole.<\/p>\n<p><b>Rapporti Corea del Sud-Ue sempre pi\u00f9 stretti<\/b><br \/>\nL\u2019interscambio bilaterale Italia-Corea del Sud \u00e8 cresciuto di conseguenza negli ultimi anni. Secondo i dati Ice, nel 2010 l\u2019interscambio complessivo era pari a 5,5 miliardi di euro con esportazioni italiane per 2,5 miliardi di euro. Nel 2015, l\u2019interscambio \u00e8 arrivato a 7,7 miliardi di euro e le nostre esportazioni sono salite oltre i 4,5 miliardi di euro, a dimostrazione del salto di qualit\u00e0 rappresentato dall\u2019accordo di libero scambio.<\/p>\n<p>I dati definitivi per il 2016, sebbene non ancora pubblicati, lasciano intravvedere un aumento ulteriore dell\u2019interscambio, in particolare nell\u2019alimentare e nella moda, ma anche in settori quali\u00a0<i>automotive<\/i>, macchine utensili, biomedicale e biotecnologie.<\/p>\n<p>Sull\u2019onda del successo dell\u2019accordo con la Corea del Sud, la Ue sta finalizzando un Fta con il Giappone (che si dovrebbe concludere quest\u2019anno), ha aperto le discussioni con l\u2019India e ha in corso negoziazioni con la Cina su un accordo sugli investimenti.<\/p>\n<p>La Corea del Sud ha pertanto fatto da apripista agli accordi commerciali tra la Ue e i grandi Paesi asiatici. Seul rappresenta \u2013 dopo Giappone, Cina e India &#8211; la quarta potenza economica dell\u2019Asia e la sesta potenza manifatturiera mondiale, avendo superato proprio l\u2019Italia nel 2010.<\/p>\n<p>Il legame tra Corea del Sud e Europa non \u00e8 solo economico, ma anche politico. Seul \u00e8 stata, infatti, la prima capitale sempre di un grande Paese industrializzato a siglare, nel 2015, un accordo con la Ue per la partecipazione alle missioni europee di gestione delle crisi, in particolare in Africa. Anche in questo caso, la Corea del Sud sta facendo da apripista per altri paesi asiatici.<\/p>\n<p>Questa luna di miele tra Ue e Seul richia, per\u00f2, di venire turbata da un terzo incomodo: Pyongyang.<\/p>\n<p><b>La minaccia nord-coreana<\/b><br \/>\nLa Corea del Sud si trova ora in uno stato di massima allerta, dopo che il 6 marzo, quattro missili sono stati lanciati simultaneamente dal sito militare di Tongchang-ri in Corea del Nord. Il lancio \u00e8 avvenuto in risposta all\u2019inizio delle annuali esercitazioni militari congiunte tra Stati Uniti e Corea del Sud, che da quarant\u2019anni si tengono solitamente in questo periodo e che Pyongyang vede come delle vere e proprie prove di invasione.<\/p>\n<p>Allo stesso tempo, Usa e Corea del Sud hanno trovato un accordo per l\u2019installazione dello scudo missilistico Thaad (Terminal High Altitude Area Defense), che avr\u00e0 il compito di neutralizzare la minaccia missilistica nordcoreana. Il test simultaneo di inizio marzo ha accelerato i piani di dispiegamento, a tal punto che le prime componenti dello scudo missilistico sono gi\u00e0 arrivate a Seul.<\/p>\n<p>Il tutto succede in un momento di grave crisi politica nel Sud, dopo che il 10 marzo \u2013 e dopo ben quattro mesi dallo scandalo che aveva portato la presidentessa Park Geun-hye alla messa in stato d\u2019accusa &#8211; la Corte costituzionale sudcoreana ha confermato con voto unanime le accuse mosse nei confronti della Park, obbligandola di fatto a rassegnare le proprie dimissioni.<\/p>\n<p>In un tale conteso, il 17 marzo \u00e8 avvenuta la visita di Rex Tillerson in Corea del Sud. Il segretario di Stato Usa ha voluto rassicurare l\u2019alleato, dichiarando che tutte le opzioni sono aperte (\u2018all options are on the table\u2019) nei confronti della Corea del Nord.<\/p>\n<p><b>Cosa pu\u00f2 fare l\u2019Italia<\/b><br \/>\nDi fronte alla minaccia nord-coreana e al dispiegamento del Thaad, non c\u2019\u00e8 molto che l\u2019Europa e l\u2019Italia possano fare, se non ricordare &#8211; come ha fatto l\u2019Alto Commissario Federica Mogherini in varie dichiarazioni nelle ultime settimane \u2013 la ferma condanna alle provocazioni provenienti da Pyongyang e l\u2019auspicio che si trovi una soluzione che garantisca pace e stabilit\u00e0 alla penisola coreana.<\/p>\n<p>Una cosa per\u00f2 il governo italiano pu\u00f2 fare. Ed \u00e8 di ricordarsi che la penisola coreana non \u00e8 cosi lontana, e che i missili nord-coreani colpiscono indirettamente anche noi, visto che minacciano la sicurezza di un Paese \u2013 la Corea del Sud &#8211; che \u00e8 sempre piu vicino a noi, sia economicamente, che politicamente.<\/p>\n<p>In qualit\u00e0 di membro del club del G7, l\u2019Italia deve sforzarsi \u2013 nonostante il provincialismo della maggioranza della classe politica italiana \u2013 a pensare in maniera globale. Perche se \u00e8 vero che Roma pu\u00f2 fare poco, \u00e8 altrettanto vero che, anche solo mantenendo l\u2019attenzione viva sulla crisi che attanaglia la penisola coreana, l\u2019Italia d\u00e0 il suo contributo alla questione. In tal senso il 30 marzo lo IAI organizza a Firenze una conferenza su\u00a0<a href=\"http:\/\/www.iai.it\/sites\/default\/files\/korea_170330-fi.pdf\" target=\"blank\"><b><u>What Future for the Korean Peninsula?<\/u><\/b><\/a>.<\/p>\n","protected":false},"excerpt":{"rendered":"<p>C\u2019\u00e8 un film di Wim Wenders del 1993 il cui titolo \u2013 cos\u00ec lontano, cos\u00ec vicino &#8211; ben si addice alla relazione tra l\u2019Italia e la penisola coreana. Quest\u2019ultima \u00e8 infatti uno dei territori pi\u00f9 distanti da noi. Eppure \u00e8 proprio con una parte della penisola \u2013 la Corea del Sud \u2013 che l\u2019Italia e [&hellip;]<\/p>\n","protected":false},"author":39,"featured_media":0,"comment_status":"closed","ping_status":"closed","sticky":false,"template":"","format":"standard","meta":{"footnotes":""},"categories":[9],"tags":[396,409,96,140,109],"_links":{"self":[{"href":"https:\/\/www.archivio-affarinternazionali.it\/archivio\/wp-json\/wp\/v2\/posts\/65270"}],"collection":[{"href":"https:\/\/www.archivio-affarinternazionali.it\/archivio\/wp-json\/wp\/v2\/posts"}],"about":[{"href":"https:\/\/www.archivio-affarinternazionali.it\/archivio\/wp-json\/wp\/v2\/types\/post"}],"author":[{"embeddable":true,"href":"https:\/\/www.archivio-affarinternazionali.it\/archivio\/wp-json\/wp\/v2\/users\/39"}],"replies":[{"embeddable":true,"href":"https:\/\/www.archivio-affarinternazionali.it\/archivio\/wp-json\/wp\/v2\/comments?post=65270"}],"version-history":[{"count":1,"href":"https:\/\/www.archivio-affarinternazionali.it\/archivio\/wp-json\/wp\/v2\/posts\/65270\/revisions"}],"predecessor-version":[{"id":65271,"href":"https:\/\/www.archivio-affarinternazionali.it\/archivio\/wp-json\/wp\/v2\/posts\/65270\/revisions\/65271"}],"wp:attachment":[{"href":"https:\/\/www.archivio-affarinternazionali.it\/archivio\/wp-json\/wp\/v2\/media?parent=65270"}],"wp:term":[{"taxonomy":"category","embeddable":true,"href":"https:\/\/www.archivio-affarinternazionali.it\/archivio\/wp-json\/wp\/v2\/categories?post=65270"},{"taxonomy":"post_tag","embeddable":true,"href":"https:\/\/www.archivio-affarinternazionali.it\/archivio\/wp-json\/wp\/v2\/tags?post=65270"}],"curies":[{"name":"wp","href":"https:\/\/api.w.org\/{rel}","templated":true}]}}