{"id":65348,"date":"2017-06-01T16:04:45","date_gmt":"2017-06-01T14:04:45","guid":{"rendered":"https:\/\/www.archivio-affarinternazionali.it\/archivio\/?p=65348"},"modified":"2017-11-03T15:12:12","modified_gmt":"2017-11-03T14:12:12","slug":"francia-elezioni-piu-web-tv","status":"publish","type":"post","link":"https:\/\/www.archivio-affarinternazionali.it\/archivio\/2017\/06\/francia-elezioni-piu-web-tv\/","title":{"rendered":"Francia: elezioni, pi\u00f9 web che tv"},"content":{"rendered":"<p><span class=\"testo_articoli\">Che la competizione politica sia sempre pi\u00f9 incentrata sul campo di battaglia di internet e delle nuove tecnologie \u00e8 il pi\u00f9 grande segreto di Pulcinella del nostro tempo.<\/span><\/p>\n<p>Il contesto politico internazionale di questi mesi \u00e8 caratterizzato da una densa serie di tornate elettorali. Gli Stati Uniti, la Francia, il Regno Unito e la Germania, (quattro fra le sei maggiori economie mondiali) saranno tutti passati per le urne in poco pi\u00f9 di dieci mesi. A questi va poi aggiunta l\u2019evenienza ancora possibile di elezioni politiche anticipate in Italia.<\/p>\n<p>La prossimit\u00e0 temporale di questi appuntamenti democratici ha ulteriormente accentuato un fenomeno di interconnessione dei discorsi politici: quest\u2019anno pi\u00f9 che mai abbiamo assistito ad un interesse reciproco degli elettori per le scelte delle loro controparti straniere. Questo fenomeno ha certamente fra le sue concause l\u2019interdipendenza economica che \u00e8 emblema del nostro tempo, ma i fenomeni economici, mi si perdoni la tautologia, hanno ragioni di natura economica.<\/p>\n<p><b>L\u2019influenza dei social sul voto<\/b><br \/>\nQuello che sarebbe interessante osservare \u00e8 il modo in cui l\u2019interconnessione sociale dovuta ai social network e ad internet pi\u00f9 in generale sta influenzando questa serie di tornate elettorali. Concentriamoci, a titolo d\u2019esempio, sulle recenti elezioni francesi. In questi giorni il dibattito politico nella terra digitale d\u2019Oltralpe ha attraversato un periodo di relativa calma, non a causa di una distensione dei rapporti fra le forze politiche, quanto piuttosto per il fatto che ci si trova all\u2019interno di un occhio del ciclone elettorale, con le elezioni presidenziali appena concluse, e quelle legislative dell\u201911 e 18 giugno gi\u00e0 dietro l\u2019angolo.<\/p>\n<p>L\u2019importanza che il cyber-discorso politico ha raggiunto \u00e8 esemplificata da un dato su tutti, il tempo di parola concesso dai media tradizionali, quali radio e televisione. Secondo le rilevazioni del Csa (Conseil Sup\u00e9rieur de l\u2019Audiovisuel) i due candidati che hanno ricevuto il maggior numero di ore di attenzione da parte dei media tradizionali non sono riusciti ad approdare al secondo turno.<\/p>\n<p>Hamon, il candidato socialista, ha ricevuto solo un quarto dei voti di Macron, pur avendo avuto il 10% di tempo in pi\u00f9 del giovane centrista. Fillon, il candidato dei repubblicani, si \u00e8 classificato appena una manciata di voti al di sopra di M\u00e9lenchon, pur avendo potuto parlare quasi il doppio alla radio e in tv.<\/p>\n<p>I due candidati vincitori del primo round delle elezioni presidenziali, e che adesso si preparano alle legislative in veste, rispettivamente, di presidente &#8211; Emmanuel Macron &#8211; e di leader del principale partito d\u2019opposizione &#8211; Marine Le Pen -, sono invece stati costretti a basare la loro strategia su un pi\u00f9 pervasivo utilizzo dei social media, venendo ampiamente ricompensati da questa scelta parzialmente obbligata.<\/p>\n<p><b>Macron e Le Pen alla prova dei social<\/b><br \/>\nIl primo e pi\u00f9 ovvio dato sulla loro capacit\u00e0 di persuasione su internet \u00e8 il numero \u201cmi piace\u201d alle pagine, che sono effettivamente le due pagine con pi\u00f9 iscritti nel panorama politico francese. Al di l\u00e0 di questo dato, che non deve essere certo preso come verit\u00e0 ultima (Facebook non pu\u00f2 e non deve sostituirsi alle agenzie di polling), \u00e8 ancora pi\u00f9 interessante osservare come i due candidati si pongano su posizioni opposte sul cleavage interconnessione-isolamento, invece che sulla pi\u00f9 classica dicotomia destra-sinistra.<\/p>\n<p>\u00c8 su questo nuovo asse che si basa sempre pi\u00f9 la politica: i risultati di eventi politici come l\u2019elezione di Trump e la vittoria della Brexit ne sono efficaci testimonianze. Ed \u00e8 su questo tema che si coagulano in maniera sempre pi\u00f9 chiara due coalizioni di pensiero su base internazionale, aiutate dalle possibilit\u00e0 di comunicazione garantite da internet.<\/p>\n<p>Queste nuove posizioni politiche, una chiaramente internazionale, e l\u2019altra, paradossale alleanza internazionale dei nazionalismi, sono nate e cresciute grazie ed in risposta all\u2019interconnessione. La facilit\u00e0 con cui ci si pu\u00f2 rispecchiare e sentirsi partecipe delle posizioni politiche di uno straniero \u00e8 effettivamente senza precedenti nella storia umana.<\/p>\n<p>Questa nuova capacit\u00e0 di immedesimazione politica internazionale che pervade l\u2019occidente ha per\u00f2 un contraltare nel fenomeno denominato dal <i>Wall Street Journal<\/i> \u2018Blue Feed, Red Feed\u2019, dai colori dei due principali partiti politici americani.<\/p>\n<p><b>L\u2019effetto Blue Feed, Red Feed<\/b><br \/>\nQuesto fenomeno ha origine nel funzionamento stesso degli algoritmi dei social network, ma prima ancora che da una ragione tecnologica, nasce da una ragione psicologica. In base alle preferenze espresse precedentemente, il social network propone all\u2019utente la visualizzazione di contenuti simili a quelli gi\u00e0 visualizzati ed apprezzati. Dunque un sostenitore della Le Pen, per fare un esempio, finir\u00e0 per trovare sulla sua bacheca immagini, video ed articoli in linea con le posizioni del Front National. Viceversa per i sostenitori di Macron o di qualsiasi altro gruppo politico.<\/p>\n<p>Questo meccanismo sta portando sempre di pi\u00f9 a una fossilizzazione delle posizioni politiche dei cittadini europei, che trovandosi continuamente rinforzati nelle loro opinioni da pareri affini finiscono per non poter vedere in nessun modo i punti di forza di idee concorrenti.<\/p>\n<p>Le due tendenze di cui abbiamo parlato, agendo contemporaneamente, rendono internet il luogo ideale per consolidare consensi fra coloro che hanno posizioni affini, ma al tempo stesso le azioni di convincimento sugli elettori di posizioni avversarie, ed anche solo la possibilit\u00e0 di uno scambio civile di opinioni, si fanno ogni giorno pi\u00f9 difficili.<\/p>\n<p>Il nuovo cleavage internazionalismo-isolamento \u00e8 dunque entrato nella scena politica per restarci, probabilmente per molti anni, perch\u00e9 \u00e8 iscritto nella struttura stessa del nuovo campo di battaglia politico.<\/p>\n","protected":false},"excerpt":{"rendered":"<p>Che la competizione politica sia sempre pi\u00f9 incentrata sul campo di battaglia di internet e delle nuove tecnologie \u00e8 il pi\u00f9 grande segreto di Pulcinella del nostro tempo. Il contesto politico internazionale di questi mesi \u00e8 caratterizzato da una densa serie di tornate elettorali. Gli Stati Uniti, la Francia, il Regno Unito e la Germania, [&hellip;]<\/p>\n","protected":false},"author":39,"featured_media":65737,"comment_status":"closed","ping_status":"closed","sticky":false,"template":"","format":"standard","meta":{"footnotes":""},"categories":[9],"tags":[85,87,140],"_links":{"self":[{"href":"https:\/\/www.archivio-affarinternazionali.it\/archivio\/wp-json\/wp\/v2\/posts\/65348"}],"collection":[{"href":"https:\/\/www.archivio-affarinternazionali.it\/archivio\/wp-json\/wp\/v2\/posts"}],"about":[{"href":"https:\/\/www.archivio-affarinternazionali.it\/archivio\/wp-json\/wp\/v2\/types\/post"}],"author":[{"embeddable":true,"href":"https:\/\/www.archivio-affarinternazionali.it\/archivio\/wp-json\/wp\/v2\/users\/39"}],"replies":[{"embeddable":true,"href":"https:\/\/www.archivio-affarinternazionali.it\/archivio\/wp-json\/wp\/v2\/comments?post=65348"}],"version-history":[{"count":2,"href":"https:\/\/www.archivio-affarinternazionali.it\/archivio\/wp-json\/wp\/v2\/posts\/65348\/revisions"}],"predecessor-version":[{"id":65738,"href":"https:\/\/www.archivio-affarinternazionali.it\/archivio\/wp-json\/wp\/v2\/posts\/65348\/revisions\/65738"}],"wp:featuredmedia":[{"embeddable":true,"href":"https:\/\/www.archivio-affarinternazionali.it\/archivio\/wp-json\/wp\/v2\/media\/65737"}],"wp:attachment":[{"href":"https:\/\/www.archivio-affarinternazionali.it\/archivio\/wp-json\/wp\/v2\/media?parent=65348"}],"wp:term":[{"taxonomy":"category","embeddable":true,"href":"https:\/\/www.archivio-affarinternazionali.it\/archivio\/wp-json\/wp\/v2\/categories?post=65348"},{"taxonomy":"post_tag","embeddable":true,"href":"https:\/\/www.archivio-affarinternazionali.it\/archivio\/wp-json\/wp\/v2\/tags?post=65348"}],"curies":[{"name":"wp","href":"https:\/\/api.w.org\/{rel}","templated":true}]}}