{"id":65397,"date":"2017-04-23T16:50:42","date_gmt":"2017-04-23T14:50:42","guid":{"rendered":"https:\/\/www.archivio-affarinternazionali.it\/archivio\/?p=65397"},"modified":"2017-11-03T15:12:33","modified_gmt":"2017-11-03T14:12:33","slug":"ue-india-federica-mogherini-nuova-delhi","status":"publish","type":"post","link":"https:\/\/www.archivio-affarinternazionali.it\/archivio\/2017\/04\/ue-india-federica-mogherini-nuova-delhi\/","title":{"rendered":"Ue-India: Federica Mogherini a Nuova Delhi"},"content":{"rendered":"<p>Il 21 e 22 aprile, l\u2019Alto Rappresentante dell\u2019Unione europea per la politica estera e di sicurezza comune e vicepresidente della Commissione europea, Federica Mogherini, ha compiuto una visita ufficiale in India &#8211; la prima dopo oltre quattro anni.<\/p>\n<p>La Mogherini ha incontrato il premier Modi, il ministro degli Esteri Sushma Swaraje il consigliere per la Sicurezza nazionale Ajit Doval. Fra i vari temi, si \u00e8 discusso dei preparativi del 14\u00b0 Vertice India\u2013Ue, che si terr\u00e0 in ottobre a Nuova Delhi.<\/p>\n<p><b>Rilancio dei rapporti\u00a0<\/b><br \/>\nLa visita sancisce il rilancio dei rapporti tra Ue e India, dopo un periodo di raffreddamento tra il 2012 e il 2016, anche a causa della crisi nelle relazioni bilaterali tra India e Italia conseguente all\u2019arresto dei fucilieri di marina Massimo Latorre e Salvatore Girone.<\/p>\n<p>L\u2019ultimo dialogo ad alto livello Ue-India a Nuova Delhi si tenne infatti nel gennaio 2012, quando l\u2019allora Alto Rappresentante Catherine Ashton incontr\u00f2 il ministro degli Esteri indiano S. M. Krishna. La visita fu ricambiata a Bruxelles dal ministro degli Esteri Salman Khurshid nel gennaio 2013. Da allora, i ministri degli Esteri europeo e indiano non si erano pi\u00f9 incontrati.<\/p>\n<p>Questa visita conferma, quindi,la volont\u00e0 da parte di entrambi di superare le tensioni passate e di rilanciare una partnership strategica in grado di dialogare &#8211; con la speranza di iniziare presto anche a cooperare attivamente &#8211; su temi di comune interesse.<\/p>\n<p>Il ravvicinamento si era concretizzato gi\u00e0 nel marzo 2016, quando si tenne a Bruxelles il Vertice Ue-India, dopo un\u2019attesa di quattro anni. In quell\u2019occasione, i leader concordarono l\u2019Agenda 2020, una roadmap su temi strategici di comune interesse, nel quadro di una cooperazione bilaterale estesa anche a temi d\u2019interesse globale. Il prossimo Vertice di ottobre traccer\u00e0 un bilancio provvisorio di questa agenda di lavoro e, se possibile, l\u2019approfondir\u00e0.<\/p>\n<p><b>Trasformare i valori comuni in interessi comuni<\/b><br \/>\nFederica Mogherini, durante il discorso d\u2019inaugurazione della mostra dedicata ai 60 anni dalla firma dei Trattati di Roma, presso l\u2019Ambasciata Italiana a Nuova Delhi, ha ricordato che \u201cabbiamo interessi comuni nel campo dell&#8217;economia, ma anche di sicurezza, difesa, anti-terrorismo, e nella soluzione di alcune crisi regionali che sono importanti per noi e per l&#8217;India, come Afghanistan e Corea del Nord\u201d.<\/p>\n<p>La lista degli interessi comuni \u00e8 difatti lunga. In particolare, la cooperazione nella lotta al terrorismo \u2013 priorit\u00e0 condivisa da Paesi membri dell\u2019Ue, tra cui l\u2019Italia &#8211; ha riscontrato un\u2019enfasi speciale da entrambe le parti. Durante la visita, \u00e8 stato confermato pure l\u2019interesse per la possibilit\u00e0 di rilanciare i negoziati per unaccordo commerciale di libero scambio.<\/p>\n<p><b>Strategia globale per la politica estera e di sicurezza dell\u2019Unione europea<\/b><br \/>\nIn occasione di questa missione, l\u2019Alto Rappresentate ha discusso della Strategia globale per la politica estera e di sicurezza della Ue. Affermare l\u2019Ue come un importante attore di sicurezza globale \u00e8 fondamentale per il suo futuro, e ancor pi\u00f9 per la rilevanza dei suoi Stati membri.<\/p>\n<p>Come ha ricordato Federica Mogherini, quando ci si rapporta con un Paese di 1,3 miliardi di persone, ciascuno dei Paesi dell\u2019Ue \u00e8 \u201cpiccolo\u201d. Inoltre, pi\u00f9 del 50% della popolazione indiana (ovvero circa 665 milioni) \u00e8 composta da giovani di et\u00e0 inferioreai 25 anni, mentre i giovani sotto i 15 anni dei paesi dell\u2019Ue (che conta 500 milioni di abitanti, includendo il Regno Unito) sono a malapena 80 milioni.<\/p>\n<p>Questi semplici numeri aiutano a capire l\u2019impatto demografica nel futuro, e quanto sia importante per gli stati dell\u2019Ue agire in concerto per mantenere una posizione influente nei prossimi 30 anni rispetto ad attori di dimensioni economiche, demografiche e politiche quasi \u201ccontinentali\u201d.<\/p>\n<p><b>Rilancio delle relazioni bilaterali Italia-India<\/b><br \/>\nLa visita segnala anche un rilancio delle relazioni Italia-India: la scelta d\u2019includere nel programma ufficiale l\u2019inaugurazione della mostra presso l\u2019Ambasciata d\u2019Italia non \u00e8 casuale.<\/p>\n<p>A riconferma di questo rilancio, la prossima settimana il sottosegretario al Commercio Ivan Scalfarotto guider\u00e0 in India una delegazione di imprese italiane per una serie d\u2019incontri con imprese e autorit\u00e0 indiane. A seguire, una delegazione di alto livello indiana si recher\u00e0 in Italia ad inizio maggio.<\/p>\n","protected":false},"excerpt":{"rendered":"<p>Il 21 e 22 aprile, l\u2019Alto Rappresentante dell\u2019Unione europea per la politica estera e di sicurezza comune e vicepresidente della Commissione europea, Federica Mogherini, ha compiuto una visita ufficiale in India &#8211; la prima dopo oltre quattro anni. La Mogherini ha incontrato il premier Modi, il ministro degli Esteri Sushma Swaraje il consigliere per la [&hellip;]<\/p>\n","protected":false},"author":39,"featured_media":0,"comment_status":"closed","ping_status":"closed","sticky":false,"template":"","format":"standard","meta":{"footnotes":""},"categories":[9],"tags":[92,96,140],"_links":{"self":[{"href":"https:\/\/www.archivio-affarinternazionali.it\/archivio\/wp-json\/wp\/v2\/posts\/65397"}],"collection":[{"href":"https:\/\/www.archivio-affarinternazionali.it\/archivio\/wp-json\/wp\/v2\/posts"}],"about":[{"href":"https:\/\/www.archivio-affarinternazionali.it\/archivio\/wp-json\/wp\/v2\/types\/post"}],"author":[{"embeddable":true,"href":"https:\/\/www.archivio-affarinternazionali.it\/archivio\/wp-json\/wp\/v2\/users\/39"}],"replies":[{"embeddable":true,"href":"https:\/\/www.archivio-affarinternazionali.it\/archivio\/wp-json\/wp\/v2\/comments?post=65397"}],"version-history":[{"count":1,"href":"https:\/\/www.archivio-affarinternazionali.it\/archivio\/wp-json\/wp\/v2\/posts\/65397\/revisions"}],"predecessor-version":[{"id":65400,"href":"https:\/\/www.archivio-affarinternazionali.it\/archivio\/wp-json\/wp\/v2\/posts\/65397\/revisions\/65400"}],"wp:attachment":[{"href":"https:\/\/www.archivio-affarinternazionali.it\/archivio\/wp-json\/wp\/v2\/media?parent=65397"}],"wp:term":[{"taxonomy":"category","embeddable":true,"href":"https:\/\/www.archivio-affarinternazionali.it\/archivio\/wp-json\/wp\/v2\/categories?post=65397"},{"taxonomy":"post_tag","embeddable":true,"href":"https:\/\/www.archivio-affarinternazionali.it\/archivio\/wp-json\/wp\/v2\/tags?post=65397"}],"curies":[{"name":"wp","href":"https:\/\/api.w.org\/{rel}","templated":true}]}}