{"id":65942,"date":"2017-08-10T15:09:52","date_gmt":"2017-08-10T13:09:52","guid":{"rendered":"https:\/\/www.archivio-affarinternazionali.it\/archivio\/?p=65942"},"modified":"2017-11-03T15:11:02","modified_gmt":"2017-11-03T14:11:02","slug":"canada-trudeau-bello-giovane-un-po-ipocrita","status":"publish","type":"post","link":"https:\/\/www.archivio-affarinternazionali.it\/archivio\/2017\/08\/canada-trudeau-bello-giovane-un-po-ipocrita\/","title":{"rendered":"Canada: Trudeau, bello, giovane e un po\u2019 ipocrita"},"content":{"rendered":"<p>In <a href=\"https:\/\/www.archivio-affarinternazionali.it\/archivio\/2016\/11\/ue-canada-e-le-mirabolanti-avventure-del-ceta\/\" target=\"_blank\" rel=\"noopener noreferrer\"><strong>Canada<\/strong><\/a>, complice un passato coloniale alle dipendenze del Regno Unito, vige un sistema di legge in larga parte consuetudinario. Fra le varie particolarit\u00e0 di questo sistema, che potrebbero quasi essere definite bizzarrie da noi europei continentali, vi \u00e8 il fatto che, nelle leggi canadesi, il ruolo di primo ministro non ha in alcun modo una durata specifica.<\/p>\n<p>Il primo ministro canadese svolge il suo ruolo <em>\u201cat Her Majesty\u2019s pleasure\u201d e,<\/em> in caso di elezione di un nuovo Parlamento, ovviamente favorevole al suo governo, prosegue in maniera ininterrotta il suo mandato per pi\u00f9 legislature.<\/p>\n<p>Le elezioni politiche canadesi avvengono ogni quattro anni. Dunque Trudeau, oggi, \u00e8 pi\u00f9 o meno a met\u00e0 mandato, a due anni circa dall\u2019insediamento suo e dell&#8217;attuale Parlamento: il tempo giusto per un primo bilancio.<\/p>\n<p><strong>Chi \u00e8 in realt\u00e0 Justin Trudeau<br \/>\n<\/strong>Justin Pierre James Trudeau \u00e8, in primo luogo, un figlio d\u2019arte. Nella mente della maggior parte dei canadesi con pi\u00f9 di cinquant\u2019anni infatti, Justin resta prima di tutto il primogenito di Joseph Philippe Pierre Yves Elliott Trudeau, uno dei pi\u00f9 longevi ed apprezzati primi ministri canadesi.<\/p>\n<p>La prima apparizione pubblica per cui Justin viene ricordato fu l\u2019elogio funebre pronunciato al funerale del padre. E la persistenza nell\u2019immaginario collettivo di una figura autorevole alle sue spalle gli ha permesso, insieme alla sua aria sorridente e ad una buona forma fisica, di continuare a fregiarsi della definizione di \u201cpolitico giovane\u201d, nonostante si possa dubitare della legittimit\u00e0 dell\u2019utilizzo di tale appellativo per un uomo che ha gi\u00e0 passato le 46 primavere.<\/p>\n<p><strong>Portavoce di istanze progressiste sociali e sul clima<\/strong><br \/>\nIn ambito politico, in linea con il suo Partito Liberale, Trudeau si \u00e8 fatto portavoce di istanze fortemente progressiste a livello sociale. Da sempre autodefinitosi un \u201cfiero femminista\u201d, nel 2015 arriv\u00f2, durante la campagna elettorale, ad imporre il divieto di candidatura al Parlamento per tutti i liberali che non avessero garantito il loro appoggio a una legge fortemente <em>pro choice <\/em>in tema di aborto, attirandosi numerose critiche dalla frangia conservatrice del suo partito e dagli ambienti clericali canadesi.<\/p>\n<p>Ma il momento che ha permesso al primo ministro canadese di presentarsi al Mondo intero come portavoce di istanze considerate progressiste fu la conferenza sul <a href=\"https:\/\/www.archivio-affarinternazionali.it\/archivio\/2016\/11\/effetto-trump-su-clima-ed-energia-mondiale\/\" target=\"_blank\" rel=\"noopener noreferrer\"><strong>clima<\/strong><\/a> di Parigi del 2015, avvenuta giusto un mese dopo il suo insediamento.<\/p>\n<p>In tale occasione infatti la delegazione canadese, guidata dalla ministra alle politiche ambientali del neo-formato governo Trudeau, Catherine Mckenna, fu tra coloro che pi\u00f9 duramente si batterono per darsi obiettivi ambiziosi, ottenendo di porre il limite di innalzamento delle temperature medie del Pianeta a 1,5\u00b0C.<\/p>\n<p>Il governo canadese ottenne un ritorno d\u2019immagine estremamente positivo da queste due posizioni e l\u2019entourage di Trudeau ha proseguito, nella retorica quantomeno, a sostenere istanze fortemente ecologiste, in linea con le posizioni del suo elettorato di riferimento, fortemente progressista in ambito sociale.<\/p>\n<p><strong>Contraddizioni canadesi tra energia ed ambiente<\/strong><br \/>\n\u00c8 bene per\u00f2 ricordare che l\u2019accordo di Parigi ha natura puramente volontaria, e che quindi non \u00e8 prevista nessuna forma di sanzione per gli Stati in caso di mancato rispetto delle emissioni di CO2 accordate, al di l\u00e0, naturalmente, dell\u2019eventuale senso di colpa per il destino del Mondo.<\/p>\n<p>Ci\u00f2 \u00e8 un fatto importante da tenere a mente, perch\u00e9 il Canada ha recentemente vista la sua posizione di Paese relativamente povero in idrocarburi cambiare bruscamente. La scoperta nel 2005 di immense distese di sabbie bituminose nello stato dell\u2019Alberta ha infatti catapultato il Canada al terzo posto della classifica degli Stati con le pi\u00f9 grandi riserve accertate di <strong>petrolio<\/strong>.<\/p>\n<p>Le sabbie bituminose sono una forma di deposito di idrocarburi molto superficiale, la cui estrazione comporta necessariamente la distruzione della foresta boreale in cui si trovano. A questo va poi aggiunta l\u2019ovvia necessit\u00e0 di oleodotti di migliaia di km attraverso le distese selvagge del Canada centrale; e il fatto che il costo energetico della raffinazione di tali idrocarburi \u00e8 molto pi\u00f9 elevato, rispetto al petrolio estratto dai giacimenti tradizionali.<\/p>\n<p>Migliaia di kmq di foresta sono gi\u00e0 stati completamente distrutti, ma Trudeau non sembra intenzionato a fermarsi: lo scorso marzo, ad un meeting di produttori di petrolio ad Houston, \u00e8 arrivato ad affermare che \u201cnessuno Stato potrebbe mai trovare 173 miliardi di barili di petrolio nel suo territorio e semplicemente lasciarli l\u00ec.\u201d<\/p>\n<p><strong>Trump e Trudeau meno diversi di quanto non appaiano?<\/strong><br \/>\nFacciamo bene a preoccuparci delle posizioni dell\u2019ingombrante vicino meridionale di Trudeau, il presidente Usa Donald <a href=\"https:\/\/www.archivio-affarinternazionali.it\/archivio\/2017\/06\/clima-la-folle-retromarcia-donald-trump\/\" target=\"_blank\" rel=\"noopener noreferrer\"><strong>Trump<\/strong><\/a>, che nonostante la gi\u00e0 citata natura volontaria dell\u2019accordo di Parigi ha deciso di uscirne e che afferma di voler riportare agli antichi splendori l\u2019industria dell\u2019estrazione di carbone negli Stati centrali dell&#8217;Unione. Ma per ora i discorsi di Trump hanno prodotto molta meno CO2 che le azioni di Trudeau.<\/p>\n<p>Secondo l\u2019organizzazione di ricerca <em>Oil Change International <\/em>e il giornale <em>The Guardian<\/em>, se il petrolio contenuto nelle sabbie bituminose dell\u2019Alberta venisse estratto a pieno ritmo, il Canada rappresenterebbe il 30% delle emissioni di CO2 del pianeta, mentre costituisce solo lo 0,5% della popolazione mondiale.<\/p>\n<p>Per essere un politico cos\u00ec giovane e progressista, Trudeau appare poco interessato al futuro del mondo.<\/p>\n","protected":false},"excerpt":{"rendered":"<p>In Canada, complice un passato coloniale alle dipendenze del Regno Unito, vige un sistema di legge in larga parte consuetudinario. Fra le varie particolarit\u00e0 di questo sistema, che potrebbero quasi essere definite bizzarrie da noi europei continentali, vi \u00e8 il fatto che, nelle leggi canadesi, il ruolo di primo ministro non ha in alcun modo [&hellip;]<\/p>\n","protected":false},"author":21,"featured_media":65943,"comment_status":"closed","ping_status":"closed","sticky":false,"template":"","format":"standard","meta":{"footnotes":""},"categories":[9],"tags":[188,470,471,469,422],"_links":{"self":[{"href":"https:\/\/www.archivio-affarinternazionali.it\/archivio\/wp-json\/wp\/v2\/posts\/65942"}],"collection":[{"href":"https:\/\/www.archivio-affarinternazionali.it\/archivio\/wp-json\/wp\/v2\/posts"}],"about":[{"href":"https:\/\/www.archivio-affarinternazionali.it\/archivio\/wp-json\/wp\/v2\/types\/post"}],"author":[{"embeddable":true,"href":"https:\/\/www.archivio-affarinternazionali.it\/archivio\/wp-json\/wp\/v2\/users\/21"}],"replies":[{"embeddable":true,"href":"https:\/\/www.archivio-affarinternazionali.it\/archivio\/wp-json\/wp\/v2\/comments?post=65942"}],"version-history":[{"count":1,"href":"https:\/\/www.archivio-affarinternazionali.it\/archivio\/wp-json\/wp\/v2\/posts\/65942\/revisions"}],"predecessor-version":[{"id":65944,"href":"https:\/\/www.archivio-affarinternazionali.it\/archivio\/wp-json\/wp\/v2\/posts\/65942\/revisions\/65944"}],"wp:featuredmedia":[{"embeddable":true,"href":"https:\/\/www.archivio-affarinternazionali.it\/archivio\/wp-json\/wp\/v2\/media\/65943"}],"wp:attachment":[{"href":"https:\/\/www.archivio-affarinternazionali.it\/archivio\/wp-json\/wp\/v2\/media?parent=65942"}],"wp:term":[{"taxonomy":"category","embeddable":true,"href":"https:\/\/www.archivio-affarinternazionali.it\/archivio\/wp-json\/wp\/v2\/categories?post=65942"},{"taxonomy":"post_tag","embeddable":true,"href":"https:\/\/www.archivio-affarinternazionali.it\/archivio\/wp-json\/wp\/v2\/tags?post=65942"}],"curies":[{"name":"wp","href":"https:\/\/api.w.org\/{rel}","templated":true}]}}