{"id":66880,"date":"2017-11-02T10:54:09","date_gmt":"2017-11-02T09:54:09","guid":{"rendered":"https:\/\/www.archivio-affarinternazionali.it\/archivio\/?p=66880"},"modified":"2017-11-03T15:10:29","modified_gmt":"2017-11-03T14:10:29","slug":"nuova-zelanda-incognite-governo","status":"publish","type":"post","link":"https:\/\/www.archivio-affarinternazionali.it\/archivio\/2017\/11\/nuova-zelanda-incognite-governo\/","title":{"rendered":"Nuova Zelanda: incognite dal governo di laburisti e nazionalisti"},"content":{"rendered":"<p>Jacinda <strong>Ardern<\/strong>, proveniente da una famiglia di estrazione media originaria della citt\u00e0 di Hamilton e leader del Partito laburista neozelandese, \u00e8 il nuovo primo ministro della <strong>Nuova Zelanda<\/strong>, la seconda donna dopo Helen Clark. La Ardern, che si \u00e8 ufficialmente insediata il 26 ottobre si erge a rappresentante delle istanze sociali. Alla guida da circa tre mesi di un partito socialdemocratico e progressista, deve affrontare un compito non da poco: conciliare le esigenze degli strati sociali dei lavoratori, che hanno percepito un eccessivo deterioramento delle loro condizioni in nome dei risultati dell\u2019economia del Paese, con quelle delle riforme in senso liberale per il bene della struttura produttiva neozelandese. Il tutto in un delicato momento per l\u2019area del <strong>Pacifico<\/strong>, che vede le tensioni causate dalla <strong>Corea del Nord<\/strong> unirsi al deterioramento delle condizioni di sicurezza legate alla diaspora degli ex-<strong><em>foreign fighters<\/em><\/strong> nell\u2019Asia del Sud.<\/p>\n<p><strong>Crescita economica e voglia di cambiamento<\/strong><br \/>\nIl governo di Wellington ha avuto una crescita economica del 3,9% nel 2016, ottenendo quindi un pregevole risultato, il tutto grazie alla flessibilit\u00e0 del mercato del lavoro ed alle riforme liberali del governo in carica sino ad oggi. Il <em>National Party<\/em> (Np), forza di centrodestra, era alla guida dell\u2019esecutivo dello Stato insulare dal 2008, ma ha ceduto il passo alla rocambolesca vittoria del <em>Labour Party <\/em>della Ardern. I laburisti hanno infatti ottenuto solamente 46 seggi, contro i 56 degli uscenti dell\u2019Np. Come da protocollo per la formazione del governo, si \u00e8 poi proceduto a delle consultazioni che garantissero ad una coalizione di ottenere la maggioranza assoluta (61 seggi). I laburisti della Ardern si sono quindi coalizzati con il Partito dei Verdi (che ha ottenuto 8 seggi) e, dopo varie trattative, con i populisti del <em>New Zealand First<\/em> (Nzf, 9 seggi).<\/p>\n<p>Il risultato sar\u00e0 un governo che dovr\u00e0 da una parte cercare di mantenere il passo con la crescita economica, e dall\u2019altra accontentare le istanze di un elettorato che &#8211; come ha ben sottolineato Jacinda Ardern &#8211; ha dimostrato incontrovertibilmente la voglia di cambiare di andare contro uno <em>status quo<\/em> che dura da troppo tempo nelle due isole della Nuova Zelanda, portando a importanti limitazioni per i lavoratori.<\/p>\n<p><strong><em>New Zealand First<\/em><\/strong><strong>: il calcolo dell\u2019alleanza <\/strong><br \/>\nPer dare le risposte che i votanti si aspettano dalla nuova premier, sar\u00e0 importante soprattutto tenere sotto controllo il valore del capitale immobiliare e bilanciare al meglio la domanda\/offerta di lavoro, che potrebbe subire variazioni impreviste a causa di una politica dell\u2019immigrazione piuttosto aperta. Durante la campagna elettorale, i laburisti hanno cavalcato le paure e le incertezze economiche delle classi lavoratrici (soprattutto per quanto riguarda il mercato immobiliare e i servizi sanitari), sfruttando l\u2019immagine diplomatica e comunicativa della sua rappresentante. Adesso, per\u00f2, dovranno dimostrare la fondatezza delle loro promesse con un compagno di maggioranza che potrebbe non concedere ampi spazi di manovra: il Nzf di Winston<strong> Peters<\/strong>.<\/p>\n<p>Il <em>New Zealand First<\/em>, partito di estrazione populista e nazionalista, \u00e8 stato a sorpresa l\u2019ago della bilancia elettorale che ha sottratto il governo al centrodestra del premier uscente Bill<strong> English<\/strong>. Al di l\u00e0 della condivisione di punti del programma elettorale (stretta sull\u2019immigrazione e limitazione degli investimenti diretti esteri sui capitali immobiliari), la decisione di entrare nella coalizione di sinistra \u00e8 essenzialmente di natura tattica e di opportunit\u00e0. Infatti, l\u2019ingresso in una ipotetica coalizione liberale avrebbe ridotto il peso contrattuale del Nzf. Peters ha ottenuto, a seguito delle consultazioni, gli importanti incarichi di vice della Ardern e di ministro degli Esteri, cos\u00ec di fatto segnalando la pesante influenza del partito sul nuovo governo. Le limitazioni in senso populista dell\u2019azione del nuovo governo sono quindi una incognita per il futuro di Wellington.<\/p>\n<p><strong>Tendenze illiberali nel Pacifico <\/strong><br \/>\nNon appena avuta notizia della formazione del governo, il presidente americano Donald <strong>Trump<\/strong> ha telefonato alla Ardern per congratularsi. Con l\u2019insediamento di un esecutivo a guida socialista ma dalle venature populiste e chiuso verso l\u2019immigrazione si aggiunge a quello guidato da Rodrigo <a href=\"https:\/\/www.archivio-affarinternazionali.it\/archivio\/2017\/07\/filippine-duterte-sceriffo-piace\/\" target=\"_blank\" rel=\"noopener noreferrer\"><strong>Duterte<\/strong><\/a> nelle Filippine un altro governo non apertamente liberale nell\u2019area del Pacifico.<\/p>\n<p>D\u2019altronde, il risultato delle elezioni in Nuova Zelanda \u00e8 dipeso anche da timori dettati dalla situazione internazionale: l\u2019immigrazione rischia di avere conseguenze sulla sicurezza interna. Nella regione pacifica, infatti, si stanno creando poli di estremismo islamico che raccolgono ex-<em>foreign fighters <\/em>del sedicente Stato islamico in fuga da <strong>Siria<\/strong> e <strong>Iraq<\/strong>.<\/p>\n<p>L\u2019accresciuto peso del populismo anche a Wellington \u00e8 stato frutto di una carenza nella gestione della situazione da parte delle organizzazioni internazionali della regione che non hanno saputo dare risposte a tale senso di insicurezza. La speranza \u00e8 che i laburisti sappiano trovare insieme alle forze populiste la strada mediana giusta fra le riforme liberali e le politiche sociali di cui la Nuova Zelanda ha bisogno per mantenere i positivi risultati economici e di sviluppo raggiunti sinora.<\/p>\n<p><em>Foto di copertina \u00a9 Su Liang\/Xinhua via ZUMA Wire<\/em><\/p>\n","protected":false},"excerpt":{"rendered":"<p>Jacinda Ardern, proveniente da una famiglia di estrazione media originaria della citt\u00e0 di Hamilton e leader del Partito laburista neozelandese, \u00e8 il nuovo primo ministro della Nuova Zelanda, la seconda donna dopo Helen Clark. La Ardern, che si \u00e8 ufficialmente insediata il 26 ottobre si erge a rappresentante delle istanze sociali. Alla guida da circa [&hellip;]<\/p>\n","protected":false},"author":22,"featured_media":66881,"comment_status":"closed","ping_status":"closed","sticky":false,"template":"","format":"standard","meta":{"footnotes":""},"categories":[9],"tags":[651,652,91,649,650],"_links":{"self":[{"href":"https:\/\/www.archivio-affarinternazionali.it\/archivio\/wp-json\/wp\/v2\/posts\/66880"}],"collection":[{"href":"https:\/\/www.archivio-affarinternazionali.it\/archivio\/wp-json\/wp\/v2\/posts"}],"about":[{"href":"https:\/\/www.archivio-affarinternazionali.it\/archivio\/wp-json\/wp\/v2\/types\/post"}],"author":[{"embeddable":true,"href":"https:\/\/www.archivio-affarinternazionali.it\/archivio\/wp-json\/wp\/v2\/users\/22"}],"replies":[{"embeddable":true,"href":"https:\/\/www.archivio-affarinternazionali.it\/archivio\/wp-json\/wp\/v2\/comments?post=66880"}],"version-history":[{"count":2,"href":"https:\/\/www.archivio-affarinternazionali.it\/archivio\/wp-json\/wp\/v2\/posts\/66880\/revisions"}],"predecessor-version":[{"id":66883,"href":"https:\/\/www.archivio-affarinternazionali.it\/archivio\/wp-json\/wp\/v2\/posts\/66880\/revisions\/66883"}],"wp:featuredmedia":[{"embeddable":true,"href":"https:\/\/www.archivio-affarinternazionali.it\/archivio\/wp-json\/wp\/v2\/media\/66881"}],"wp:attachment":[{"href":"https:\/\/www.archivio-affarinternazionali.it\/archivio\/wp-json\/wp\/v2\/media?parent=66880"}],"wp:term":[{"taxonomy":"category","embeddable":true,"href":"https:\/\/www.archivio-affarinternazionali.it\/archivio\/wp-json\/wp\/v2\/categories?post=66880"},{"taxonomy":"post_tag","embeddable":true,"href":"https:\/\/www.archivio-affarinternazionali.it\/archivio\/wp-json\/wp\/v2\/tags?post=66880"}],"curies":[{"name":"wp","href":"https:\/\/api.w.org\/{rel}","templated":true}]}}