{"id":68073,"date":"2018-01-26T05:24:57","date_gmt":"2018-01-26T04:24:57","guid":{"rendered":"https:\/\/www.archivio-affarinternazionali.it\/archivio\/?p=68073"},"modified":"2018-01-27T21:08:50","modified_gmt":"2018-01-27T20:08:50","slug":"yemen-estremismo-religioso-morte-bahai","status":"publish","type":"post","link":"https:\/\/www.archivio-affarinternazionali.it\/archivio\/2018\/01\/yemen-estremismo-religioso-morte-bahai\/","title":{"rendered":"Yemen: estremismo religioso, condanna a morte membro Bah\u00e0&#8217;\u00ec"},"content":{"rendered":"<p>A quasi tre anni dall&#8217;inizio della guerra civile, lo <a href=\"https:\/\/www.archivio-affarinternazionali.it\/archivio\/2017\/12\/yemen-saleh-ucciso-huthi\/\"><strong>Yemen<\/strong><\/a>, gi\u00e0 tra i Paesi pi\u00f9 poveri al mondo, sta attraversando una <strong>crisi umanitaria<\/strong> senza precedenti. Circa 17 milioni di persone sono considerate a rischio malnutrizione. E 3,3 milioni di bambini e donne incinte o in fase di allattamento al seno sono significativamente malnutriti. Un aumento del 57% rispetto al 2015. Due milioni sono inoltre i rifugiati internamente sfollati ed altri 14,4 milioni di persone non hanno accesso ad acqua e ad altre risorse potabili.<\/p>\n<p>Ma oltre alla gi\u00e0 preoccupante catastrofe umanitaria, gli scontri tra i ribelli <a href=\"https:\/\/www.archivio-affarinternazionali.it\/archivio\/2015\/01\/matrioska-di-conflitti-in-yemen\/\" target=\"_blank\" rel=\"noopener noreferrer\"><strong>Houthi<\/strong><\/a> e la coalizione guidata dall\u2019<a href=\"https:\/\/www.archivio-affarinternazionali.it\/archivio\/2017\/11\/arabia-saudita-prigione-epurati-salman\/\" target=\"_blank\" rel=\"noopener noreferrer\"><strong>Arabia Saudita<\/strong><\/a>, fedele all\u2019ex presidente Abd Rabbo Mansour Hadi, non hanno fatto altro che accentuare le divisioni settarie che hanno polarizzato il Paese. La mancanza di uno stato di diritto, gi\u00e0 precario prima dell\u2019inizio della guerra civile, ha creato le condizioni favorevoli per crescenti atti di estremismo religioso.<\/p>\n<p><strong>La discriminazione contro i Bah\u00e0&#8217;\u00ec<\/strong><br \/>\nLo scorso 2 gennaio le milizie Houthi hanno condannato a morte Hamid bin Haydara, un membro della comunit\u00e0 <strong>Bah\u00e0&#8217;\u00ec<\/strong> yemenita. La fede Bah\u00e0&#8217;\u00ec, religione monoteista nata in Iran a met\u00e0 del 1800, che promuove principi come l\u2019unit\u00e0 della razza umana e l\u2019uguaglianza tra uomo e donna, fin dal suo sorgere \u00e8 stata sottoposta a pesanti persecuzioni in Iran cos\u00ec come nel resto del mondo arabo. La sentenza ha provocato preoccupanti reazioni da parte di molte organizzazioni umanitarie che hanno chiesto l\u2019immediata scarcerazione del condannato. \u201cLe autorit\u00e0 Houthi devono immediatamente e incondizionatamente rilasciare Hamid Haydara, un prigionieri di coscienza che \u00e8 trattenuto in carcere sulla base del suo credo e delle sue attivit\u00e0 pacifiche come membro della comunit\u00e0 Bah\u00e0\u2019\u00ec\u201d, ha affermato Philip Luther, direttore di Amnesty International per il Medio Oriente.<\/p>\n<p><strong>Storie di ostilit\u00e0 e persecuzioni<\/strong><br \/>\nIn Yemen, i membri della fede Bah\u00e0&#8217;\u00ec subiscono da sempre violente discriminazioni. Tuttavia, da quando gli Houthi hanno preso il controllo della capitale la situazione \u00e8 significativamente peggiorata. Le persecuzioni si sono intensificate: attivit\u00e0 e negozi sono stati chiusi e case perquisite. Altri cinque Bah\u00e0\u2019\u00ec sarebbero stati incarcerati dagli Houthi. Nel 2016 alcuni uomini armati avrebbero fatto irruzione in un laboratorio della comunit\u00e0 Bah\u00e0&#8217;\u00ec e arrestato 65 persone.<\/p>\n<p>L\u2019accusa pi\u00f9 comune rivolta ai Bah\u00e0&#8217;\u00ec yemeniti, cos\u00ec come a quelli iraniani, \u00e8 legata ad attivit\u00e0 di spionaggio a favore di Israele. Attivit\u00e0, che secondo gli Houthi sarebbero giustificate dalla presenza in territorio israeliano, ad Haifa, dei luoghi santi Bah\u00e0&#8217;\u00ec, meta di pellegrinaggio per la comunit\u00e0 Bah\u00e0&#8217;\u00ec mondiale.<\/p>\n<p>Gi\u00e0 all&#8217;inizio dell\u2019anno le Nazioni Unite hanno dichiarato come i Bah\u00e0&#8217;\u00ec yemeniti siano \u201csotto pressione per abiurare la loro fede\u201d e che le autorit\u00e0 Houthi abbiano provato a forzarne i membri a convertirsi all\u2019Islam. L\u2019intensificarsi delle persecuzioni alla comunit\u00e0 Bah\u00e0&#8217;\u00ec sembrano poter essere ricondotti alla partnership politica tra gli Houthi e Teheran, dove i Bah\u00e0&#8217;\u00ec, la pi\u00f9 numerosa minoranza religiosa dell\u2019Iran, sono sottoposti a discriminazioni e violazioni dei diritti umani da anni.<\/p>\n","protected":false},"excerpt":{"rendered":"<p>A quasi tre anni dall&#8217;inizio della guerra civile, lo Yemen, gi\u00e0 tra i Paesi pi\u00f9 poveri al mondo, sta attraversando una crisi umanitaria senza precedenti. Circa 17 milioni di persone sono considerate a rischio malnutrizione. E 3,3 milioni di bambini e donne incinte o in fase di allattamento al seno sono significativamente malnutriti. Un aumento [&hellip;]<\/p>\n","protected":false},"author":21,"featured_media":68079,"comment_status":"closed","ping_status":"closed","sticky":false,"template":"","format":"standard","meta":{"footnotes":""},"categories":[9],"tags":[805,859,860,93,147],"_links":{"self":[{"href":"https:\/\/www.archivio-affarinternazionali.it\/archivio\/wp-json\/wp\/v2\/posts\/68073"}],"collection":[{"href":"https:\/\/www.archivio-affarinternazionali.it\/archivio\/wp-json\/wp\/v2\/posts"}],"about":[{"href":"https:\/\/www.archivio-affarinternazionali.it\/archivio\/wp-json\/wp\/v2\/types\/post"}],"author":[{"embeddable":true,"href":"https:\/\/www.archivio-affarinternazionali.it\/archivio\/wp-json\/wp\/v2\/users\/21"}],"replies":[{"embeddable":true,"href":"https:\/\/www.archivio-affarinternazionali.it\/archivio\/wp-json\/wp\/v2\/comments?post=68073"}],"version-history":[{"count":6,"href":"https:\/\/www.archivio-affarinternazionali.it\/archivio\/wp-json\/wp\/v2\/posts\/68073\/revisions"}],"predecessor-version":[{"id":68101,"href":"https:\/\/www.archivio-affarinternazionali.it\/archivio\/wp-json\/wp\/v2\/posts\/68073\/revisions\/68101"}],"wp:featuredmedia":[{"embeddable":true,"href":"https:\/\/www.archivio-affarinternazionali.it\/archivio\/wp-json\/wp\/v2\/media\/68079"}],"wp:attachment":[{"href":"https:\/\/www.archivio-affarinternazionali.it\/archivio\/wp-json\/wp\/v2\/media?parent=68073"}],"wp:term":[{"taxonomy":"category","embeddable":true,"href":"https:\/\/www.archivio-affarinternazionali.it\/archivio\/wp-json\/wp\/v2\/categories?post=68073"},{"taxonomy":"post_tag","embeddable":true,"href":"https:\/\/www.archivio-affarinternazionali.it\/archivio\/wp-json\/wp\/v2\/tags?post=68073"}],"curies":[{"name":"wp","href":"https:\/\/api.w.org\/{rel}","templated":true}]}}