{"id":68425,"date":"2018-02-21T17:00:29","date_gmt":"2018-02-21T16:00:29","guid":{"rendered":"https:\/\/www.archivio-affarinternazionali.it\/archivio\/?p=68425"},"modified":"2018-03-02T00:15:08","modified_gmt":"2018-03-01T23:15:08","slug":"campagna-minutaglie-politica-estera","status":"publish","type":"post","link":"https:\/\/www.archivio-affarinternazionali.it\/archivio\/2018\/02\/campagna-minutaglie-politica-estera\/","title":{"rendered":"Campagna elettorale: programmi, minutaglie di politica estera"},"content":{"rendered":"<p>Con un rapido sguardo al sito del Ministero dell\u2019Interno si colgono non solo la molteplicit\u00e0 dei partiti e coalizioni che corrono per le <a href=\"https:\/\/www.archivio-affarinternazionali.it\/archivio\/2018\/02\/campagna-elettorale-trump-flat-tax\/\" target=\"_blank\" rel=\"noopener noreferrer\"><strong>elezioni<\/strong><\/a> del 4 marzo, ma anche la variet\u00e0 dei <strong>programmi<\/strong> che dovrebbero invitare gli elettori a preferire un partito o una coalizione. Senonch\u00e9 i programmi difficilmente sollecitano la curiosit\u00e0 popolare, tranne alcuni slogan (del genere &#8216;flat tax&#8217;), la cui concreta realizzazione \u00e8 incerta. I programmi sono concentrati sulla politica interna e quella estera attrae men che mai l\u2019attenzione degli elettori, a parte determinati periodi storici in cui si sono poste questioni essenziali per la vita dell&#8217;<a href=\"https:\/\/www.archivio-affarinternazionali.it\/archivio\/2018\/01\/campagna-elettorale-convergenza-difesa\/\" target=\"_blank\" rel=\"noopener noreferrer\"><strong>Italia<\/strong><\/a>, come ad esempio l\u2019adesione o meno al Patto Atlantico.<\/p>\n<p>Nei programmi stilati per le elezioni di marzo, le sole questioni oggetto di proposte pi\u00f9 o meno elaborate sono l\u2019<a href=\"https:\/\/www.archivio-affarinternazionali.it\/archivio\/2018\/02\/campagna-cacofonia-europa-sordina\/\" target=\"_blank\" rel=\"noopener noreferrer\"><strong>Unione europea<\/strong><\/a> e l\u2019<strong>immigrazione<\/strong>, che oggettivamente hanno uno scarso tasso di <a href=\"https:\/\/www.archivio-affarinternazionali.it\/archivio\/2018\/01\/italia-campagna-moratoria-promesse\/\" target=\"_blank\" rel=\"noopener noreferrer\"><strong>politica estera<\/strong><\/a> o che comunque sono integrate con la politica interna. Altri hanno trattato o tratteranno tali argomenti. Noi preferiamo concentrarci su taluni aspetti particolari, che interessano le <strong>istituzioni internazionali<\/strong> di cui l\u2019Italia fa parte, inclusi il rispetto dei diritti dell\u2019uomo e i relativi obblighi che l\u2019Italia si \u00e8 assunta con la ratifica di trattati a livello multilaterale.<\/p>\n<p><strong>Le Nazioni Unite<br \/>\n<\/strong>Non vengono reputate un tema molto attraente. Silenzio assoluto nel programma della coalizione Forza Italia, Lega e Fratelli d\u2019Italia, mentre il Pd si rammenta della presenza italiana nel Consiglio di Sicurezza nel 2017, ma solo come punto di partenza per un discorso sul Mediterraneo e i conflitti in Siria e Libia. Il M5S ribadisce l\u2019obbligo di applicare la Carta delle Nazioni Unite e il diritto internazionale. Maggiormente articolato il cenno di +Europa, che auspica l\u2019istituzione di un\u2019Agenzia nazionale autonoma e indipendente per la tutela dei diritti umani in ottemperanza alle risoluzioni dell&#8217;Onu \u201cratificate\u201d dall\u2019Italia. Proposta da prendere in considerazione, a parte la svista sulle risoluzioni \u201cratificate\u201d (si ratificano i trattati e non le risoluzioni degli enti internazionali!).<\/p>\n<p><strong>L\u2019Osce e il Consiglio d\u2019Europa<br \/>\n<\/strong>A parte un generico riferimento nel programma di Liberi e Uguali, l\u2019Osce non \u00e8 menzionata, nonostante che l\u2019Italia ne abbia assunto la presidenza per l&#8217;anno in corso. L\u2019Osce non ha pi\u00f9 l\u2019importanza che rivestiva durante la Guerra Fredda, ma resta la sola organizzazione paneuropea che, con il riapparire della competizione Est-Ovest sotto differenti modalit\u00e0, potrebbe ancora avere un ruolo. Se ne sono dimenticati, quantunque Di Maio ne abbia chiesto una missione di monitoraggio per le prossime elezioni.<\/p>\n<p>Ma la dimenticanza pi\u00f9 grave \u00e8 quella del Consiglio d\u2019Europa. Tale organizzazione non solo amministra la Convenzione europea dei diritti dell\u2019uomo (Cedu), ma \u00e8 essa stessa un guardiano dei diritti fondamentali. L\u2019Assemblea parlamentare del Consiglio d\u2019Europa (da non confondere con il Consiglio europeo!) ha sospeso dal diritto di voto i parlamentari russi per l\u2019annessione della Crimea e l\u2019elenco delle azioni possibili contro altri Stati membri responsabili di gravi violazioni dei diritti umani potrebbe continuare.<\/p>\n<p><strong>I diritti dell\u2019uomo<br \/>\n<\/strong>Dei diritti dell\u2019uomo, intesi in senso ampio, si interessano, seppur in diversa misura, i programmi di tutte le coalizioni. Il centro-destra auspica una riforma della giustizia, ma nello stesso tempo chiede una revisione della legge sulla tortura. L\u2019Italia, per lungo tempo inadempiente, ha varato verso la fine della scorsa legislatura una legge in materia, per adeguarsi alla Convenzione internazionale contro la tortura di cui siamo parte. La legge \u00e8 perfettibile, ma non nel senso della proposta del centro-destra, che intende venir incontro alle proteste delle forze dell\u2019ordine, che hanno criticato la legge sul punto in cui considera la tortura commessa da un pubblico ufficiale come una circostanza aggravante, dimendicando che, secondo la Convenzione, la tortura \u00e8 atto tipico commesso da un pubblico ufficiale.<\/p>\n<p>Nel programma di + Europa la questione \u00e8 affrontata sotto il profilo della prevenzione degli \u201cabusi in divisa\u201d e si propone un numero identificativo per le forze dell\u2019ordine.<\/p>\n<p>L\u2019ancoraggio europeo e la tutela approntata dalla Convenzione europea dei diritti dell\u2019uomo costituirebbero un fattore fondamentale per la garanzia dei diritti dell\u2019uomo nell\u2019ordinamento italiano. Tra le nuove proposte si segnala quella sul fine vita, ora che \u00e8 stata approvata la legge sul testamento biologico. Il Pd, pi\u00f9 che avanzare nuove proposte, rivendica i successi conseguiti in materia, con l\u2019introduzione della legge sulle unioni civili, il divorzio breve e il biotestamento. Liberi e Uguali vorrebbe un salto di qualit\u00e0 con l\u2019introduzione del matrimonio delle coppie Lgbt. Liberi e Uguali si segnala inoltre per l\u2019attribuzione della cittadinanza ai nati in Italia da genitori stranieri, inclusi quelli che sono arrivati nel nostro Paese da piccoli, purch\u00e9 abbiano compiuto un ciclo di studi (il cosiddetto <em>ius culturae<\/em>). Proposta che non \u00e8 stata raccolta dalle altre forze politiche del centrosinistra, a causa delle pulsioni anti-immigrati ormai prevalenti nell\u2019opinione pubblica.<\/p>\n<p><strong>Sanzioni<br \/>\n<\/strong>E\u2019 notorio che gli ambienti industriali e buona parte di quelli politici (inclusi taluni esponenti governativi) non siano soddisfatti delle sanzioni o misure restrittive dell\u2019Ue contro la Russia, che gli Stati membri sono obbligati ad eseguire. Nei programmi elettorali non se ne parla molto, tranne in quello del M5S, che d\u00e0 una motivazione singolare dell\u2019annessione russa della Crimea e dell\u2019intervento russo in Ucraina. Si tratterebbe di contromisure prese dalla Federazione russa per fronteggiare l\u2019espansionismo della Nato. Il movimento auspica quindi l\u2019eliminazione delle sanzioni, che starebbero causando un grave danno alle nostre esportazioni.<\/p>\n<p><strong>Il disarmo e il controllo degli armamenti<br \/>\n<\/strong>Si tratta di questioni che ormai interessano pochi specialisti e su cui non si dilungano molto i programmi elettorali, che normalmente non vi fanno neppure cenno. Il M5S, dopo aver richiamato l\u2019art. 11 della Costituzione e il ripudio della guerra, auspica che il Mediterraneo divenga una zona priva di armi nucleari e prende posizione contro il deposito di armi nucleari, batteriologiche e chimiche in Italia. Sennonch\u00e9 in Italia esistono armi nucleari tattiche Usa, ma non vi \u00e8 alcun deposito di armi biologiche o chimiche, avendo il nostro Paese e i suoi alleati aderito alle Convenzioni per la loro messa al bando. L\u2019Italia ha cooperato con gli alleati per la distruzione delle armi chimiche siriane, che hanno fatto sosta al porto di Gioia Tauro, prima di essere imbarcate su una nave americana che ha provveduto alla loro distruzione.<\/p>\n<p>La ratifica del Trattato sulla messa al bando delle armi nucleari \u00e8 auspicata da Insieme, che fa parte della coalizione del Pd, e da Liberi ed Uguali.<\/p>\n<p>Maggiormente articolato il discorso di + Europa, che inquadra la questione nell\u2019ambito degli sviluppi dell\u2019Ue, con la costituzione di forze armate dell\u2019Unione prive di armi nucleari. Per questo viene auspicato il ritiro delle armi nucleari tattiche, peraltro da affrontare in sede Nato, e nel lungo periodo il disarmo generale e completo, come previsto dal Trattato sulla messa al bando delle armi nucleari. Nel medio periodo, invece, le armi nucleari francesi dovrebbero estendere la deterrenza a tutto il territorio dell\u2019Ue.<strong><br \/>\n<\/strong>I temi sopra esposti non sono per niente minutaglie. Solo che sono trattati come tali nei programmi elettorali o non trattati affatto. Ne parlano i movimenti minori, tranne il M5S, mentre Pd e coalizione di centro-destra sono interessati ad altre tematiche, soprattutto di politica interna. Per individuare le posizioni sulle questioni sopra evidenziate, occorre un lavoro di ricerca attento, che pu\u00f2 effettuare, con certosina pazienza, lo studioso o il politologo, ma non pu\u00f2 essere umanamente chiesto all\u2019elettore.<\/p>\n","protected":false},"excerpt":{"rendered":"<p>Con un rapido sguardo al sito del Ministero dell\u2019Interno si colgono non solo la molteplicit\u00e0 dei partiti e coalizioni che corrono per le elezioni del 4 marzo, ma anche la variet\u00e0 dei programmi che dovrebbero invitare gli elettori a preferire un partito o una coalizione. Senonch\u00e9 i programmi difficilmente sollecitano la curiosit\u00e0 popolare, tranne alcuni [&hellip;]<\/p>\n","protected":false},"author":21,"featured_media":68470,"comment_status":"closed","ping_status":"closed","sticky":false,"template":"","format":"standard","meta":{"footnotes":""},"categories":[9],"tags":[911,918,96,441,583,917,432],"_links":{"self":[{"href":"https:\/\/www.archivio-affarinternazionali.it\/archivio\/wp-json\/wp\/v2\/posts\/68425"}],"collection":[{"href":"https:\/\/www.archivio-affarinternazionali.it\/archivio\/wp-json\/wp\/v2\/posts"}],"about":[{"href":"https:\/\/www.archivio-affarinternazionali.it\/archivio\/wp-json\/wp\/v2\/types\/post"}],"author":[{"embeddable":true,"href":"https:\/\/www.archivio-affarinternazionali.it\/archivio\/wp-json\/wp\/v2\/users\/21"}],"replies":[{"embeddable":true,"href":"https:\/\/www.archivio-affarinternazionali.it\/archivio\/wp-json\/wp\/v2\/comments?post=68425"}],"version-history":[{"count":10,"href":"https:\/\/www.archivio-affarinternazionali.it\/archivio\/wp-json\/wp\/v2\/posts\/68425\/revisions"}],"predecessor-version":[{"id":68473,"href":"https:\/\/www.archivio-affarinternazionali.it\/archivio\/wp-json\/wp\/v2\/posts\/68425\/revisions\/68473"}],"wp:featuredmedia":[{"embeddable":true,"href":"https:\/\/www.archivio-affarinternazionali.it\/archivio\/wp-json\/wp\/v2\/media\/68470"}],"wp:attachment":[{"href":"https:\/\/www.archivio-affarinternazionali.it\/archivio\/wp-json\/wp\/v2\/media?parent=68425"}],"wp:term":[{"taxonomy":"category","embeddable":true,"href":"https:\/\/www.archivio-affarinternazionali.it\/archivio\/wp-json\/wp\/v2\/categories?post=68425"},{"taxonomy":"post_tag","embeddable":true,"href":"https:\/\/www.archivio-affarinternazionali.it\/archivio\/wp-json\/wp\/v2\/tags?post=68425"}],"curies":[{"name":"wp","href":"https:\/\/api.w.org\/{rel}","templated":true}]}}