{"id":69070,"date":"2018-04-13T11:53:48","date_gmt":"2018-04-13T09:53:48","guid":{"rendered":"https:\/\/www.archivio-affarinternazionali.it\/archivio\/?p=69070"},"modified":"2018-04-17T07:18:34","modified_gmt":"2018-04-17T05:18:34","slug":"populismo-europa-america-latina","status":"publish","type":"post","link":"https:\/\/www.archivio-affarinternazionali.it\/archivio\/2018\/04\/populismo-europa-america-latina\/","title":{"rendered":"Populismo: ricetta che mina Unione europea e America Latina"},"content":{"rendered":"<p>Diversamente da fascismo, nazismo, comunismo, socialismo, per nominarne alcuni, il <strong>populismo<\/strong> \u00e8 sicuramente un &#8216;ismo&#8217; anomalo, che non ha contenuti ed \u00e8 quindi difficile da categorizzare. Si tratta di un <em>modus comunicandi<\/em>, un contenitore stipato di argomenti che necessariamente prendono la sua forma: una visione manichea della societ\u00e0, divisa tra buoni (la maggioranza) e cattivi (l\u2019\u00e9lite), condita con una sana dose di personalismo politico e di semplificazione della realt\u00e0. I movimenti populisti possono quindi essere di destra o di sinistra, inclusivi od esclusivi e sono proprio queste due caratteristiche che rendono l\u2019<a href=\"https:\/\/www.archivio-affarinternazionali.it\/archivio\/2018\/01\/ue-unione-economica-monetaria-2018\/\"><strong>Unione europea<\/strong><\/a> e l\u2019<a href=\"https:\/\/www.archivio-affarinternazionali.it\/archivio\/2018\/01\/america-latina-2018-maratona-elezionii\/\" target=\"_blank\" rel=\"noopener noreferrer\"><strong>America Latina<\/strong><\/a> cos\u00ec vicine ma anche cos\u00ec lontane quando si parla di populismo.<\/p>\n<p><strong>Populismo inclusivo ed esclusivo<br \/>\n<\/strong>Il populismo latino viene spesso tacciato come la causa dei problemi economici e politici pi\u00f9 gravi della regione. Tuttavia, molti non lo considerano come la ragione delle spesso scarse performance economiche e politiche dei Paesi dell\u2019area, ma semplicemente come un\u2019inevitabile risposta sociale ad uno stato di inerzia, corruzione diffusa e malessere collettivo. In effetti, diversamente dall\u2019Unione europea, il populismo in America Latina \u00e8 solitamente di tipo inclusivo, si basa cio\u00e8 sulla necessit\u00e0 di dotare le masse, al di l\u00e0 della loro religione, razza ed identit\u00e0 nazionale, di un leader carismatico in grado di difendere i loro interessi da un \u00e9lite corrotta.<\/p>\n<p>Sicuramente, come del resto in America Latina, anche in Europa il populismo nasce a causa di una percepita mancanza di risposte da parte dei partiti pi\u00f9 tradizionali e dell\u2019Unione stessa. Tuttavia, il populismo che si vive oggi nei paesi dell\u2019Ue \u00e8 diverso, forse pi\u00f9 cupo, esclusivo e di forte chiusura verso l\u2019esterno. A parte in alcuni sporadici casi nel Sud Europa, vedasi Podemos, Syriza o lo stesso Movimento 5 Stelle, che ha per\u00f2 dei tratti ibridi quando si tratta di immigrazione, il populismo europeo \u00e8 fortemente nazionalista e si basa soprattutto su un generale senso di insicurezza diffusosi negli ultimi anni vuoi per la crisi migratoria vuoi per gli attacchi terroristici vuoi perch\u00e9 il welfare sociale sembra si stia riducendo.<\/p>\n<p><strong>Elezioni e populismo<br \/>\n<\/strong>Nel corso del 2017, l\u2019Unione europea ha visto partiti populisti nazionalisti conquistare nelle elezioni nazionali un numero senza precedenti di seggi. Nel marzo 2017, in <strong><a href=\"https:\/\/www.archivio-affarinternazionali.it\/archivio\/2017\/03\/olanda-quattro-fattori-un-voto-pro-ue\/\" target=\"_blank\" rel=\"noopener noreferrer\">Olanda<\/a><\/strong>, il Partito della Libert\u00e0 olandese (PVV), con una campagna elettorale islamofoba ed anti-europea, ha ottenuto il 13% dei voti, diventando il secondo partito della Seconda Camera del Parlamento olandese.<\/p>\n<p>In <strong><a href=\"https:\/\/www.archivio-affarinternazionali.it\/archivio\/2017\/05\/francia-vincere-la-bandiera-dellunione\/\" target=\"_blank\" rel=\"noopener noreferrer\">Francia<\/a><\/strong>, nelle elezioni presidenziali, il Front National ha ottenuto il 33,94% delle preferenze, con oltre 10,6 milioni di voti grazie ad una campagna elettorale basata sulla paura degli immigrati. In <a href=\"https:\/\/www.archivio-affarinternazionali.it\/archivio\/2018\/04\/ungheria-orban-valanga-difesa-minacce\/\" target=\"_blank\" rel=\"noopener noreferrer\"><strong>Ungheria<\/strong><\/a>, Viktor Orban e il suo partito Fidesz hanno vinto per la terza volta le elezioni, accelerando la deriva autoritaria del Paese. In <a href=\"https:\/\/www.archivio-affarinternazionali.it\/archivio\/speciali\/litalia-al-voto\/\"><strong>Italia<\/strong><\/a>, la Lega, uno dei partiti pi\u00f9 euroscettici nello scenario politico nazionale, dopo aver registrato un successo elettorale senza precedenti, sta ora tentando di formare un governo con la coalizione di destra ed il Movimento 5 Stelle.<\/p>\n<p>Anche l\u2019America Latina vedr\u00e0 diversi appuntamenti elettorali nel corso del 2018 con le elezioni presidenziali previste in Cile, Colombia, Messico e Brasile e diversi leader populisti pronti alla battaglia elettorale. In particolare, in Brasile, dopo l\u2019arresto dell\u2019ex presidente Lula, favorito dai sondaggi ma condannato per corruzione, il candidato di destra Jair Messias Bolsonaro, ex ufficiale dell\u2019esercito, criticato per i suoi ripetuti apprezzamenti sulla dittatura degli Anni 60, \u00e8 tra i pi\u00f9 probabili vincitori delle elezioni di ottobre con un programma che punta al taglio della spesa pubblica. Questo in un Paese dove, secondo i dati dell\u2019<a href=\"https:\/\/agenciadenoticias.ibge.gov.br\/agencia-noticias\/2012-agencia-de-\">Istituto Brasiliano di Geografia e Statistica<\/a> (Ibge), pi\u00f9 di 50 milioni di persone (25% della popolazione) vive al di sotto della soglia di povert\u00e0 con 4,5 euro al giorno.<\/p>\n<p><strong>Populismo e trend antidemocratici<br \/>\n<\/strong>In generale, il populismo in America Latina fa leva su un diffuso disincanto nei confronti della democrazia per la sua incapacit\u00e0 di fare fronte ai problemi sociali, alla corruzione e al crimine interno. Secondo le statistiche, nel corso del 2017, il supporto per la democrazia in America latina \u00e8 passato dal 66.4% al 57.8% e solo il 49.4% dei messicani e il 52.3% dei brasiliani crede che la democrazia sia un buon sistema politico, mentre il 38% dei cittadini della regione supporterebbe un colpo di stato se questo aiutasse la lotta contro il crimine e la corruzione.<\/p>\n<p>Sicuramente questi sono trend allarmanti, a cui i governi dei Paesi della regione cercano di rispondere. In effetti, gi\u00e0 nel 1992, con la firma del Protocollo di Ushuaia, i Paesi del Mercosur, l\u2019organizzazione regionale di mercato comune dell&#8217;America meridionale, avevano stabilito la cosiddetta &#8220;clausola democratica&#8221;. Tale clausola prevedeva, la sospensione di quegli Stati che avessero infranto l\u2019ordine democratico interno. Per questo motivo, la membership del Venezuela, Paese accusato di molteplici violazioni dei diritti umani, \u00a0\u00e8 stata sospesa ed il governo Maduro \u00e8 stato pi\u00f9 volete sollecitato a liberare i prigionieri politici ed organizzare elezioni libere nel 2018. Ad oggi, il Venezuela si colloca al 169.o posto nella classifica di Trasparency International, confermandosi come uno dei Paesi pi\u00f9 corrotti a livello mondiale e viene definito da Freedom House come Paese non libero.<\/p>\n<p>Nell&#8217;Unione europea la situazione non \u00e8 cos\u00ec drastica. Tuttavia le statistiche mostrano che il <a href=\"http:\/\/www.europarl.europa.eu\/news\/it\/headlines\/eu-affairs\/20170502STO73030\/eurobarometro-2017-i-punti-chiave-del-sondaggio\">47% degli europei \u00e8 insoddisfatto <\/a>del funzionamento corrente della democrazia e che una moltitudine di cittadini sembra sostenere le idee dei partiti nazionalisti, anche a discapito della propria libert\u00e0 personale, per favorire un maggior controllo dello Stato e promuovere la sicurezza interna. \u00a0Inoltre, se nell&#8217;Unione europea, il problema della corruzione \u00e8 meno evidente, registrando picchi solo in alcuni Paesi come Grecia, Bulgaria, Romania e la stessa Italia, l&#8217;indice di trasparenza e di stato di diritto di Ungheria, dove \u00e8 sceso di 10 punti negli ultimi sei anni, o Polonia sta mostrando trend allarmanti, rischiando di erodere non solo la cultura democratica ma anche l&#8217;indipendenza del potere giudiziario e la funzione di controllo esercitata dai media.<\/p>\n<p><strong>Un&#8217;insidia per l&#8217;integrazione<\/strong><br \/>\nIn conclusione, se la crisi economica nell&#8217;Unione europea sembra ormai un dato del passato, i partiti populisti prosperano grazie ad un diffuso sentimento di insicurezza gonfiato anche dalla globalizzazione, dalle crisi migratorie e dal terrorismo. E\u2019 da sottolineare che il populismo, non avendo contenuti, non \u00e8 di per se buono o cattivo. Il pericolo che sta attanagliando il progetto di integrazione europea quindi non \u00e8 tanto legato ai partiti populisti di per s\u00e9, ma al progressivo trionfo di idee nazionaliste, propagate tramite una comunicazione di stampo populista, che potrebbero fare venir meno il principio di solidariet\u00e0 su cui si basa lo stesso funzionamento delle istituzioni comuni europee.<\/p>\n<p>Questo favorirebbe e di fatto sta gi\u00e0 favorendo atteggiamenti egoistici (come il rifiuto dei Paesi del Visegrad di accettare le quote di richiedenti asilo) e fratture interne che renderebbero praticamente impossibile per l\u2019Unione europea di presentarsi come blocco unico sulla scena internazionale, dove i singoli Paesi membri, perfino la Germania, possono per\u00f2 poco contro le grandi potenze regionali come Stati Uniti, Cina ed India. Inoltre una tendenza nazionalista, rischia di far perdere legittimit\u00e0 al modello europeo che vede proprio nella cooperazione democratica tra Stati membri lo strumento per superare i conflitti interni.<\/p>\n<p>Nel caso dell\u2019America Latina molti dei giochi elettorali si concluderanno nel 2018. La paura \u00e8 che un ritorno al populismo, in Paesi dove corruzione e criminalit\u00e0 sono gi\u00e0 elevati possa avere delle ripercussioni molto forti sulle istituzioni democratiche. Inoltre, una nuova ondata di populismo in America Latina potrebbe creare ulteriori danni economici, spaventando gli investitori internazionali, che preferiscono istituzioni solide.<\/p>\n<p>In entrambe le aree, purtroppo, il panorama politico non \u00e8 dei migliori.<\/p>\n","protected":false},"excerpt":{"rendered":"<p>Diversamente da fascismo, nazismo, comunismo, socialismo, per nominarne alcuni, il populismo \u00e8 sicuramente un &#8216;ismo&#8217; anomalo, che non ha contenuti ed \u00e8 quindi difficile da categorizzare. Si tratta di un modus comunicandi, un contenitore stipato di argomenti che necessariamente prendono la sua forma: una visione manichea della societ\u00e0, divisa tra buoni (la maggioranza) e cattivi [&hellip;]<\/p>\n","protected":false},"author":21,"featured_media":69071,"comment_status":"closed","ping_status":"closed","sticky":false,"template":"","format":"standard","meta":{"footnotes":""},"categories":[9],"tags":[71,701,432],"_links":{"self":[{"href":"https:\/\/www.archivio-affarinternazionali.it\/archivio\/wp-json\/wp\/v2\/posts\/69070"}],"collection":[{"href":"https:\/\/www.archivio-affarinternazionali.it\/archivio\/wp-json\/wp\/v2\/posts"}],"about":[{"href":"https:\/\/www.archivio-affarinternazionali.it\/archivio\/wp-json\/wp\/v2\/types\/post"}],"author":[{"embeddable":true,"href":"https:\/\/www.archivio-affarinternazionali.it\/archivio\/wp-json\/wp\/v2\/users\/21"}],"replies":[{"embeddable":true,"href":"https:\/\/www.archivio-affarinternazionali.it\/archivio\/wp-json\/wp\/v2\/comments?post=69070"}],"version-history":[{"count":8,"href":"https:\/\/www.archivio-affarinternazionali.it\/archivio\/wp-json\/wp\/v2\/posts\/69070\/revisions"}],"predecessor-version":[{"id":69119,"href":"https:\/\/www.archivio-affarinternazionali.it\/archivio\/wp-json\/wp\/v2\/posts\/69070\/revisions\/69119"}],"wp:featuredmedia":[{"embeddable":true,"href":"https:\/\/www.archivio-affarinternazionali.it\/archivio\/wp-json\/wp\/v2\/media\/69071"}],"wp:attachment":[{"href":"https:\/\/www.archivio-affarinternazionali.it\/archivio\/wp-json\/wp\/v2\/media?parent=69070"}],"wp:term":[{"taxonomy":"category","embeddable":true,"href":"https:\/\/www.archivio-affarinternazionali.it\/archivio\/wp-json\/wp\/v2\/categories?post=69070"},{"taxonomy":"post_tag","embeddable":true,"href":"https:\/\/www.archivio-affarinternazionali.it\/archivio\/wp-json\/wp\/v2\/tags?post=69070"}],"curies":[{"name":"wp","href":"https:\/\/api.w.org\/{rel}","templated":true}]}}