{"id":69798,"date":"2018-06-02T15:31:29","date_gmt":"2018-06-02T13:31:29","guid":{"rendered":"https:\/\/www.archivio-affarinternazionali.it\/archivio\/?p=69798"},"modified":"2018-06-07T07:51:53","modified_gmt":"2018-06-07T05:51:53","slug":"italia-europa-sovranisti-governo","status":"publish","type":"post","link":"https:\/\/www.archivio-affarinternazionali.it\/archivio\/2018\/06\/italia-europa-sovranisti-governo\/","title":{"rendered":"Governo Conte: Italia, Europa e i sovranisti al potere"},"content":{"rendered":"<p>L&#8217;economista <strong>Cottarelli<\/strong> e la squadra di tecnici da lui proposta sarebbero stati ottimali per tenere in ordine i conti pubblici dell&#8217; <strong>Italia<\/strong> e rassicurare l&#8217; <strong>Europa<\/strong>. Ma solo nell&#8217;ipotesi, utopistica, che in Parlamento l&#8217;appoggio di forze moderate e le astensioni gli avessero consentito di durare sino alla fine dell&#8217;anno per fare approvare la legge di bilancio e, preferibilmente, anche una nuova legge elettorale.<\/p>\n<p>Ma dal momento che quell&#8217;incarico aveva provocato non solo la rabbia di <strong>Salvini<\/strong> bens\u00ec anche la ri-radicalizzazione di <strong>Di Maio<\/strong>, si annunciava lo scenario peggiore: una campagna elettorale condotta dai <a href=\"https:\/\/www.archivio-affarinternazionali.it\/archivio\/2017\/11\/populismo-globale-usa-italia\/\"><strong>partiti populisti<\/strong><\/a> all&#8217;insegna della liberazione dal giogo di Bruxelles, Berlino e Parigi; una polarizzazione fra sovranisti ed europeisti; una sconfitta dei secondi, accentuata dall&#8217;astensione prevedibile in periodo estivo. Probabili anche un sostanziale riequilibrio del rapporto di forze fra Lega e M5S, una salita al Colle di Salvini in modalit\u00e0 revanscista, una aperta sfida agli \u201ceurocrati\u201d e alla Germania \u201cmatrigna\u201d.<\/p>\n<p><strong>Il prezzo pagato per evitare lo scenario peggiore<\/strong><br \/>\nMolto saggiamente, dunque, il presidente <strong>Mattarella<\/strong> ha preferito recuperare l&#8217;opzione del <strong>governo<\/strong> politico, destinato a durare. Ha dovuto accettare designazioni discutibili: alle Politiche comunitarie il professor <strong>Savona<\/strong> pu\u00f2 ancora essere una presenza scomoda, mentre <strong>Moavero<\/strong> ci starebbe meglio che agli Esteri; vari ministri hanno curricula e competenze scarsi; e la stessa scelta di un premier sconosciuto e sotto tutela lascia perplessi. Ma il presidente ha mantenuto il punto sul ministero dell&#8217;Economia e ha anche ottenuto dichiarazioni distensive di <strong>Conte<\/strong> e di altri sull&#8217;Europa e sull&#8217;euro.<\/p>\n<p>Resta da vedere se si tratta di mero \u201clip service\u201d, per suggellare la pace col capo dello Stato e placare i mercati, o invece di un ritrovato senso di responsabilit\u00e0.<\/p>\n<p>Qui va chiarito un punto: il problema non \u00e8 solo la rinuncia a piazzare in un posto-chiave un fautore del &#8216;piano B&#8217; e a portare l&#8217; Italia fuori dalla gabbia dell&#8217;euro verso la libert\u00e0 (libert\u00e0 di svalutare, lasciare galoppare il deficit, stampare moneta, drogarsi di inflazione). Non basta che l&#8217;illustre economista smentisca di volere guidare un attacco frontale alla moneta comune e che i leaders populisti non propongano un referendum sull&#8217;Itexit, cio&#8217; l&#8217;uscita dell&#8217; Italia dall&#8217;euro.<\/p>\n<p><strong>Il pericolo dell&#8217;agnosticismo e la speranza d&#8217;una conversione al realismo<\/strong><br \/>\nPericoloso \u00e8 anche il semplice agnosticismo: un disdegno verso i vincoli di bilancio, l&#8217;implicita accettazione del rischio di esplosione dello spread, dell&#8217;impossibilit\u00e0 di collocare le nuove emissioni di Btp e Bot, del ricorso all&#8217;emissione di una\u201d nuova lira\u201d inizialmente parallela all&#8217;euro ma destinata a svalutarsi rapidamente.Da questo punto di vista il governo appena varato ci permette forse di sperare in una conversione al realismo (\u00e8 successo persino con Tsipras!), ma non offre certezze. Da un lato abbiamo i professori Conte e Tria, e l&#8217;esperto di affari comunitari Moavero, stimato a Bruxelles. Dall&#8217;altro la determinazione di Salvini e Di Maio a realizzare le loro demagogiche promesse elettorali e l&#8217;attribuzione al presidente del Consiglio del ruolo di mero esecutore del loro\u00a0<a href=\"https:\/\/www.archivio-affarinternazionali.it\/archivio\/2018\/05\/italia-ue-contratto-governo\/\" target=\"_blank\" rel=\"noopener noreferrer\"><strong>programma<\/strong><\/a>.<\/p>\n<p><strong>Le tentazioni da frenare e i vincoli da rispettare<\/strong><br \/>\nMolto dipender\u00e0 dal titolare dell&#8217;Economia. Forse Tria riuscir\u00e0 a convincere Di Maio che il reddito di cittadinanza pu\u00f2 e deve essere riformulato come moderato ampliamento del gi\u00e0 esistente reddito di inclusione, e rimandato di qualche anno, in quanto va prima creata una rete adeguata di uffici del lavoro. Pi\u00f9 problematico \u00e8 il nodo della flat tax voluta da Salvini (e da Berlusconi) e vista dallo stesso Tria con favore.Ancora pi\u00f9 esplosivo \u00e8 il proposito di abrogare la legge Fornero. Anche una revisione che non sia solo cosmetica ci farebbe perdere la fiducia dell&#8217;Europa e dei mercati.<\/p>\n<p>Occorre il coraggio di dire che la tanto decantata &#8216;soglia cento&#8217; (pensione a 60 anni per chi ha cominciato a lavorare a 20 anni, a 62 per chi \u00e8 entrato a 24 anni, e cos\u00ec via), se non limitata ai lavori pi\u00f9 usuranti, \u00e8 assolutamente insostenibile, e incompatibile con la nostra richiesta di solidariet\u00e0 rivolta ai partners comunitari. Sulle spalle del presidente Mattarella graver\u00e0 il compito di ricordare al professor Conte e ai potenti vice-premier i vincoli costituzionali di cui a parole hanno riconosciuto l&#8217;esistenza: la copertura finanziaria delle leggi, progressivit\u00e0 dell&#8217;imposizione fiscale, tutela del risparmio, rispetto dei trattati, integrazione europea.<\/p>\n","protected":false},"excerpt":{"rendered":"<p>L&#8217;economista Cottarelli e la squadra di tecnici da lui proposta sarebbero stati ottimali per tenere in ordine i conti pubblici dell&#8217; Italia e rassicurare l&#8217; Europa. Ma solo nell&#8217;ipotesi, utopistica, che in Parlamento l&#8217;appoggio di forze moderate e le astensioni gli avessero consentito di durare sino alla fine dell&#8217;anno per fare approvare la legge di [&hellip;]<\/p>\n","protected":false},"author":21,"featured_media":69808,"comment_status":"closed","ping_status":"closed","sticky":false,"template":"","format":"standard","meta":{"footnotes":""},"categories":[9],"tags":[955,96,701,432],"_links":{"self":[{"href":"https:\/\/www.archivio-affarinternazionali.it\/archivio\/wp-json\/wp\/v2\/posts\/69798"}],"collection":[{"href":"https:\/\/www.archivio-affarinternazionali.it\/archivio\/wp-json\/wp\/v2\/posts"}],"about":[{"href":"https:\/\/www.archivio-affarinternazionali.it\/archivio\/wp-json\/wp\/v2\/types\/post"}],"author":[{"embeddable":true,"href":"https:\/\/www.archivio-affarinternazionali.it\/archivio\/wp-json\/wp\/v2\/users\/21"}],"replies":[{"embeddable":true,"href":"https:\/\/www.archivio-affarinternazionali.it\/archivio\/wp-json\/wp\/v2\/comments?post=69798"}],"version-history":[{"count":11,"href":"https:\/\/www.archivio-affarinternazionali.it\/archivio\/wp-json\/wp\/v2\/posts\/69798\/revisions"}],"predecessor-version":[{"id":69836,"href":"https:\/\/www.archivio-affarinternazionali.it\/archivio\/wp-json\/wp\/v2\/posts\/69798\/revisions\/69836"}],"wp:featuredmedia":[{"embeddable":true,"href":"https:\/\/www.archivio-affarinternazionali.it\/archivio\/wp-json\/wp\/v2\/media\/69808"}],"wp:attachment":[{"href":"https:\/\/www.archivio-affarinternazionali.it\/archivio\/wp-json\/wp\/v2\/media?parent=69798"}],"wp:term":[{"taxonomy":"category","embeddable":true,"href":"https:\/\/www.archivio-affarinternazionali.it\/archivio\/wp-json\/wp\/v2\/categories?post=69798"},{"taxonomy":"post_tag","embeddable":true,"href":"https:\/\/www.archivio-affarinternazionali.it\/archivio\/wp-json\/wp\/v2\/tags?post=69798"}],"curies":[{"name":"wp","href":"https:\/\/api.w.org\/{rel}","templated":true}]}}