{"id":70003,"date":"2018-06-16T08:26:02","date_gmt":"2018-06-16T06:26:02","guid":{"rendered":"https:\/\/www.archivio-affarinternazionali.it\/archivio\/?p=70003"},"modified":"2018-06-20T17:42:37","modified_gmt":"2018-06-20T15:42:37","slug":"gaza-rocca-cri-auspicio","status":"publish","type":"post","link":"https:\/\/www.archivio-affarinternazionali.it\/archivio\/2018\/06\/gaza-rocca-cri-auspicio\/","title":{"rendered":"Gaza: Rocca (Cri), l&#8217;auspicio di soluzioni pragmatiche"},"content":{"rendered":"<p>Le tensioni nella <a href=\"https:\/\/www.archivio-affarinternazionali.it\/archivio\/2018\/04\/israele-hamas-palestinesi-gaza\/\"><strong>Striscia di Gaza<\/strong><\/a> hanno di nuovo raggiunto nelle scorse settimane un livello pericolosamente alto: a partire dal trasferimento dell\u2019ambasciata degli Usa in <a href=\"https:\/\/www.archivio-affarinternazionali.it\/archivio\/2018\/04\/strascia-gaza-hamas-israele\/\"><strong>Israele<\/strong> <\/a>da Tel Aviv a Gerusalemme, quasi in concomitanza con la celebrazione della <em>nabka<\/em>, gli scontri tra manifestanti <strong>palestinesi<\/strong> e forze israeliane si sono moltiplicati lungo tutto la Striscia.<em> AffarInternazionali.it<\/em> ha intervistato il presidente della Federazione internazionale della <strong>Croce Rossa<\/strong> e della Mezzaluna Rossa, Francesco <strong>Rocca<\/strong>, presso la Mezzaluna Rossa palestinese nella Striscia di Gaza.<\/p>\n<ol>\n<li><strong>Presidente Rocca, le tensioni nella Striscia sono al livello delle precedenti Intifade?, potremmo trovarci davanti al rischio di una nuova Intifada?<\/strong><\/li>\n<\/ol>\n<p>Il rischio \u00e8 sempre presente. Io mi sono preoccupato delle conseguenze umanitarie dell\u2019ultima delle crisi legata a quella che \u00e8 stata definita la &#8216;marcia del ritorno&#8217; (<em>nabka<\/em>) e al numero imponente di feriti che c\u2019\u00e8 stato a seguito degli scontri lungo la linea di confine tra Gaza e Israele. Tra gli abitanti di Gaza il livello di frustrazione \u00e8 molto alto.<\/p>\n<p>Non possiamo dire che la &#8216;marcia del ritorno&#8217; sia una terza Intifada, ma la partecipazione \u00e8 il segno di questo stato di frustrazione ed insofferenza presente soprattutto tra i giovani. Non si tratta tanto di una valutazione politica, quanto dell\u2019assenza di speranza relativamente alle normali attese di vita di ciascun essere umano. Il problema \u00e8 che a Gaza le opportunit\u00e0 per il futuro e gli sbocchi lavorativi sono pressoch\u00e9 nulli e, allo stesso tempo, andarsene dalla Striscia \u00e8 difficilissimo. Questo crea notevole disagio.<\/p>\n<p>Dal punto di vista umanitario, la situazione \u00e8 molto impegnativa; il numero di feriti \u00e8 enorme, gli interventi programmati solo per i feriti delle ultime giornate di protesta sono migliaia ed alcuni di questi avranno necessit\u00e0 di trattamenti riabilitativi di medio lungo termine. Molti di loro avranno conseguenze invalidanti per tutta la vita ed il sistema sanitario non \u00e8 in grado di fornire servizi adeguati. Le difficolt\u00e0 sono assolutamente enormi.<\/p>\n<ol start=\"2\">\n<li><strong>Presidente Rocca, la popolazione riesce ad avere beni e servizi di prima necessit\u00e0?<\/strong><\/li>\n<\/ol>\n<p>I problemi su questo fronte sono molteplici. L\u2019acqua \u00e8 un problema assolutamente serio, soprattutto per quanto riguarda l\u2019accesso a fonti di acqua potabile. L\u2019elettricit\u00e0 nella Striscia viene fornita per 3\/4 ore al giorno e per il restante tempo, si fa affidamento su generatori elettrici, anche nel caso di strutture ospedaliere e sanitarie. A ci\u00f2 si aggiunga una sistema fognario che lascia molto a desiderare e la considerazione che circa 2 milioni di persone vivono in queste condizioni nella Striscia di Gaza.<\/p>\n<ol start=\"3\">\n<li><strong>Siete riusciti a collaborare con le autorit\u00e0 israeliane?<\/strong><\/li>\n<\/ol>\n<p>Io sono entrato a Gaza con la collaborazione del governo israeliano. Ovviamente, la situazione di conflitto non aiuta e il governo israeliano si sta irrigidendo davanti alle ultime proteste palestinesi. Io ho auspicato e auspico che vi sia un alleggerimento del blocco per quello che riguarda la vita quotidiana all\u2019interno di Gaza. Naturalmente noi manteniamo un profilo neutrale rispetto al conflitto in corso, ma la questione dell\u2019accesso ai beni primari \u00e8 una cosa che non posso non sottolineare.<\/p>\n<ol start=\"4\">\n<li><strong>Presidente Rocca, che tipo di reazione auspica da parte della comunit\u00e0 internazionale?<\/strong><\/li>\n<\/ol>\n<p>La comunit\u00e0 internazionale dovrebbe smetterla di assecondare i fanatismi e le radicalizzazioni da ambo le parti. L\u2019assenza di speranza all\u2019interno della Striscia e l\u2019eccesso di ideologizzazione del conflitto, che sta andando avanti da pi\u00f9 di 50 anni, hanno reso ulteriormente polarizzata l\u2019opinione della comunit\u00e0 internazionale e reso non plausibile un efficace ruolo facilitatore da parte delle Nazioni Unite. Io auspico che si possano trovare delle soluzioni pragmatiche, malgrado la situazione attuale.<\/p>\n","protected":false},"excerpt":{"rendered":"<p>Le tensioni nella Striscia di Gaza hanno di nuovo raggiunto nelle scorse settimane un livello pericolosamente alto: a partire dal trasferimento dell\u2019ambasciata degli Usa in Israele da Tel Aviv a Gerusalemme, quasi in concomitanza con la celebrazione della nabka, gli scontri tra manifestanti palestinesi e forze israeliane si sono moltiplicati lungo tutto la Striscia. AffarInternazionali.it [&hellip;]<\/p>\n","protected":false},"author":21,"featured_media":70004,"comment_status":"closed","ping_status":"closed","sticky":false,"template":"","format":"standard","meta":{"footnotes":""},"categories":[9],"tags":[1159,88,95,510,115,1158],"_links":{"self":[{"href":"https:\/\/www.archivio-affarinternazionali.it\/archivio\/wp-json\/wp\/v2\/posts\/70003"}],"collection":[{"href":"https:\/\/www.archivio-affarinternazionali.it\/archivio\/wp-json\/wp\/v2\/posts"}],"about":[{"href":"https:\/\/www.archivio-affarinternazionali.it\/archivio\/wp-json\/wp\/v2\/types\/post"}],"author":[{"embeddable":true,"href":"https:\/\/www.archivio-affarinternazionali.it\/archivio\/wp-json\/wp\/v2\/users\/21"}],"replies":[{"embeddable":true,"href":"https:\/\/www.archivio-affarinternazionali.it\/archivio\/wp-json\/wp\/v2\/comments?post=70003"}],"version-history":[{"count":3,"href":"https:\/\/www.archivio-affarinternazionali.it\/archivio\/wp-json\/wp\/v2\/posts\/70003\/revisions"}],"predecessor-version":[{"id":70036,"href":"https:\/\/www.archivio-affarinternazionali.it\/archivio\/wp-json\/wp\/v2\/posts\/70003\/revisions\/70036"}],"wp:featuredmedia":[{"embeddable":true,"href":"https:\/\/www.archivio-affarinternazionali.it\/archivio\/wp-json\/wp\/v2\/media\/70004"}],"wp:attachment":[{"href":"https:\/\/www.archivio-affarinternazionali.it\/archivio\/wp-json\/wp\/v2\/media?parent=70003"}],"wp:term":[{"taxonomy":"category","embeddable":true,"href":"https:\/\/www.archivio-affarinternazionali.it\/archivio\/wp-json\/wp\/v2\/categories?post=70003"},{"taxonomy":"post_tag","embeddable":true,"href":"https:\/\/www.archivio-affarinternazionali.it\/archivio\/wp-json\/wp\/v2\/tags?post=70003"}],"curies":[{"name":"wp","href":"https:\/\/api.w.org\/{rel}","templated":true}]}}