{"id":70092,"date":"2018-06-22T22:53:57","date_gmt":"2018-06-22T20:53:57","guid":{"rendered":"https:\/\/www.archivio-affarinternazionali.it\/archivio\/?p=70092"},"modified":"2018-07-03T06:40:43","modified_gmt":"2018-07-03T04:40:43","slug":"ue-vertice-difesa-capacita","status":"publish","type":"post","link":"https:\/\/www.archivio-affarinternazionali.it\/archivio\/2018\/06\/ue-vertice-difesa-capacita\/","title":{"rendered":"Ue: Vertice, quali capacit\u00e0 militari prioritarie per l&#8217;Europa"},"content":{"rendered":"<p>Il prossimo <a href=\"https:\/\/www.archivio-affarinternazionali.it\/archivio\/2017\/12\/nato-ue-difesa-europea\/\" target=\"_blank\" rel=\"noopener noreferrer\"><strong>Consiglio europeo<\/strong><\/a> del 28-29 giugno vede di nuovo in agenda, oltre a <strong>economia<\/strong>, <strong>migrazione<\/strong> e <strong>Brexit<\/strong>, anche gli sviluppi nel campo della<a href=\"https:\/\/www.archivio-affarinternazionali.it\/archivio\/2018\/06\/ue-difesa-regolamento-passo-avanti\/\" target=\"_blank\" rel=\"noopener noreferrer\"><strong> difesa<\/strong><\/a>. In quest\u2019ultimo ambito, sin dal dicembre 2013, il Consiglio ha definito come prioritario per gli Stati membri lo sviluppo di alcune <strong>capacit\u00e0 militari<\/strong>, quali i velivoli a pilotaggio remoto, le comunicazioni satellitari e gli aerei che effettuano rifornimento di carburante in volo. A queste si sono di fatto aggiunte negli ultimi anni, anche alla luce della forte pressione migratoria nel Mediterraneo, i mezzi per l\u2019intelligence e la sorveglianza in mare.<\/p>\n<p>Sull&#8217;analisi di queste quattro capacit\u00e0 si incentra lo <a href=\"http:\/\/www.iai.it\/it\/ricerche\/framework-contract-permanent-monitoring-and-analysis-military-capabilities-and-defence\"><strong>studio<\/strong><\/a>\u00a0realizzato da un consorzio di think tank europei guidato dallo <a href=\"http:\/\/www.iai.it\/it\"><strong>IAI<\/strong><\/a>, per conto dell\u2019Agenzia europea per la difesa, che fornisce un\u2019analisi dei recenti investimenti militari fatti dai 28 stati membri dell\u2019<strong>Ue<\/strong> e da Norvegia, Serbia e Svizzera.<\/p>\n<p><strong>Droni e satelliti europei<br \/>\n<\/strong>Per quanto riguarda i velivoli a pilotaggio remoto, Francia, Germania, Italia e Spagna hanno deciso di unire le forze con il programma Eurodrone, aperto all&#8217;adesione di altri Stati Ue e volto a garantire la disponibilit\u00e0 per le forze armate di un nuovo drone di produzione europea a partire dal 2025. Il lancio della fase di sviluppo del velivolo \u00e8 previsto per il 2019, mentre indicativamente nel 2023 dovrebbe volare il primo prototipo. \u00c8 quindi importante che gli stati partecipanti inizino a programmare l\u2019entrata in servizio della piattaforma nelle rispettive forze armate, come gi\u00e0 sta facendo la Francia.<\/p>\n<p>In materia di comunicazione satellitare per <a href=\"https:\/\/www.archivio-affarinternazionali.it\/archivio\/2018\/01\/spazio-lanciatori-italia-europa\/\">soggetti governativi<\/a>, incluse quindi forze armate e di sicurezza nonch\u00e9 protezione civile, il programma Govsatcom vede la partecipazione di 15 Stati europei &#8211; tra cui Francia, Germania, Gran Bretagna, Italia, Polonia, Spagna, Svezia \u2013 e la cooperazione tra Agenzia spaziale europea, Commissione europea, e Agenzia europea per la Difesa. Il programma entrer\u00e0 prossimamente nella fase di dimostrazione, che dovrebbe garantire la sua piena attuazione a partire dal 2020. Il valore aggiunto di Govsatcom dipender\u00e0 dalla capacit\u00e0 dei partecipanti di modellare la sua struttura in maniera da evitare una duplicazione rispetto agli sforzi gi\u00e0 condotti su base nazionale o bilaterale dai principali Paesi europei.<\/p>\n<p>L\u2019analisi dello sviluppo delle capacit\u00e0 militari non pu\u00f2 non tener conto della significativa accelerazione che l\u2019integrazione europea in materia di difesa ha subito a partire dal 2016. In questo contesto, uno strumento significativo \u00e8 il <a href=\"https:\/\/www.archivio-affarinternazionali.it\/archivio\/2018\/06\/ue-difesa-regolamento-passo-avanti\/\">Fondo europeo per la difesa<\/a> (<em>European Defence Fund<\/em> &#8211; Edf), istituito per finanziare la ricerca tecnologica e co-finanziare le acquisizioni militari in progetti che vedono la partecipazione di almeno tre Stati Ue. Per il bilancio 2021-2027 si ipotizzano 13 miliardi di euro. Nei prossimi mesi si discuteranno i regolamenti attuativi ed il programma di lavoro. Gi\u00e0 lo scorso maggio il ministro della Difesa tedesco, Ursula Von Der Leyen, a margine di una riunione dei ministri della Difesa Ue a Sofia ha avanzato l\u2019ipotesi che l\u2019Eurodrone venga co-finanziato dall&#8217;Edf.<\/p>\n<p><strong>Sorveglianza ed intelligence in mare<br \/>\n<\/strong>In questo ambito, un ruolo di primo piano \u00e8 svolto dall\u2019Azione preparatoria per la ricerca nel campo della difesa (<em>Preparatory Action on Defence Research<\/em> \u2013 Padr), che sta testando le procedure per il finanziamento alla ricerca tecnologica da parte dell&#8217;Edf. Tra i progetti sostenuti dalla Padr figura Ocean2020, a guida Leonardo per l\u2019integrazione di navi e velivoli \u2013 questi ultimi con pilota a bordo o a pilotaggio remoto &#8211; per compiti di intelligence e sorveglianza nel Mediterraneo e nel Baltico.<\/p>\n<p>Il settore marittimo ha un posto di primo piano anche nella prima tornata di 17 progetti di cooperazione approvati dal Consiglio nel marzo 2018 nel quadro della <a href=\"https:\/\/www.archivio-affarinternazionali.it\/archivio\/2017\/11\/ue-difesa-pesco-parte\/\">cooperazione strutturata permanente<\/a> (<em>Permanent Structured Cooperation<\/em> \u2013 PeSCo), lanciata a fine 2017. Tra i sei progetti aventi l\u2019obiettivo di sviluppare congiuntamente capacit\u00e0 militari, infatti, ben tre sono inquadrati in tale ambito.<\/p>\n<p>Il primo riguarda la creazione di nuovi sistemi cacciamine a pilotaggio semi-autonomo (<em>Maritime semi- Autonomous Systems for Mine Countermeasures<\/em> \u2013 Mas Mcm). Il secondo, a guida italiana e con la partecipazione di Grecia, Portogallo e Spagna, prevede la creazione e l\u2019introduzione di una nuova piattaforma per la protezione dei porti (<em>Harbour &amp; Maritime Surveillance and Protection <\/em>\u2013 Harmspro). Il terzo, guidato dalla Grecia e volto alla definizione di nuove piattaforme per migliorare i compiti di pattugliamento (<em>Upgrade of Maritime Surveillance<\/em>), vede la partecipazione dell\u2019Italia, assieme a Bulgaria, Croazia, Cipro, Irlanda e Spagna.<\/p>\n<p>Nessun progetto PeSCo ha riguardato finora gli aerei che effettuano rifornimento di carburante in volo, ma \u00e8 possibile che la materia figuri tra quelle considerate per il prossimo ciclo di progetti, previsto per l&#8217;autunno. Vi sono infatti presupposti favorevoli grazie allo sviluppo del Comando europeo per il trasporto aereo (<em>European Air Transport Command<\/em> \u2013 Eatc), l\u2019hub per l\u2019utilizzo congiunto in operazioni ed esercitazioni dei velivoli posseduti dai sette Paesi partecipanti \u2013 tra cui Francia, Germania, Italia e Spagna. A sostegno di questa ipotesi, inoltre, la capacit\u00e0 di rifornimento in volo \u00e8 stata definita dalla Commissione europea, all&#8217;interno di un suo documento operativo, come un\u2019area critica che necessita di progetti collaborativi.<\/p>\n<p><strong>Il futuro della cooperazione europea nella difesa<br \/>\n<\/strong>Il dibattito nel prossimo Consiglio europeo dovrebbe considerare fattori e sviluppi che possono influenzare il futuro della cooperazione europea in materia di difesa, nel breve o nel medio periodo. A livello politico-strategico, vi sono certamente l\u2019approccio poco rassicurante adottato dall&#8217;Amministrazione americana riguardo alla sicurezza del Vecchio Continente e del suo vicinato, le diversit\u00e0 tra gli Stati Ue quanto a percezione delle minacce alla sicurezza nazionale, le divisioni intra-europee sul tema dei migranti e la diffusa tendenza dei governi europei a preferire accordi bilaterali a soluzioni multilaterali, e, non da ultimo ovviamente, l\u2019impatto della Brexit.<\/p>\n<p>Il livello politico-strategico va per\u00f2 collegato a quello militare e industriale, in particolare ma non solo rispetto alle suddette capacit\u00e0, considerando realisticamente sia le opportunit\u00e0 sia gli ostacoli per una maggiore cooperazione ed integrazione europea nella difesa. Solo unendo i diversi piani in una visione organica si possono infatti realizzare concreti passi in avanti nella risoluzione dei problemi, soddisfacendo e gestendo le aspettative suscitate al riguardo.<\/p>\n","protected":false},"excerpt":{"rendered":"<p>Il prossimo Consiglio europeo del 28-29 giugno vede di nuovo in agenda, oltre a economia, migrazione e Brexit, anche gli sviluppi nel campo della difesa. In quest\u2019ultimo ambito, sin dal dicembre 2013, il Consiglio ha definito come prioritario per gli Stati membri lo sviluppo di alcune capacit\u00e0 militari, quali i velivoli a pilotaggio remoto, le [&hellip;]<\/p>\n","protected":false},"author":21,"featured_media":70132,"comment_status":"closed","ping_status":"closed","sticky":false,"template":"","format":"standard","meta":{"footnotes":""},"categories":[9],"tags":[1175,82,1176,432,729],"_links":{"self":[{"href":"https:\/\/www.archivio-affarinternazionali.it\/archivio\/wp-json\/wp\/v2\/posts\/70092"}],"collection":[{"href":"https:\/\/www.archivio-affarinternazionali.it\/archivio\/wp-json\/wp\/v2\/posts"}],"about":[{"href":"https:\/\/www.archivio-affarinternazionali.it\/archivio\/wp-json\/wp\/v2\/types\/post"}],"author":[{"embeddable":true,"href":"https:\/\/www.archivio-affarinternazionali.it\/archivio\/wp-json\/wp\/v2\/users\/21"}],"replies":[{"embeddable":true,"href":"https:\/\/www.archivio-affarinternazionali.it\/archivio\/wp-json\/wp\/v2\/comments?post=70092"}],"version-history":[{"count":2,"href":"https:\/\/www.archivio-affarinternazionali.it\/archivio\/wp-json\/wp\/v2\/posts\/70092\/revisions"}],"predecessor-version":[{"id":70095,"href":"https:\/\/www.archivio-affarinternazionali.it\/archivio\/wp-json\/wp\/v2\/posts\/70092\/revisions\/70095"}],"wp:featuredmedia":[{"embeddable":true,"href":"https:\/\/www.archivio-affarinternazionali.it\/archivio\/wp-json\/wp\/v2\/media\/70132"}],"wp:attachment":[{"href":"https:\/\/www.archivio-affarinternazionali.it\/archivio\/wp-json\/wp\/v2\/media?parent=70092"}],"wp:term":[{"taxonomy":"category","embeddable":true,"href":"https:\/\/www.archivio-affarinternazionali.it\/archivio\/wp-json\/wp\/v2\/categories?post=70092"},{"taxonomy":"post_tag","embeddable":true,"href":"https:\/\/www.archivio-affarinternazionali.it\/archivio\/wp-json\/wp\/v2\/tags?post=70092"}],"curies":[{"name":"wp","href":"https:\/\/api.w.org\/{rel}","templated":true}]}}