{"id":70924,"date":"2018-09-13T16:13:40","date_gmt":"2018-09-13T14:13:40","guid":{"rendered":"https:\/\/www.archivio-affarinternazionali.it\/archivio\/?p=70924"},"modified":"2018-09-13T16:13:40","modified_gmt":"2018-09-13T14:13:40","slug":"nordea-bene-paesi-nordici","status":"publish","type":"post","link":"https:\/\/www.archivio-affarinternazionali.it\/archivio\/2018\/09\/nordea-bene-paesi-nordici\/","title":{"rendered":"Nordea: bene i Paesi Nordici, in attesa impatto salari tedesco"},"content":{"rendered":"<p>Il principale gruppo finanziario dei Paesi nordici, <strong>Nordea<\/strong>, ha di recente pubblicato la sua analisi sulle prospettive economiche dell&#8217;area: un <a href=\"https:\/\/docs.nordeamarkets.com\/nordea-economic-outlook\/economic-outlook-2018\/EO-en-03-2018\/?utm_source=press-release&amp;utm_medium=press&amp;utm_campaign=EO201803\"><strong>Economic Outlook<\/strong> <\/a>con elementi di chiaroscuro, ma sostanzialmente positivo.<\/p>\n<p>Secondo l&#8217;analisi di Nordea, l&#8217;intensificarsi e l&#8217;articolarsi delle dispute commerciali tra gli Stati Uniti e il resto del mondo ha colpito l&#8217;economia globale e ci\u00f2 sar\u00e0 pi\u00f9 evidente nel breve e medio termine. A livello regionale, le pressioni salariali nei Paesi nordici sono state limitate a causa della focalizzazione sulla competitivit\u00e0 nelle trattative salariali. Ma con l&#8217;occupazione che continua a crescere, la crescita dei salari in Germania si far\u00e0 inevitabilmente sentire sui mercati del lavoro nordici, afferma l&#8217;economista capo del gruppo Nordea Helge J. Pedersen.<\/p>\n<p><strong>Svezia: la domanda interna \u00e8 forte<\/strong><br \/>\nL&#8217;<a href=\"https:\/\/www.archivio-affarinternazionali.it\/archivio\/2018\/09\/svezia-marea-sovranista-sale\/\"><strong>economia svedese<\/strong><\/a> sta ancora andando bene, sostenuta dalla forte domanda interna. I prezzi delle case si sono stabilizzati, dopo la flessione dello scorso autunno, ma i consumi privati sembrano destinati a rallentare a causa dell&#8217;incertezza del mercato immobiliare. Il mercato del lavoro rimane un po&#8217; asfittico, ma la crescita dei salari \u00e8 stata sorprendentemente stabile. Quando l&#8217;effetto del deprezzamento della corona svedese si affievolir\u00e0 e i prezzi dell&#8217;energia si stabilizzeranno, l&#8217;inflazione diminuir\u00e0 l&#8217;anno prossimo. Nordea prevede che la Riksbank faccia una prima mossa sui tassi entro fine 2019 e altre due nel 2020, una volta finito il Quantitative Easing da parte della Bce.<\/p>\n<p><strong>Norvegia: crescita solida e famiglie e imprese ottimiste<\/strong><br \/>\nLe prospettive per l&#8217;<strong>economia norvegese<\/strong> sono buone. Il mercato immobiliare \u00e8 tornato positivo e l&#8217;attivit\u00e0 edilizia seguir\u00e0 presto l&#8217;esempio dopo un brusco calo da inizio anno. Nordea prevede inoltre un forte aumento degli investimenti petroliferi. Crescita solida del reddito e maggiore ottimismo tra famiglie e imprese stimoleranno la crescita dei consumi e degli investimenti in terraferma. La crescita dei salari aumenter\u00e0 e nel 2020 l&#8217;inflazione raggiunger\u00e0 l&#8217;obiettivo del 2%. La Norges Bank aumenter\u00e0 gradualmente i tassi e la corona norvegese dovrebbe rafforzarsi.<\/p>\n<p><strong>Danimarca: l&#8217;economia si rianima bene<\/strong><br \/>\nL&#8217;<strong>economia danese<\/strong> si sta rianimando molto bene a causa della caduta della disoccupazione, dell&#8217;aumento degli investimenti delle imprese e dell&#8217;aumento della fiducia dei consumatori. Tutti dati positivi sostenuti da tassi di interesse molto bassi, dall&#8217;aumento dei prezzi delle abitazioni e da una solida crescita dei salari reali. Anche cos\u00ec, tuttavia, la crescita quest&#8217;anno appare molto debole, tra l&#8217;altro a causa degli effetti negativi della lunga siccit\u00e0 di questa estate. La crescita sar\u00e0 pi\u00f9 elevata nel 2019, ma dovrebbe rallentare leggermente nel 2020 a causa della crescente carenza di manodopera e della minore domanda.<\/p>\n<p><strong>Finlandia: una sana strada di crescita<\/strong><br \/>\nL&#8217;<a href=\"https:\/\/www.archivio-affarinternazionali.it\/archivio\/2018\/09\/difesa-finlandia-francia-iniziativa\/\" target=\"_blank\" rel=\"noopener noreferrer\"><strong>economia finlandese<\/strong><\/a> continua lungo una sana strada di crescita quest&#8217;anno e il prossimo, tirata dai consumi ed alimentata dalla favorevole evoluzione del mercato del lavoro e dagli sviluppi salariali. Tuttavia, sul calare dell&#8217;orizzonte della previsione, \u00e8 probabile che la crescita dell&#8217;occupazione si raffreddi poich\u00e9 il disallineamento del mercato del lavoro prender\u00e0 una svolta negativa. Inoltre, c&#8217;\u00e8 gi\u00e0 stato un rallentamento nella crescita delle esportazioni e Nordea prevede che i mercati dell&#8217;export si raffreddino nei prossimi anni.<\/p>\n","protected":false},"excerpt":{"rendered":"<p>Il principale gruppo finanziario dei Paesi nordici, Nordea, ha di recente pubblicato la sua analisi sulle prospettive economiche dell&#8217;area: un Economic Outlook con elementi di chiaroscuro, ma sostanzialmente positivo. Secondo l&#8217;analisi di Nordea, l&#8217;intensificarsi e l&#8217;articolarsi delle dispute commerciali tra gli Stati Uniti e il resto del mondo ha colpito l&#8217;economia globale e ci\u00f2 sar\u00e0 [&hellip;]<\/p>\n","protected":false},"author":21,"featured_media":70925,"comment_status":"closed","ping_status":"closed","sticky":false,"template":"","format":"standard","meta":{"footnotes":""},"categories":[9],"tags":[1318,1317,164,1316,527,419],"_links":{"self":[{"href":"https:\/\/www.archivio-affarinternazionali.it\/archivio\/wp-json\/wp\/v2\/posts\/70924"}],"collection":[{"href":"https:\/\/www.archivio-affarinternazionali.it\/archivio\/wp-json\/wp\/v2\/posts"}],"about":[{"href":"https:\/\/www.archivio-affarinternazionali.it\/archivio\/wp-json\/wp\/v2\/types\/post"}],"author":[{"embeddable":true,"href":"https:\/\/www.archivio-affarinternazionali.it\/archivio\/wp-json\/wp\/v2\/users\/21"}],"replies":[{"embeddable":true,"href":"https:\/\/www.archivio-affarinternazionali.it\/archivio\/wp-json\/wp\/v2\/comments?post=70924"}],"version-history":[{"count":1,"href":"https:\/\/www.archivio-affarinternazionali.it\/archivio\/wp-json\/wp\/v2\/posts\/70924\/revisions"}],"predecessor-version":[{"id":70926,"href":"https:\/\/www.archivio-affarinternazionali.it\/archivio\/wp-json\/wp\/v2\/posts\/70924\/revisions\/70926"}],"wp:featuredmedia":[{"embeddable":true,"href":"https:\/\/www.archivio-affarinternazionali.it\/archivio\/wp-json\/wp\/v2\/media\/70925"}],"wp:attachment":[{"href":"https:\/\/www.archivio-affarinternazionali.it\/archivio\/wp-json\/wp\/v2\/media?parent=70924"}],"wp:term":[{"taxonomy":"category","embeddable":true,"href":"https:\/\/www.archivio-affarinternazionali.it\/archivio\/wp-json\/wp\/v2\/categories?post=70924"},{"taxonomy":"post_tag","embeddable":true,"href":"https:\/\/www.archivio-affarinternazionali.it\/archivio\/wp-json\/wp\/v2\/tags?post=70924"}],"curies":[{"name":"wp","href":"https:\/\/api.w.org\/{rel}","templated":true}]}}