{"id":71317,"date":"2018-10-14T18:19:44","date_gmt":"2018-10-14T16:19:44","guid":{"rendered":"https:\/\/www.archivio-affarinternazionali.it\/archivio\/?p=71317"},"modified":"2018-10-15T00:06:28","modified_gmt":"2018-10-14T22:06:28","slug":"italia-ue-concretezza-giovani","status":"publish","type":"post","link":"https:\/\/www.archivio-affarinternazionali.it\/archivio\/2018\/10\/italia-ue-concretezza-giovani\/","title":{"rendered":"Italia\/Ue: dare concretezza alla progettualit\u00e0 dei giovani"},"content":{"rendered":"<p>Ho letto con attenzione, e anche con un po\u2019 di passione, i testi vincitori del <a href=\"https:\/\/www.archivio-affarinternazionali.it\/archivio\/speciali\/premio-iai-giovani-leuropa\/\">Premio IAI<\/a> sul rilancio dell\u2019<strong>Europa<\/strong>, riservato ai giovani. Testi sui quali propongo qui un paio di commenti di un vecchio.<\/p>\n<p>Infatti non sono \u201cnato in Europa\u201d come i concorrenti, bens\u00ec prima. Di pi\u00f9: ho avuto l\u2019avventura di cominciare a operare per l\u2019integrazione aiutando Altiero <a href=\"https:\/\/www.archivio-affarinternazionali.it\/archivio\/segnalazioni\/a-25-anni-dalla-scomparsa-di-altiero-spinelli-per-uneuropa-libera-e-unita-per-unitalia-europea\/\"><strong>Spinelli<\/strong><\/a> nella campagna \u00a0per la ratifica del trattato per la Comunit\u00e0 europea della difesa, trattato comprendente anche un articolo che contemplava la procedura per realizzare la Comunit\u00e0 politica (1953).<\/p>\n<p><strong>Vaccinarsi contro la depressione da sconfitta<\/strong><br \/>\nIl che mi d\u00e0 spunto per una prima osservazione. La ratifica della <a href=\"https:\/\/www.archivio-affarinternazionali.it\/archivio\/2018\/09\/italia-25-aprile-politica-europea\/\"><strong>Ced<\/strong><\/a> da parte italiana non era scontata: vi si opponevano il Fronte popolare (formato dai partiti socialista e comunista), la destra nostalgica (neofascisti e monarchici) e alcune correnti della Democrazia Cristiana (prevalentemente nella sua sinistra). Non era scontata e non avvenne, perch\u00e9 nel frattempo, all\u2019<em>Assembl\u00e9e Nationale<\/em> francese, una coalizione di gollisti e comunisti nonch\u00e9 l\u2019astensione del governo Mend\u00e8s-France (socialista) ci tolsero le castagne dal fuoco, provocando la caduta del trattato (30 agosto 1954). Nel mio piccolo mi ritrovai vaccinato contro la depressione da sconfitta.<\/p>\n<p>Pi\u00f9 in generale, quella fu la prima delle molte crisi che periodicamente bloccarono il processo, una dopo l\u2019altra, fino al rifiuto del Trattato costituzionale di Lisbona, nello stesso Paese, e grazie a uno schieramento referendario contrario non molto diverso da quello parlamentare di 50 anni esatti prima. E fino alla crisi presente, che forse \u00e8 pi\u00f9 grave delle altre, perch\u00e9, pi\u00f9 che a un blocco, sta portando a un arretramento, come si vede bene dagli scritti proposti allo IAI.<\/p>\n<p>E per di pi\u00f9 le forze contrarie, o ambigue, sono cambiate in modo relativamente rapido: il nazionalismo protettivo ed egoista di oggi \u00e8 diverso dalla <em>force de frappe<\/em> di De Gaulle; l\u2019ideologismo delle internazionali \u00e8 scomparso; e il populismo \u00e8 certo sempre esistito (ne sappiamo qualcosa a casa nostra), ma ha preso grande vigore con la crisi delle democrazia, che sostanzialmente si identifica con quella dell\u2019integrazione. Insomma, va tenuto ben presente il passato travagliato e le resistenze dei movimenti politici, o di Stati membri, che quel passato hanno segnato, ma bisogna anche cogliere il loro mutamento in corso.<\/p>\n<p><strong>I &#8220;nemici&#8221; sono chiari. E gli &#8220;amici&#8221; dove stanno?<\/strong><br \/>\nDonde una seconda considerazione. L\u2019Unione europea (spesso resa in breve come Europa) non \u00e8 un\u2019entit\u00e0 astratta, bens\u00ec una realt\u00e0 complessa, un istituto ibrido fatto di componenti federali (per esempio la <a href=\"https:\/\/www.archivio-affarinternazionali.it\/archivio\/2017\/05\/bce-draghi-unitalia-non-cresce\/\"><strong>Bce<\/strong><\/a>) e componenti intergovernative \u2013 oggi dominanti. \u00c8 la pi\u00f9 avanzata delle istituzioni internazionali, ma \u00e8 molto meno di uno Stato federale. Intorno al progetto, che essa incorpora allo stato attuale, si muovono interessi, forze e percezioni, alcune intenzionate a farlo avanzare, altre a farlo retrocedere e varie altre infine oscillanti, quando non del tutto contraddittorie.<\/p>\n<p>Nei contributi dei giovani al concorso sono qualche volta indicati i \u201cnemici\u201d (Orb\u00e0n, i polacchi, eccetera), mentre \u00e8 difficile trovare menzione degli \u201camici\u201d (governi? gruppi politici? correnti di opinione?). La richiesta di una politica comune per l\u2019immigrazione o la critica dell\u2019austerit\u00e0 di bilancio, per non fare che due degli esempi citati, comportano diverse amicizie e inimicizie, come i giovani autori ben sanno.<\/p>\n<p><strong>Concretezza vs astrattezza<\/strong><br \/>\nLe proposte di rilancio avanzate dai partecipanti al concorso sono in gran parte di grande interesse, alcune sono innovative. Ma devono essere misurate rispetto alla loro capacit\u00e0 di raccogliere intorno a s\u00e9 i necessari supporti, trovare gli amici. Il che comporta: a) individuare le convergenze; b) sapere suscitare simpatie (o almeno evitare le antipatie) politiche: c) offrire credibili competenze tecniche; e d) utilizzare solide abilit\u00e0 diplomatiche (tutti requisiti che al momento in <a href=\"https:\/\/www.archivio-affarinternazionali.it\/archivio\/speciali\/governo-conte-ue-politica-estera\/\"><strong>Italia<\/strong><\/a> AAA cercansi).<\/p>\n<p>Altrimenti l\u2019astrattezza pu\u00f2 favorire i \u201cnemici\u201d, perch\u00e9 facilita loro la traduzione dell\u2019entit\u00e0 europea, istituzionale e geopolitica, in soggetti all&#8217;apparenza concreti e nello stesso tempo inafferrabili o distorti, come i \u201ctecnocrati\u201d , gli autori di \u201cinterferenze negli affari interni\u201d, i \u201cpoteri occulti\u201d, eccetera, facile preda di retorica elettorale.<\/p>\n<p>\u00c8 normale che dei giovani che si affacciano alle rispettive carriere siano intenti soprattutto a formulare delle idee. Anzi, \u00e8 alquanto incoraggiante. Ma l\u2019invito del vaccinato \u00e8 quello di prepararsi a renderle resistenti al confronto con una realt\u00e0 che \u00e8, e rester\u00e0, molto complessa. Oltre che molto difficile.<\/p>\n","protected":false},"excerpt":{"rendered":"<p>Ho letto con attenzione, e anche con un po\u2019 di passione, i testi vincitori del Premio IAI sul rilancio dell\u2019Europa, riservato ai giovani. Testi sui quali propongo qui un paio di commenti di un vecchio. Infatti non sono \u201cnato in Europa\u201d come i concorrenti, bens\u00ec prima. Di pi\u00f9: ho avuto l\u2019avventura di cominciare a operare [&hellip;]<\/p>\n","protected":false},"author":21,"featured_media":71319,"comment_status":"closed","ping_status":"closed","sticky":false,"template":"","format":"standard","meta":{"footnotes":""},"categories":[9],"tags":[485,1364,96,1348,432],"_links":{"self":[{"href":"https:\/\/www.archivio-affarinternazionali.it\/archivio\/wp-json\/wp\/v2\/posts\/71317"}],"collection":[{"href":"https:\/\/www.archivio-affarinternazionali.it\/archivio\/wp-json\/wp\/v2\/posts"}],"about":[{"href":"https:\/\/www.archivio-affarinternazionali.it\/archivio\/wp-json\/wp\/v2\/types\/post"}],"author":[{"embeddable":true,"href":"https:\/\/www.archivio-affarinternazionali.it\/archivio\/wp-json\/wp\/v2\/users\/21"}],"replies":[{"embeddable":true,"href":"https:\/\/www.archivio-affarinternazionali.it\/archivio\/wp-json\/wp\/v2\/comments?post=71317"}],"version-history":[{"count":5,"href":"https:\/\/www.archivio-affarinternazionali.it\/archivio\/wp-json\/wp\/v2\/posts\/71317\/revisions"}],"predecessor-version":[{"id":71326,"href":"https:\/\/www.archivio-affarinternazionali.it\/archivio\/wp-json\/wp\/v2\/posts\/71317\/revisions\/71326"}],"wp:featuredmedia":[{"embeddable":true,"href":"https:\/\/www.archivio-affarinternazionali.it\/archivio\/wp-json\/wp\/v2\/media\/71319"}],"wp:attachment":[{"href":"https:\/\/www.archivio-affarinternazionali.it\/archivio\/wp-json\/wp\/v2\/media?parent=71317"}],"wp:term":[{"taxonomy":"category","embeddable":true,"href":"https:\/\/www.archivio-affarinternazionali.it\/archivio\/wp-json\/wp\/v2\/categories?post=71317"},{"taxonomy":"post_tag","embeddable":true,"href":"https:\/\/www.archivio-affarinternazionali.it\/archivio\/wp-json\/wp\/v2\/tags?post=71317"}],"curies":[{"name":"wp","href":"https:\/\/api.w.org\/{rel}","templated":true}]}}