{"id":73285,"date":"2019-03-07T08:26:54","date_gmt":"2019-03-07T07:26:54","guid":{"rendered":"https:\/\/www.archivio-affarinternazionali.it\/archivio\/?p=73285"},"modified":"2019-03-08T11:05:47","modified_gmt":"2019-03-08T10:05:47","slug":"italia-finlandia-cento-anni","status":"publish","type":"post","link":"https:\/\/www.archivio-affarinternazionali.it\/archivio\/2019\/03\/italia-finlandia-cento-anni\/","title":{"rendered":"Italia-Finlandia: cento anni di rapporti diplomatici"},"content":{"rendered":"<p>Nella ricorrenza del centesimo anniversario delle <a href=\"https:\/\/www.archivio-affarinternazionali.it\/archivio\/2019\/02\/finlandia-reddito-burocrazia-felicita\/\"><strong>relazioni diplomatiche<\/strong><\/a> tra <a href=\"https:\/\/www.archivio-affarinternazionali.it\/archivio\/speciali\/governo-conte-ue-politica-estera\/\"><strong>Italia<\/strong><\/a> e <strong>Finlandia<\/strong>, il ministro degli Esteri di Finlandia Timo <strong>Soini<\/strong> ha fatto di recente una visita di lavoro in Italia e nella Citt\u00e0 del <strong>Vaticano<\/strong>, incontrando sia esponenti del Governo italiano che di quello della Santa Sede.<\/p>\n<p>Soini, 57 anni, ha incontrato il collega italiano Enzo Moavero Milanesi, col quale ha discusso questioni di interesse bilaterale nonch\u00e9 di interesse europeo, quali migrazioni, quadro finanziario pluriennale Ue e Brexit. I due ministri hanno anche toccato temi di particolare interesse per la Finlandia, come la sua vigente presidenza del Consiglio Artico, quella del Consiglio d\u2019Europa e la prossima presidenza finlandese del Consiglio Ue, dal 1.o luglio 2019. Soini ha quindi avuto un cordiale colloquio con la presidente della Commissione Esteri della Camera, Marta Grande.<\/p>\n<p><strong>La visita in Vaticano<br \/>\n<\/strong>Di particolare significato gli incontri in Vaticano, ove non c&#8217;era una visita ufficiale di un ministro degli Esteri finlandese dal 1984. Soini, che \u00e8 cattolico ed \u00e8 probabilmente il primo ministro di fede cattolica in un governo finlandese dalla istituzione della Repubblica, ha incontrato l\u2019arcivescovo inglese Paul Richard Gallagher, segretario per le relazioni con gli Stati della Santa Sede, con cui ha discusso di migrazioni e di mediazione culturale, che \u00e8 una delle priorit\u00e0 del ministro, per il quale il ruolo dei leader religiosi \u00e8 importante per la promozione del dialogo.<\/p>\n<p>Soini ha anche reso una visita di cortesia al segretario di Stato Pietro Parolin, parlando fra l&#8217;altro di Venezuela, ed ha avuto l\u2019opportunit\u00e0 di scambiare alcune battute con Papa Francesco durante l\u2019udienza generale del mercoled\u00ec. Come scrive il ministro sul suo blog, \u201c\u00e8 stata\u00a0<em>una giornata memorabile dentro e fuori le mura del Vaticano<\/em>\u201d. Sull\u2019incontro con il Papa, Soini annota: \u201cH<em>o detto quello che volevo dire. Ho ascoltato la risposta. Il che mi ha fatto piacere\u201d.<\/em><\/p>\n<p>Rispondendo a una nostra domanda, \u201d<em>quanto della sua visita \u00e8 dovuto al fatto che lei \u00e8 cattolico?<\/em>\u201d, il ministro ci ha detto: \u201d<em>La visita si \u00e8 svolta sia in Italia che in Vaticano, entrambi importanti protagonisti nel campo della politica estera. Parzialmente, motivazioni personali hanno influenzato il programma del mio viaggio, ma, nel complesso, si \u00e8 trattato di una importante visita nella mia qualit\u00e0 di ministro degli Esteri\u201d.<\/em><\/p>\n<p><strong>Un secolo di relazioni tra Italia e Finlandia<br \/>\n<\/strong>Come ben informa il <a href=\"https:\/\/finlandabroad.fi\/web\/ita\/etusivu\">sito dell\u2019ambasciata<\/a> di Finlandia in Italia, l&#8217;Italia riconobbe la Finlandia il 26 giugno 1919 con le parole dell&#8217;Incaricato d&#8217;Affari a.i. Emmanuele Grazzi: &#8220;<em>Mi consenta, Signor Ministro, di esprimere, sia a livello personale che in nome del popolo italiano, sincere congratulazioni al popolo finlandese, nonch\u00e9 migliori auguri per il futuro e il successo della Finlandia e l&#8217;auspicio che le relazioni tra i nostri due Paesi possano sempre essere animate da un&#8217;amicizia calorosissima.&#8221;<\/em> Al riconoscimento italiano segu\u00ec l&#8217;allacciamento delle relazioni diplomatiche tra Finlandia e Italia avvenuto il 6 settembre 1919.<\/p>\n<p>Nell&#8217;ottobre dello stesso anno Herman Gummerus fu inviato in Italia in qualit\u00e0 di Incaricato d&#8217;Affari a.i. Il suo primo compito fu quello di trovare dei locali adatti per la sede della rappresentanza nonch\u00e9 di provvedere ad un rapido avvio delle attivit\u00e0. Gummerus era libero docente di storia antica e letteratura romana all&#8217;universit\u00e0 e in precedenza aveva svolto il ruolo di consigliere d&#8217;Ambasciata ff a Stoccolma e Incaricato d&#8217;Affari a.i. a Kiev. Trovare la sede fu pi\u00f9 difficile del previsto, ma alla fine Gummerus reper\u00ec un appartamento all&#8217;ultimo piano del\u00a0Palazzo Massimo alle Colonne, prima affittato alla missione della Cecoslovacchia. (1)<\/p>\n<p>Il palazzo, progettato dall&#8217;architetto Baldassarre Peruzzi e costruito negli anni 1527-1536, costitu\u00ec una soluzione felice al problema della sede. Il 21 novembre 1919 Gummerus present\u00f2 le sue credenziali al sotto-segretario agli Esteri, Conte Sforza. Nel corso della breve cerimonia i due ebbero una conversazione informale, come informa il sito dell&#8217;ambasciata.<\/p>\n<p>Un evento molto pi\u00f9 fastoso fu, invece, la presentazione al Re e alla Regina, avvenuta verso la fine di dicembre del 1919. Il personale dell\u2019ambasciata si prepar\u00f2 all&#8217;avvenimento con cura: si ponder\u00f2 la scelta dei vestiti e si impar\u00f2 l\u2019inchino a corte. Evidentemente i preparativi ebbero successo, perch\u00e9 Gummerus dopo la visita inform\u00f2 la Finlandia che\u00a0<em>\u201cle loro Maest\u00e0 ci accolsero con la massima cordialit\u00e0 [&#8230;] la Regina e la Regina Madre parlarono con amabilit\u00e0 sia con me sia con mia moglie e con gli Attach\u00e9 Karttunen e H\u00e4rk\u00f6nen\u201d.<\/em><\/p>\n<p>Dopo aver avviato le relazioni finno-italiane con successo, Gummerus invi\u00f2 in patria dei rapporti in cui descriveva l&#8217;Italia con toni molto positivi. Gli articoli dei giornali locali trattarono la Finlandia con espressioni di sincera benevolenza, sebbene, secondo l&#8217;inviato, inizialmente le notizie furono tendenziose e parzialmente false per quanto riguarda le condizioni politiche in Finlandia. La rappresentanza intraprese il compito di ovviare a queste falsit\u00e0 e Gummerus scrisse dei promemoria, ebbe colloqui con funzionari e politici locali e trasmise del materiale alla stampa.<\/p>\n<p>A sua volta, l\u2019Italia invi\u00f2 in Finlandia come suo primo rappresentante Giulio Ferrante Marchetti, dal 1\u00b0 Settembre 1919 al 30 Aprile 1920. Il senso della missione \u00e8 nelle parole con cui l\u2019incaricato d\u2019Affari riferisce al Ministro degli Esteri Tittoni sulla presentazione, il 29 settembre 1919, delle credenziali al presidente della Repubblica finlandese St\u00e5hlberg, credenziali che lo accreditano primo Capo Missione della Regia Legazione d\u2019Italia ad Helsingfors (la capitale vi \u00e8 ancora designata in lingua svedese).<\/p>\n<p>Il pieno, cordiale e costruttivo svilupparsi delle relazioni diplomatiche fa dire a Ferrante Marchetti, nell&#8217;indirizzo di saluto al Presidente, che \u201ci<em>l finlandese e l\u2019italiano sono due popoli che molto hanno in comune\u201d e che\u00a0<\/em>\u201c<em>nulla li divide<\/em>\u201d. E pi\u00f9 oltre, nella stessa comunicazione: \u201c<em>Domenica scorsa, al mio arrivo qui, ho provato una delle impressioni indimenticabili della mia vita, vedendo il popolo passeggiare liberamente per i bastio<\/em>ni di <em>Sveaborg <\/em>(<em>Suomenlinna, fortificazione poderosa che proteggeva l\u2019accesso dal mare alla citt\u00e0 di Helsinki, ndr<\/em>) <em>mentre la bandiera bianca dalla croce azzurra sventolava, alta e fiera, sul vostro sk\u00e5r.<\/em>\u201d<\/p>\n<p>(1) &#8211; Fonte: La residenza d\u2019Italia in Finlandia, 100 anni di storia, Ambasciata d\u2019Italia in Finlandia, 2015<\/p>\n","protected":false},"excerpt":{"rendered":"<p>Nella ricorrenza del centesimo anniversario delle relazioni diplomatiche tra Italia e Finlandia, il ministro degli Esteri di Finlandia Timo Soini ha fatto di recente una visita di lavoro in Italia e nella Citt\u00e0 del Vaticano, incontrando sia esponenti del Governo italiano che di quello della Santa Sede. Soini, 57 anni, ha incontrato il collega italiano [&hellip;]<\/p>\n","protected":false},"author":21,"featured_media":73288,"comment_status":"closed","ping_status":"closed","sticky":false,"template":"","format":"standard","meta":{"footnotes":""},"categories":[9],"tags":[164,96,1543,1542,666],"_links":{"self":[{"href":"https:\/\/www.archivio-affarinternazionali.it\/archivio\/wp-json\/wp\/v2\/posts\/73285"}],"collection":[{"href":"https:\/\/www.archivio-affarinternazionali.it\/archivio\/wp-json\/wp\/v2\/posts"}],"about":[{"href":"https:\/\/www.archivio-affarinternazionali.it\/archivio\/wp-json\/wp\/v2\/types\/post"}],"author":[{"embeddable":true,"href":"https:\/\/www.archivio-affarinternazionali.it\/archivio\/wp-json\/wp\/v2\/users\/21"}],"replies":[{"embeddable":true,"href":"https:\/\/www.archivio-affarinternazionali.it\/archivio\/wp-json\/wp\/v2\/comments?post=73285"}],"version-history":[{"count":1,"href":"https:\/\/www.archivio-affarinternazionali.it\/archivio\/wp-json\/wp\/v2\/posts\/73285\/revisions"}],"predecessor-version":[{"id":73289,"href":"https:\/\/www.archivio-affarinternazionali.it\/archivio\/wp-json\/wp\/v2\/posts\/73285\/revisions\/73289"}],"wp:featuredmedia":[{"embeddable":true,"href":"https:\/\/www.archivio-affarinternazionali.it\/archivio\/wp-json\/wp\/v2\/media\/73288"}],"wp:attachment":[{"href":"https:\/\/www.archivio-affarinternazionali.it\/archivio\/wp-json\/wp\/v2\/media?parent=73285"}],"wp:term":[{"taxonomy":"category","embeddable":true,"href":"https:\/\/www.archivio-affarinternazionali.it\/archivio\/wp-json\/wp\/v2\/categories?post=73285"},{"taxonomy":"post_tag","embeddable":true,"href":"https:\/\/www.archivio-affarinternazionali.it\/archivio\/wp-json\/wp\/v2\/tags?post=73285"}],"curies":[{"name":"wp","href":"https:\/\/api.w.org\/{rel}","templated":true}]}}