{"id":73567,"date":"2019-04-02T12:57:17","date_gmt":"2019-04-02T10:57:17","guid":{"rendered":"https:\/\/www.archivio-affarinternazionali.it\/archivio\/?p=73567"},"modified":"2019-07-16T08:49:41","modified_gmt":"2019-07-16T06:49:41","slug":"slovacchia-europeista-presidente","status":"publish","type":"post","link":"https:\/\/www.archivio-affarinternazionali.it\/archivio\/2019\/04\/slovacchia-europeista-presidente\/","title":{"rendered":"Slovacchia: un&#8217;europeista presidente in un Paese di Visegr\u00e1d"},"content":{"rendered":"<p>Con la sua vittoria nelle elezioni presidenziali in <strong>Slovacchia<\/strong>, Zuzana<strong> \u010caputov\u00e1<\/strong> sembra offrire una speranza agli europeisti in questo periodo di proclami e dichiarazioni di guerra da parte dei cosiddetti sovranisti. Anima ecologista e sensibilit\u00e0 per le minoranze, la vincitrice del ballottaggio svoltosi lo scorso 30 marzo ha dato centralit\u00e0, nella sua campagna elettorale, alla lotta alla corruzione e a un approccio alla politica pi\u00f9 in linea con i valori dell\u2019<a href=\"https:\/\/www.archivio-affarinternazionali.it\/archivio\/2019\/01\/ue-destre-parlamento-e-commissione\/\"><strong>Ue<\/strong><\/a>. Il risultato del voto l\u2019ha fatta diventare il quinto capo di Stato della Slovacchia, resasi repubblica indipendente nel 1993, e la prima donna, nel Paese, ad assumere la carica.<\/p>\n<p><strong>Chi \u00e8 Zuzana \u010caputov\u00e1<\/strong><br \/>\n45 anni, avvocatessa, vice-presidente del partito governativo Slovacchia progressista, Zuzana \u010caputov\u00e1 \u00e8 entrata in politica solo nel 2017. Non nuova all\u2019impegno civile che l\u2019ha vista battersi in favore dei diritti degli omosessuali, la sua candidatura, sostenuta dal capo di stato uscente Andrej Kiska, ha prevalso su quella del suo diretto rivale, Maro\u0161 <a href=\"https:\/\/www.archivio-affarinternazionali.it\/archivio\/2017\/10\/energia-europa-batterie-italia\/\"><strong>Sef\u010dovi\u010d<\/strong><\/a>, vice-presidente della Commissione europea, sostenuto dal partito al potere Smer-Sd.<\/p>\n<p>Sef\u010dovi\u010d \u00e8 stato membro del Partito comunista negli Anni Ottanta e oggi \u00e8 impegnato a promuovere i valori cristiani e quelli della famiglia.<\/p>\n<p>L\u2019anno scorso la \u010caputov\u00e1 aveva partecipato alle manifestazioni avvenute nel paese per l\u2019omicidio del giovane giornalista J\u00e1n <a href=\"https:\/\/it.wikipedia.org\/wiki\/Omicidio_di_J%C3%A1n_Kuciak\"><strong>Kuciak<\/strong><\/a>, che indagava sui presunti legami tra il partito dell\u2019ex primo ministro Robert <a href=\"https:\/\/www.archivio-affarinternazionali.it\/archivio\/2017\/08\/visegrad-nucleo-duro-europa-contro\/\"><strong>Fico<\/strong><\/a> e la criminalit\u00e0 organizzata. Un omicidio che ha provocato una crisi politica in Slovacchia.<\/p>\n<p><strong>Una campagna per un cambio di direzione<\/strong><br \/>\nNella sua campagna elettorale la vincitrice delle presidenziali ha esortato gli elettori a lottare contro il malaffare e ha ribadito il suo impegno a ripristinare la fiducia nelle istituzioni statali. Dall&#8217;inizio della competizione \u00e8 apparso chiaro che i temi centrali della medesima erano i flussi migratori e il confronto fra i valori liberali e quelli cristiani che per la \u010caputov\u00e1 non sono in contrasto. In altre parole, la neoeletta presidentessa slovacca ha voluto comunicare agli elettori che il suo atteggiamento liberale non \u00e8 in conflitto con i valori cristiani e che questi ultimi sono alla base delle sue motivazioni politiche espressi dall&#8217;amore, dal rispetto e dalla compassione verso il prossimo.<\/p>\n<p>Secondo la stampa slovacca gi\u00e0 il successo della \u010caputov\u00e1 al primo turno era espressione della volont\u00e0 dell\u2019elettorato di cambiare la direzione del Paese. Una volont\u00e0 manifestatasi chiaramente dopo l\u2019assassinio di Kuciak. L\u2019avvocatessa ha dato voce a questa istanza di cambiamento e di impegno contro settori della politica che minacciano lo stato di diritto e il suo tentativo di presentarsi all&#8217;elettorato come figura in grado di lottare contro gli intrecci tra mafia e politica \u00e8 stato coronati da successo.<\/p>\n<p>Un successo che appare in controtendenza con il clima che si respira nel <a href=\"https:\/\/www.archivio-affarinternazionali.it\/archivio\/2010\/12\/il-gruppo-di-visegrad-e-la-presidenza-ungherese-dellue\/\"><strong>Gruppo di Visegr\u00e1d<\/strong><\/a> anche perch\u00e9 i promotori delle tesi sovraniste non sono approdate al ballottaggio. La \u010caputov\u00e1 spera che quanto \u00e8 accaduto il 30 marzo in Slovacchia possa costituire un buon precedente per le elezioni europee.<\/p>\n<p>In questo senso i sondaggi parlano di recupero dei partiti tradizionali, ma appare sempre rilevante l\u2019affermazione delle forze politiche populiste che fanno la voce grossa e vedono il voto di maggio come una resa dei conti con l\u2019odiata &#8216;tecnocrazia&#8217; di Bruxelles.<\/p>\n<p>&nbsp;<\/p>\n<p>&nbsp;<\/p>\n<p>&nbsp;<\/p>\n<p>&nbsp;<\/p>\n","protected":false},"excerpt":{"rendered":"<p>Con la sua vittoria nelle elezioni presidenziali in Slovacchia, Zuzana \u010caputov\u00e1 sembra offrire una speranza agli europeisti in questo periodo di proclami e dichiarazioni di guerra da parte dei cosiddetti sovranisti. Anima ecologista e sensibilit\u00e0 per le minoranze, la vincitrice del ballottaggio svoltosi lo scorso 30 marzo ha dato centralit\u00e0, nella sua campagna elettorale, alla [&hellip;]<\/p>\n","protected":false},"author":21,"featured_media":73568,"comment_status":"closed","ping_status":"closed","sticky":false,"template":"","format":"standard","meta":{"footnotes":""},"categories":[9],"tags":[1583,587,181,432,489],"_links":{"self":[{"href":"https:\/\/www.archivio-affarinternazionali.it\/archivio\/wp-json\/wp\/v2\/posts\/73567"}],"collection":[{"href":"https:\/\/www.archivio-affarinternazionali.it\/archivio\/wp-json\/wp\/v2\/posts"}],"about":[{"href":"https:\/\/www.archivio-affarinternazionali.it\/archivio\/wp-json\/wp\/v2\/types\/post"}],"author":[{"embeddable":true,"href":"https:\/\/www.archivio-affarinternazionali.it\/archivio\/wp-json\/wp\/v2\/users\/21"}],"replies":[{"embeddable":true,"href":"https:\/\/www.archivio-affarinternazionali.it\/archivio\/wp-json\/wp\/v2\/comments?post=73567"}],"version-history":[{"count":2,"href":"https:\/\/www.archivio-affarinternazionali.it\/archivio\/wp-json\/wp\/v2\/posts\/73567\/revisions"}],"predecessor-version":[{"id":74780,"href":"https:\/\/www.archivio-affarinternazionali.it\/archivio\/wp-json\/wp\/v2\/posts\/73567\/revisions\/74780"}],"wp:featuredmedia":[{"embeddable":true,"href":"https:\/\/www.archivio-affarinternazionali.it\/archivio\/wp-json\/wp\/v2\/media\/73568"}],"wp:attachment":[{"href":"https:\/\/www.archivio-affarinternazionali.it\/archivio\/wp-json\/wp\/v2\/media?parent=73567"}],"wp:term":[{"taxonomy":"category","embeddable":true,"href":"https:\/\/www.archivio-affarinternazionali.it\/archivio\/wp-json\/wp\/v2\/categories?post=73567"},{"taxonomy":"post_tag","embeddable":true,"href":"https:\/\/www.archivio-affarinternazionali.it\/archivio\/wp-json\/wp\/v2\/tags?post=73567"}],"curies":[{"name":"wp","href":"https:\/\/api.w.org\/{rel}","templated":true}]}}