{"id":73993,"date":"2019-05-13T12:48:58","date_gmt":"2019-05-13T10:48:58","guid":{"rendered":"https:\/\/www.archivio-affarinternazionali.it\/archivio\/?p=73993"},"modified":"2019-05-13T15:17:59","modified_gmt":"2019-05-13T13:17:59","slug":"eurovision-israele-obiettivo-hamas","status":"publish","type":"post","link":"https:\/\/www.archivio-affarinternazionali.it\/archivio\/2019\/05\/eurovision-israele-obiettivo-hamas\/","title":{"rendered":"Eurovision: Israele, il concorso possibile obiettivo Hamas"},"content":{"rendered":"<p>All\u2019indomani della designazione ricevuta per formare il nuovo esecutivo, e alla vigilia dello Eurovision Song Contest, \u00e8 la questione sicurezza ad impegnare Benjamin <a href=\"https:\/\/www.archivio-affarinternazionali.it\/archivio\/2019\/04\/israele-elezioni-likud-netanyahu\/\"><strong>Netanyahu<\/strong><\/a> nei primi giorni del suo quinto mandato (quarto consecutivo) in qualit\u00e0 di primo ministro israeliano. Infatti, lo scorso fine settimana, <strong>Hamas<\/strong> ed altre cellule terroristiche operative nella <a href=\"https:\/\/www.archivio-affarinternazionali.it\/archivio\/2019\/04\/israele-elezioni-erakat-apartheid\/\"><strong>Striscia di Gaza<\/strong><\/a> hanno lanciato circa 600 razzi, colpendo il sud di <a href=\"https:\/\/www.archivio-affarinternazionali.it\/archivio\/2019\/01\/israele-salvini-destra-europea\/\"><strong>Israele<\/strong> <\/a>e causando morti, feriti e danni.<\/p>\n<p>Venerd\u00ec 3 maggio, le Forze di Difesa israeliane avevano diffuso i dati sul numero dei morti civili e militari che Israele ricorda il 7 maggio per <strong>Yom HaZikaron<\/strong>, la giornata dedicata alla memoria: 23.741 soldati caduti dal 1880 (anno di inizio della moderna comunit\u00e0 ebraica sionista) e 3.146 civili vittime del terrorismo. Ma ce ne sono gi\u00e0 altre quattro ad allungare la lista, assassinate dai razzi lanciati da Hamas.<\/p>\n<p>La tempistica di quest\u2019ultimo attacco condotto dagli islamisti di Gaza non \u00e8 casuale. Il giorno seguente lo Yom HaZikaron, Israele celebra <strong>Yom HaAtzmaut<\/strong>, la Giornata dell\u2019Indipendenza, quando gli israeliani in tutto il Paese hanno festeggiato il 71\u00b0 anniversario della fondazione dello Stato ebraico. Non che Hamas attacchi Israele ogni anno in occasione di queste giornate. Ma quest\u2019anno \u00e8 diverso.<\/p>\n<p><strong>L&#8217;Eurovision song contest, un fatto nuovo<\/strong><br \/>\nSubito dopo, infatti, si celebra un evento capitato solo una volta ogni vent\u2019anni (nel 1979, nel 1999 ed ora nel 2019: una ciclicit\u00e0 casuale): il festival internazionale della canzone <strong>Eurovision <a href=\"https:\/\/eurovision.tv\/event\/tel-aviv-2019\">Song Contest<\/a><\/strong>, in programma a Tel Aviv dal 14 al 18 maggio. Delegazioni e musicisti provenienti da tutta Europa ed oltre sono gi\u00e0 arrivati in Israele e hanno iniziato le prove, oltre a girare per il Paese e condividere le proprie esperienze con i loro fan tramite i social network. Ed il 4 maggio, la <strong>Jihad Islamica palestinese<\/strong> (Jip) ha esplicitamente minacciato di far piovere razzi sulla manifestazione e su Tel Aviv e di colpire l\u2019aeroporto internazionale Ben Gurion.<\/p>\n<p>In questi ultimi giorni la cosiddetta &#8216;bolla di Tel Aviv&#8217; \u00e8 stata risparmiata e nella &#8216;Citt\u00e0 Bianca&#8217; residenti e turisti \u2013 pop star e non \u2013 hanno potuto continuare, apparentemente, la loro vita normale.<\/p>\n<p>Ma appena due mesi fa, anche gli abitanti di Tel Aviv dovettero scappare da bar, club, teatri, e i genitori precipitarsi a strappare i bambini dai letti per correre nei rifugi antiaerei al suono delle sirene d\u2019allarme. La<a href=\"https:\/\/www.ebu.ch\/home\"> <strong>European Broadcasting Union<\/strong><\/a>, cio\u00e8 l&#8217;Eurovisione, che organizza lo Eurovision Song Contest, ha affermato che \u201c\u2026the show must go on\u2026\u201d (lo show deve continuare) e che devono continuare le prove, rinfrancati dalle rassicurazioni provenienti dal premier Netanyahu.<\/p>\n<p><strong>Anche per Israele, le cose vanno avanti \u201ccome di norma\u201d<br \/>\n<\/strong>Il problema \u00e8 che la norma in Israele comprende Hamas e Jihad Islamica che sparano razzi contro civili da oltre un decennio. Vi sono diciottenni originari del sud del Paese, che iniziano ora il loro servizio di leva nelle Forze di Difesa israeliane, avendo avuto tutta la loro vita scandita da periodiche sirene d\u2019allarme, e corse al riparo, e preghiere che i propri cari abbiano fatto in tempo a trovare un rifugio (secondo le statistiche, l\u201985% dei ragazzi israeliani fra i 4 ed i 18 anni cresciuti al suono dell\u2019allarme <strong>Tzeva Adom<\/strong> \u2013 colore rosso &#8211; soffre di disturbi da stress post-traumatico).<\/p>\n<p>Tutto questo, secondo il governo israeliano, \u00e8 assolutamente inaccettabile. Netanyahu intende fermare i razzi da Gaza una volta per tutte ed il comando delle Idf avrebbe gi\u00e0 elaborato una chiara strategia su cosa fare: se si dovr\u00e0 usare la forza militare per cercare di risolvere la minaccia di Hamas, allora che la forza questa volta sia schiacciante, cos\u00ec da piegarlo il pi\u00f9 a lungo possibile; non come dopo l\u2019ultimo round di violenze che risale a solo cinque settimane fa.<\/p>\n<p>Il Governo si sta adoperando per raggiungere un nuovo accordo con Hamas grazie alla mediazione egiziana: anche questa \u00e8 un\u2019opzione, ma deve essere fatta in modo che funzioni e che non vada in pezzi ogni volta che \u00e8 un po\u2019 in ritardo il carico d\u2019aiuti, denaro e finanziamenti proveniente dal Qatar a sostegno della popolazione civile e, soprattutto, di quadri e vertici di Hamas (gli stipendi pubblici, a rigor di norma, dovrebbe corrisponderli <strong>Fatah,\u00a0<\/strong>che \u00e8 per\u00f2 alle prese con una pesante crisi interna nella\u00a0<strong>West Bank<\/strong> e non riesce a coprire le spese).<\/p>\n<p><strong>Il diritto a una vita normale<\/strong><br \/>\nHamas e gli altri gruppi terroristici palestinesi ritengono, apparentemente, di potere stabilire l\u2019agenda e decidere quando combattere e quando non combattere, in base alle loro convenienze. Uno degli scopi del terrorismo, per definizione, \u00e8 quello di continuare a seminare paura nelle popolazioni civili e tenere la loro vita sotto la continua spada di Damocle della violenza.<\/p>\n<p>Ma gli israeliani in tutto il Paese, compresi quelli che stanno a sud della &#8216;bolla di Tel Aviv&#8217;, hanno diritto a una vita normale che non comporti missili e guerre.<\/p>\n<p>Israele dovrebbe poter celebrare la Giornata dell\u2019Indipendenza senza che i riservisti siano richiamati in servizio lontano da casa. E dovrebbe potere tenere con dignit\u00e0 e sicurezza un importante evento musicale \u00a0internazionale. \u00c8 chiaro che la Jihad islamica, la seconda maggiore fazione terroristica palestinese a Gaza, sostenuta dall\u2019Iran, \u00e8 responsabile dell\u2019ultima escalation. L\u2019obiettivo era verosimilmente quello di sabotare gli sforzi guidati dall\u2019Egitto per stabilizzare Gaza. Mentre sembra, almeno per il momento, che quello di Israele sia quello di costringere Hamas a tenere sotto controllo la Jihad Islamica, prima di prendere in considerazione eventuali passi ulteriori.<\/p>\n<p>Allo stato attuale, \u00e8 impossibile prevedere come evolver\u00e0 la situazione ma \u00e8 certo che Israele reagir\u00e0 a qualsiasi tentativo di attacco contro i propri interessi nazionali. E anche contro lo\u00a0Eurovision Song Contest.<\/p>\n","protected":false},"excerpt":{"rendered":"<p>All\u2019indomani della designazione ricevuta per formare il nuovo esecutivo, e alla vigilia dello Eurovision Song Contest, \u00e8 la questione sicurezza ad impegnare Benjamin Netanyahu nei primi giorni del suo quinto mandato (quarto consecutivo) in qualit\u00e0 di primo ministro israeliano. Infatti, lo scorso fine settimana, Hamas ed altre cellule terroristiche operative nella Striscia di Gaza hanno [&hellip;]<\/p>\n","protected":false},"author":21,"featured_media":73995,"comment_status":"closed","ping_status":"closed","sticky":false,"template":"","format":"standard","meta":{"footnotes":""},"categories":[9],"tags":[1647,1017,95,1078,115],"_links":{"self":[{"href":"https:\/\/www.archivio-affarinternazionali.it\/archivio\/wp-json\/wp\/v2\/posts\/73993"}],"collection":[{"href":"https:\/\/www.archivio-affarinternazionali.it\/archivio\/wp-json\/wp\/v2\/posts"}],"about":[{"href":"https:\/\/www.archivio-affarinternazionali.it\/archivio\/wp-json\/wp\/v2\/types\/post"}],"author":[{"embeddable":true,"href":"https:\/\/www.archivio-affarinternazionali.it\/archivio\/wp-json\/wp\/v2\/users\/21"}],"replies":[{"embeddable":true,"href":"https:\/\/www.archivio-affarinternazionali.it\/archivio\/wp-json\/wp\/v2\/comments?post=73993"}],"version-history":[{"count":2,"href":"https:\/\/www.archivio-affarinternazionali.it\/archivio\/wp-json\/wp\/v2\/posts\/73993\/revisions"}],"predecessor-version":[{"id":73996,"href":"https:\/\/www.archivio-affarinternazionali.it\/archivio\/wp-json\/wp\/v2\/posts\/73993\/revisions\/73996"}],"wp:featuredmedia":[{"embeddable":true,"href":"https:\/\/www.archivio-affarinternazionali.it\/archivio\/wp-json\/wp\/v2\/media\/73995"}],"wp:attachment":[{"href":"https:\/\/www.archivio-affarinternazionali.it\/archivio\/wp-json\/wp\/v2\/media?parent=73993"}],"wp:term":[{"taxonomy":"category","embeddable":true,"href":"https:\/\/www.archivio-affarinternazionali.it\/archivio\/wp-json\/wp\/v2\/categories?post=73993"},{"taxonomy":"post_tag","embeddable":true,"href":"https:\/\/www.archivio-affarinternazionali.it\/archivio\/wp-json\/wp\/v2\/tags?post=73993"}],"curies":[{"name":"wp","href":"https:\/\/api.w.org\/{rel}","templated":true}]}}