{"id":74238,"date":"2019-05-31T01:15:03","date_gmt":"2019-05-30T23:15:03","guid":{"rendered":"https:\/\/www.archivio-affarinternazionali.it\/archivio\/?p=74238"},"modified":"2019-05-31T01:17:16","modified_gmt":"2019-05-30T23:17:16","slug":"italia-vaticano-dialogo-salvini-francesco","status":"publish","type":"post","link":"https:\/\/www.archivio-affarinternazionali.it\/archivio\/2019\/05\/italia-vaticano-dialogo-salvini-francesco\/","title":{"rendered":"Italia-Vaticano: dialogo inevitabile tra Salvini e Francesco"},"content":{"rendered":"<p>Per capire che <a href=\"https:\/\/www.archivio-affarinternazionali.it\/archivio\/2019\/03\/italia-vaticano-francesco-m5s-lega\/\" target=\"_blank\" rel=\"noopener\">tra <strong>Santa Sede<\/strong> e <strong>Lega<\/strong><\/a> non ci sia mai stato un rapporto idilliaco \u2013 salvo una breve parentesi durante il pontificato di Benedetto XVI tra il 2009 e il 2011 \u2013 sarebbe bastato sintonizzarsi qualche anno fa sull\u2019emittente di partito del Carroccio, \u201cRadio Padania\u201d. Spesso, infatti, sulle sue frequenze veniva trasmesso il rito preconciliare della Fraternit\u00e0 di San Pio X, casa della corrente lefebvriana, da decenni in contrasto con il potere centrale vaticano.<\/p>\n<p>Oggi, lo scontro tra il partito di Matteo Salvini e i Sacri Palazzi sembra essere arrivato ad un punto critico. Tutto \u00e8 cominciato con il giuramento sul Vangelo dell\u2019attuale ministro degli Interni alla vigilia delle elezioni politiche dello scorso 4 marzo, con conseguente \u2013 ma sommessa \u2013 condanna da parte del mondo cattolico. Quindi, qualche giorno fa, poco prima del voto di domenica 26 maggio per il <strong>Parlamento europeo<\/strong>, Salvini ha non solo baciato il rosario, ma anche invocato il Cuore immacolato di Maria per affidarle le sorti del Paese e dell&#8217;Europa. Una strumentalizzazione dei simboli e del credo cristiano che, stavolta, ha ricevuto una risposta ben pi\u00f9 decisa da parte della Chiesa cattolica: in prima persona si sono spesi il cardinale Pietro Parolin, segretario di Stato vaticano, padre Antonio Spadaro, direttore de \u201cLa Civilt\u00e0 Cattolica\u201d e anche il fondatore della comunit\u00e0 di Bose, don Enzo Bianchi.<\/p>\n<p>Dopo il risultato della Lega, divenuto primo partito in <strong>Italia<\/strong> con oltre il 34% dei voti alle europee, il cardinale Parolin ha deciso di esporsi, aprendo al dialogo con tutti, \u201csoprattutto con quelli che non la pensano come noi e con i quali abbiamo qualche difficolt\u00e0 e qualche problema\u201d. Un passo importante, ma necessario. Non solo per la Santa Sede stessa, ma anche per Salvini stesso: due visioni politiche \u2013 e geopolitiche \u2013 completamente diverse, ma che in questo momento storico hanno bisogno di confrontarsi.<\/p>\n<p><strong>Due sguardi diversi sul mondo<\/strong><br \/>\nNon c\u2019\u00e8 niente che divida la Lega salviniana e la Chiesa bergogliana pi\u00f9 della <em>Weltanschauung<\/em>, intesa nel suo senso primigenio di \u201cconcezione del mondo\u201d. Non c\u2019\u00e8 un dossier internazionale dove Santa Sede e Carroccio si trovino dalla stessa parte della barricata.<\/p>\n<p>In primo luogo, naturalmente, le <strong>migrazioni.<\/strong> La Santa Sede \u2013 e papa Francesco in primis \u2013 ha avuto un ruolo fondamentale nella stipulazione del <a href=\"https:\/\/www.archivio-affarinternazionali.it\/archivio\/2019\/01\/global-compact-vittoria-meta\/\" target=\"_blank\" rel=\"noopener\"><strong><em>Global Compact<\/em> <\/strong><\/a>sui rifugiati e di quello per una <strong>migrazione sicura, ordinata e regolare<\/strong>. Tra i 164 Paesi che hanno deciso di firmare l\u2019accordo, non c\u2019\u00e8 tuttavia l\u2019Italia <strong>M5S\/Lega<\/strong>. E ancora, sul tema dell\u2019<strong>ecologia<\/strong>, per il quale Bergoglio si \u00e8 gi\u00e0 esposto con la sua seconda enciclica, <em>Laudato Si\u2019<\/em>, e che recentemente ha riportato all\u2019ordine del giorno incontrandosi con il capo del popolo Kayap\u00f2, Raoni Metukire, in vista del <strong>sinodo sull\u2019<a href=\"https:\/\/www.archivio-affarinternazionali.it\/archivio\/2018\/12\/brasile-le-mani-di-bolsonaro-su-ambiente-e-amazzonia\/\" target=\"_blank\" rel=\"noopener\">Amazzonia<\/a><\/strong> che si terr\u00e0 ad ottobre. Non si pu\u00f2 certo dimenticare, dall\u2019altra parte, la solida alleanza di Salvini con il presidente brasiliano Jair <strong>Bolsonaro<\/strong>, promotore di una politica favorevole alle grandi aziende agroalimentari, che proprio nel polmone verde del Brasile troverebbero un&#8217;autentica miniera d\u2019oro.<\/p>\n<p>Non c\u2019\u00e8, per\u00f2, solo una differenza strategica tra Vaticano e Lega. Ma anche strutturale: all\u2019<strong>internazionalismo<\/strong> di papa Francesco si contrappone, pi\u00f9 forte che mai dopo il voto di domenica, il <strong>sovranismo<\/strong> di Salvini. Ma, come detto, il confronto inizia ad essere necessario per diverse ragioni.<\/p>\n<p><strong>Perch\u00e9 il dialogo conviene alla Lega<\/strong><br \/>\nLa profonda metamorfosi della Lega negli ultimi anni richiede un rapporto costante e stabile con la Santa Sede. Non solo per l\u2019incredibile successo elettorale, che ha portato il Carroccio da poco pi\u00f9 del 4% alle elezioni politiche del 2013 al 34,3% alle europee 2019. Ma perch\u00e9 la sua natura \u00e8 cambiata radicalmente: da forza secessionista e regionale, la Lega \u00e8 divenuta partito nazionalista e nazionale.<\/p>\n<p>Quest\u2019ultimo passaggio, nel nostro Paese, richiede l\u2019instaurazione di un dialogo continuo con la Santa Sede. Difficilmente, infatti, una forza di governo in Italia pu\u00f2 considerarsi tale senza un rapporto diretto con la Chiesa cattolica. Non obbligatoriamente positivo, questo \u00e8 certo. Ma dev\u2019esserci. E Salvini ne \u00e8 ben conscio: poco dopo la grande affermazione elettorale, il <em>leader<\/em> leghista ha confermato che, in quanto a capo della prima forza politica italiana, dovr\u00e0 premurarsi di \u201cchiedere incontri ai massimi livelli istituzionali\u201d.<\/p>\n<p>Al di l\u00e0 di questo, per Salvini e la Lega diventer\u00e0 sempre pi\u00f9 fondamentale mantenere un canale aperto verso l\u2019elettorato moderato. In uno scenario partitico dove due delle prime tre forze politiche si muovono verso le code della gaussiana, \u00e8 logico che la differenza tra la vittoria e la sconfitta si ritrover\u00e0 sempre pi\u00f9 nella pi\u00f9 sostanziosa parte centrale. E l\u2019elettorato cattolico e moderato, per questo, diventer\u00e0 fondamentale.<\/p>\n<p><strong>Perch\u00e9 il dialogo conviene (anche) alla Santa Sede<\/strong><br \/>\nSull\u2019altra sponda del Tevere, il dialogo diventa importante per due ragioni. Innanzitutto, perch\u00e9 la Lega manterr\u00e0 un ruolo preponderante nella vita politica italiana ancora a lungo. Uno stato di conflitto perenne con la prima forza partitica dello Stato che territorialmente avvolge il Vaticano non \u00e8 n\u00e9 conveniente, n\u00e9 sostenibile nel lungo periodo.<\/p>\n<p>In secondo luogo, perch\u00e9 la Lega, ad oggi, riesce ad avere una pressione che, probabilmente, nessun partito italiano era mai riuscito ad esercitare sulla Santa Sede. Il fascino elettorale del Carroccio sull\u2019ala tradizionalista del mondo cattolico \u00e8 innegabile: l\u2019incontro della scorsa estate tra Matteo Salvini e il <strong>cardinale statunitense Raymond Burke<\/strong>, tra i pi\u00f9 vivaci contestatori del pontificato di Francesco, non \u00e8 certo una casualit\u00e0. Continuare lo scontro significherebbe aggravare una frattura interna al mondo cattolico, indebolendo dunque lo stesso papa Francesco. La <a href=\"https:\/\/www.archivio-affarinternazionali.it\/archivio\/2019\/01\/vaticano-manifesto-geopolitica-spirito\/\" target=\"_blank\" rel=\"noopener\"><strong>\u201cChiesa in uscita\u201d<\/strong><\/a> di Bergoglio non ha avuto timori a spingersi ai margini del mondo: l\u2019ostacolo leghista, in questo senso, non sar\u00e0 insormontabile.<\/p>\n","protected":false},"excerpt":{"rendered":"<p>Per capire che tra Santa Sede e Lega non ci sia mai stato un rapporto idilliaco \u2013 salvo una breve parentesi durante il pontificato di Benedetto XVI tra il 2009 e il 2011 \u2013 sarebbe bastato sintonizzarsi qualche anno fa sull\u2019emittente di partito del Carroccio, \u201cRadio Padania\u201d. Spesso, infatti, sulle sue frequenze veniva trasmesso il [&hellip;]<\/p>\n","protected":false},"author":22,"featured_media":74239,"comment_status":"closed","ping_status":"closed","sticky":false,"template":"","format":"standard","meta":{"footnotes":""},"categories":[9],"tags":[96,1149,1363,520,1285,666],"_links":{"self":[{"href":"https:\/\/www.archivio-affarinternazionali.it\/archivio\/wp-json\/wp\/v2\/posts\/74238"}],"collection":[{"href":"https:\/\/www.archivio-affarinternazionali.it\/archivio\/wp-json\/wp\/v2\/posts"}],"about":[{"href":"https:\/\/www.archivio-affarinternazionali.it\/archivio\/wp-json\/wp\/v2\/types\/post"}],"author":[{"embeddable":true,"href":"https:\/\/www.archivio-affarinternazionali.it\/archivio\/wp-json\/wp\/v2\/users\/22"}],"replies":[{"embeddable":true,"href":"https:\/\/www.archivio-affarinternazionali.it\/archivio\/wp-json\/wp\/v2\/comments?post=74238"}],"version-history":[{"count":2,"href":"https:\/\/www.archivio-affarinternazionali.it\/archivio\/wp-json\/wp\/v2\/posts\/74238\/revisions"}],"predecessor-version":[{"id":74247,"href":"https:\/\/www.archivio-affarinternazionali.it\/archivio\/wp-json\/wp\/v2\/posts\/74238\/revisions\/74247"}],"wp:featuredmedia":[{"embeddable":true,"href":"https:\/\/www.archivio-affarinternazionali.it\/archivio\/wp-json\/wp\/v2\/media\/74239"}],"wp:attachment":[{"href":"https:\/\/www.archivio-affarinternazionali.it\/archivio\/wp-json\/wp\/v2\/media?parent=74238"}],"wp:term":[{"taxonomy":"category","embeddable":true,"href":"https:\/\/www.archivio-affarinternazionali.it\/archivio\/wp-json\/wp\/v2\/categories?post=74238"},{"taxonomy":"post_tag","embeddable":true,"href":"https:\/\/www.archivio-affarinternazionali.it\/archivio\/wp-json\/wp\/v2\/tags?post=74238"}],"curies":[{"name":"wp","href":"https:\/\/api.w.org\/{rel}","templated":true}]}}