{"id":74827,"date":"2019-07-19T07:43:39","date_gmt":"2019-07-19T05:43:39","guid":{"rendered":"https:\/\/www.archivio-affarinternazionali.it\/archivio\/?p=74827"},"modified":"2019-07-19T07:43:39","modified_gmt":"2019-07-19T05:43:39","slug":"chiese-politica-elettori-anime","status":"publish","type":"post","link":"https:\/\/www.archivio-affarinternazionali.it\/archivio\/2019\/07\/chiese-politica-elettori-anime\/","title":{"rendered":"Chiese e politica: perdere elettori, guadagnare anime"},"content":{"rendered":"<p>Le chiese cristiane perdono elettori, almeno in <strong>Italia<\/strong>. Dopo l\u2019esito del <a href=\"https:\/\/www.archivio-affarinternazionali.it\/archivio\/speciali\/parlamento-europeo-verso-le-elezioni\/\">voto europeo<\/a>, media e sondaggisti hanno parlato di vera e propria sconfitta di <a href=\"https:\/\/www.archivio-affarinternazionali.it\/archivio\/2019\/05\/italia-vaticano-dialogo-salvini-francesco\/\"><strong>Papa Francesco<\/strong><\/a>, la cui <strong>politica<\/strong> pro-Europa, pro-accoglienza dei migranti, pro-dialogo con l\u2019 Islam, \u00e8 esplicita e in perfetta sintonia con gran parte del mondo protestante. L\u2019elettorato cristiano, in Italia a maggioranza cattolica, non avrebbe ascoltato i ripetuti richiami a non cadere nelle trappole dei nazionalismi e delle chiusure identitarie e avrebbe tranquillamente dato i propri consensi a quel Matteo Salvini che non gode affatto delle simpatie di Francesco. Anzi, non \u00e8 difficile vedere nell\u2019 \u201caltra Italia, quella dell\u2019 8 per mille alla <a href=\"https:\/\/www.archivio-affarinternazionali.it\/archivio\/2018\/06\/chiese-europa-idea-governi\/\"><strong>Chiesa<\/strong><\/a> cattolica\u201d proprio l\u2019Italia anti-leghista, ovvero quella della <a href=\"https:\/\/www.archivio-affarinternazionali.it\/archivio\/2018\/12\/chiese-politica-ecumenismo\/\"><strong>solidariet\u00e0<\/strong><\/a>, dell\u2019aiuto ai poveri, della pace e dell\u2019incontro.<\/p>\n<p><strong>Tempi cambiati<\/strong><br \/>\nChe corrisponda pi\u00f9 o meno al vero che sia stato l\u2019elettorato cristiano a rinvigorire le destre, cosa tutta da dimostrare, le chiese \u2018sconfitte\u2019 e in primis il Papa ignorano questo tipo di analisi, non perch\u00e9 di per s\u00e9 falsa, ma fuorviante. Da tempo, forse ancora prima che Salvini nascesse, le masse non si muovono pi\u00f9 a bacchetta. Quel che dice il pastore, e ancor pi\u00f9 il parroco, la domenica mattina non \u00e8 preso come oro colato. I pizzini del sacrestano o della perpetua con l\u2019indicazione del partito da votare sono immagini d\u2019archivio e la non aderenza dei cattolici ai dettami Vaticani ha permesso all\u2019Italia di avere le leggi sul divorzio e sull&#8217;aborto.<\/p>\n<p>Oggi, inoltre, il bombardamento mediatico, le persuasioni occulte esercitate attraverso la rete, possono essere ben pi\u00f9 \u00a0incisive di mille omelie. Questo lo sa il Papa e lo sanno le chiese evangeliche impegnate da anni nei corridoi umanitari assieme alla <a href=\"https:\/\/www.santegidio.org\/\">comunit\u00e0 di Sant\u2019Egidio<\/a>.<\/p>\n<p><b>Il rischio di guardarsi l&#8217;ombelico<\/b><br \/>\nChi parla di sconfitta di questo pezzo consistente della cristianit\u00e0 italiana rispetto al voto del 26 maggi0 \u00e8 portatore di un\u2019idea di chiesa di massa egemonica e a un rapporto fede-politica strumentale. Anche la granitica chiesa cattolico-romana, con i suoi tempi lunghi, i suoi fragili equilibri interni alle gerarchie ecclesiastiche, sta cambiando pelle e mette in discussione la pretesa di essere unica, sola, legittima rappresentante di Dio in terra e di usare la religione per pilotare la societ\u00e0 civile.<\/p>\n<p>Il discorso tenuto da Francesco alla Facolt\u00e0 Teologica di Napoli \u00e8 stato eloquente incitando a \u201cincarnare la fede cristiana in contesti talora di conflitto, di minoranza e di convivenza plurale con altre tradizioni religiose\u201d. Ha indicato il Mediterraneo come luogo simbolico di un nuovo mondo: \u201cIl Mediterraneo \u00e8 il mare del meticciato \u2013 ha detto \u2013, un mare geograficamente chiuso rispetto agli oceani, ma culturalmente sempre aperto all&#8217;incontro, al dialogo e alla reciproca inculturazione\u201d.<\/p>\n<p>Nel citare il leader battista Martin Luther King tra gli \u201cartigiani della pace\u201d, nell&#8217;invito a dialogare con gli ebrei e con i musulmani \u201cper costruire il futuro delle nostre societ\u00e0\u201d, questo Papa, scomodo nella sua stessa casa tra i suoi fratelli porporati, ha sicuramente guardato oltre il voto europeo e anche oltre una prospettiva eurocentrica che potr\u00e0, in un futuro non troppo lontano, essere l\u2019insidia degli stessi europeisti. O si guarda all\u2019Africa, all\u2019Asia, \u00a0oppure Bruxelles finir\u00e0 per guardarsi l\u2019ombelico.<\/p>\n<p><strong>Le chiese del dialogo non demordono<\/strong><br \/>\nIncuranti del responso uscito dalle urne e dei pronostici che non palesano alcuna svolta in caso di imminenti elezioni politiche, le cosiddette chiese perdenti non demordono. \u00a0Il 22 giugno a Caltanissetta, per il centenario della nascita del Partito Popolare, \u00e8 stato rinnovato l\u2019appello di don Sturzo \u201cai liberi e forti\u201d, invito a \u201ccongiungere nell&#8217;amore alla Patria, il giusto senso dei diritti e degli interessi nazionali con un sano internazionalismo\u201d e, qualche giorno prima, il premier Giuseppe Conte ha risposto con interesse alla proposta inviata congiuntamente dal presidente della Comunit\u00e0 di Sant\u2019Egidio Marco Impigliazzo e dal presidente della Federazione delle chiese evangeliche in Italia, Luca Maria Negro, di aprire un corridoio umanitario dalla Libia per 50mila profughi.<\/p>\n<p>Oltralpe si respira la stessa aria. A pochi giorni dal voto europeo, il Sinodo nazionale della Chiesa protestante unita di Francia, che si \u00e8 tenuto a Grenoble, ha centrato i lavori su ecologia, immigrazione e il futuro delle chiese cristiane in Paesi sempre pi\u00f9 secolarizzati. Il 2 giugno il vescovo capo della Chiesa Evangelica Tedesca, Heinrich Bedford Strohm, ha incontrato in Sicilia l\u2019equipaggio della Sea Watch 3. Sono state nette le sue parole contro la \u201ccriminalizzazione di queste Ong e di queste persone che salvano altre persone in mare\u201d.<\/p>\n<p>Il 13 giugno \u00e8 partita la campagna \u201cIo accolgo\u201d, promossa da 42 organizzazioni, tra cui Fcei, Acli, Gruppo Abele, Medici senza frontiere, Save the Children, per far conoscere e diffondere le buone pratiche di ospitalit\u00e0 e integrazione di persone migranti. Il 18 giugno a Ginevra si \u00e8 concluso il Consiglio della Federazione mondiale luterana, la cui XIII Assemblea si terr\u00e0 a Cracovia il 21-27 giugno 2023 , una realt\u00e0 di 148 chiese con 75 milioni di credenti in 99 Paesi. Tra le Risoluzioni votate quella contro la schiavit\u00f9 (\u201cTutto gli esseri umani, i loro diritti e la loro dignit\u00e0, non sono in vendita\u201d) e quella per la \u201cgiustizia climatica\u201d a protezione della biodiversit\u00e0 e dell\u2019 integrit\u00e0 del creato.<\/p>\n<p><strong>Perdere elettori, guadagnare anime<\/strong><br \/>\nLa strada segnata da queste chiese sembra tracciata, senza possibilit\u00e0 che le oscillazioni elettorali possano causare un\u2019inversione. Magari, secondo alcune interpretazioni, hanno perso elettori, ma forse hanno guadagnato anime, dentro e fuori le chiese. Sarebbe riduttivo intenderla come un modo moderno di fare proselitismo o di evangelizzare. Lo scopo \u00e8 infatti questo: portare la chiesa fuori le mura, aprirla a chi non ne fa parte.<\/p>\n<p>E\u2019 un rischio che venga capita di pi\u00f9 proprio da chi non ne fa parte? Se l\u2019interrogativo \u00e8 posto retrospettivamente di poco pi\u00f9 di Duemila anni, si potrebbe concludere che l\u2019 ebreo Ges\u00f9 di Nazareth fece esattamente la stessa cosa: port\u00f2 la Parola del Signore non solo alla propria comunit\u00e0, ma ai Gentili, ai pagani. Quando il Papa sollecita gli studenti di teologia a studiare le lingue e le culture araba, ebraica, a sapere condurre i loro studi esegetici affrontando in parallelo Bibbia, Talmud e Corano, non sembra affatto preoccupato di formare eccellenze teologiche da accademia, ma apre un orizzonte che, tornando alle origini del monoteismo abramitico, guarda decisamente lontano, molto pi\u00f9 lontano del 26 maggio.<\/p>\n<p>Sarebbe un peccato se questa visione profetica di ampio respiro venisse barattata un giorno da un piatto di lenticchie come, ad esempio, la proposta di legge per l\u2019abolizione dell\u2019ora di religione cattolica nelle scuole e il ricalcolo delle quote Imu. Firmata da quasi tutti i partiti tranne la Lega potrebbe trasformarsi in arma di ricatto per silenziare l\u2019inquilino ribelle del Vaticano. Che si spera, invece, tanto lungimirante da ben acconsentire che quell\u2019ora sia studio di tutte le religioni e che le tasse siano un dovere uguali per tutti. Sarebbe coerente a se stesso. E al cristianesimo.<\/p>\n","protected":false},"excerpt":{"rendered":"<p>Le chiese cristiane perdono elettori, almeno in Italia. Dopo l\u2019esito del voto europeo, media e sondaggisti hanno parlato di vera e propria sconfitta di Papa Francesco, la cui politica pro-Europa, pro-accoglienza dei migranti, pro-dialogo con l\u2019 Islam, \u00e8 esplicita e in perfetta sintonia con gran parte del mondo protestante. L\u2019elettorato cristiano, in Italia a maggioranza [&hellip;]<\/p>\n","protected":false},"author":21,"featured_media":74828,"comment_status":"closed","ping_status":"closed","sticky":false,"template":"","format":"standard","meta":{"footnotes":""},"categories":[9],"tags":[1200,96,520,1027,839],"_links":{"self":[{"href":"https:\/\/www.archivio-affarinternazionali.it\/archivio\/wp-json\/wp\/v2\/posts\/74827"}],"collection":[{"href":"https:\/\/www.archivio-affarinternazionali.it\/archivio\/wp-json\/wp\/v2\/posts"}],"about":[{"href":"https:\/\/www.archivio-affarinternazionali.it\/archivio\/wp-json\/wp\/v2\/types\/post"}],"author":[{"embeddable":true,"href":"https:\/\/www.archivio-affarinternazionali.it\/archivio\/wp-json\/wp\/v2\/users\/21"}],"replies":[{"embeddable":true,"href":"https:\/\/www.archivio-affarinternazionali.it\/archivio\/wp-json\/wp\/v2\/comments?post=74827"}],"version-history":[{"count":1,"href":"https:\/\/www.archivio-affarinternazionali.it\/archivio\/wp-json\/wp\/v2\/posts\/74827\/revisions"}],"predecessor-version":[{"id":74829,"href":"https:\/\/www.archivio-affarinternazionali.it\/archivio\/wp-json\/wp\/v2\/posts\/74827\/revisions\/74829"}],"wp:featuredmedia":[{"embeddable":true,"href":"https:\/\/www.archivio-affarinternazionali.it\/archivio\/wp-json\/wp\/v2\/media\/74828"}],"wp:attachment":[{"href":"https:\/\/www.archivio-affarinternazionali.it\/archivio\/wp-json\/wp\/v2\/media?parent=74827"}],"wp:term":[{"taxonomy":"category","embeddable":true,"href":"https:\/\/www.archivio-affarinternazionali.it\/archivio\/wp-json\/wp\/v2\/categories?post=74827"},{"taxonomy":"post_tag","embeddable":true,"href":"https:\/\/www.archivio-affarinternazionali.it\/archivio\/wp-json\/wp\/v2\/tags?post=74827"}],"curies":[{"name":"wp","href":"https:\/\/api.w.org\/{rel}","templated":true}]}}