{"id":75022,"date":"2019-08-09T10:50:14","date_gmt":"2019-08-09T08:50:14","guid":{"rendered":"https:\/\/www.archivio-affarinternazionali.it\/archivio\/?p=75022"},"modified":"2019-08-14T00:16:09","modified_gmt":"2019-08-13T22:16:09","slug":"saccomanni-ue-rapporto-presidenti","status":"publish","type":"post","link":"https:\/\/www.archivio-affarinternazionali.it\/archivio\/2019\/08\/saccomanni-ue-rapporto-presidenti\/","title":{"rendered":"Ue: rapporto presidenti ingannevole fuorviante irritante"},"content":{"rendered":"<p style=\"text-align: right;\"><em>In ricordo di Fabrizio\u00a0<strong>Saccomanni<\/strong>, improvvisamente scomparso gioved\u00ec 8 agosto, dopo essere stato per oltre quarant&#8217;anni socio ed amico dell\u2019Istituto Affari Internazionali, in cui aveva anche avuto il ruolo di vice-presidente, ripubblichiamo un suo articolo <a href=\"https:\/\/www.archivio-affarinternazionali.it\/archivio\/2015\/06\/documento-ingannevole-fuorviante-irritante\/\">del 30 giugno 2015<\/a>, che aveva suscitato, all&#8217;epoca, larga eco, per la chiarezza dell&#8217;analisi e il coraggio dei giudizi.<\/em><\/p>\n<p>Il <a href=\"https:\/\/ec.europa.eu\/commission\/sites\/beta-political\/files\/5-presidents-report_it.pdf\">rapporto<\/a> dei presidenti Juncker, Tusk, Dijsselbloem, Draghi e Schulz su come &#8220;completare l&#8217;Unione economica e monetaria dell&#8217;Europa&#8221; \u00e8 a prima vista un testo scritto con sapiente scelta dei temi e delle parole, che emette molti &#8220;suoni&#8221; giusti e individua tutte le sfide essenziali che l\u2019<strong>Ue<\/strong> deve fronteggiare.<\/p>\n<p>Si riconosce che occorre &#8220;un nuovo processo di convergenza economica&#8221; per estirpare le radici degli squilibri che hanno causato la crisi economica e finanziaria. Si afferma l&#8217;esigenza di progredire su quattro fronti: un&#8217;autentica Unione Economica, una piena Unione Bancaria e Finanziaria, una Unione di Bilancio e una Unione Politica.<\/p>\n<p>Si ammette che &#8220;occorrer\u00e0 passare da un sistema basato su norme e orientamenti per l&#8217;elaborazione delle politiche economiche nazionali a un sistema di condivisione ulteriore della sovranit\u00e0 nell&#8217;ambito di istituzioni comuni, la maggior parte delle quali gi\u00e0 esistono e possono progressivamente svolgere questo compito&#8221;.<\/p>\n<p>Ma a ben vedere \u00e8 anche un testo ingannevole, perch\u00e9 d\u00e0 per scontato che la Ue disponga di tempi lunghi per riformarsi, e fuorviante, perch\u00e9 in realt\u00e0 continua a subordinare la dimensione comune e sovrannazionale delle politiche e degli strumenti alle priorit\u00e0 e alle responsabilit\u00e0 degli stati nazionali.<\/p>\n<p>Infine \u00e8 per certi versi un testo irritante per chi ha vissuto la lunga vicenda della unificazione monetaria perch\u00e9 riporta il processo indietro nel tempo al 1989, ai giorni del rapporto del Comitato Delors, se non al 1970, ai giorni del Rapporto Werner.<\/p>\n<p>A quindici anni dall&#8217;inizio dell&#8217;Unione Monetaria, si propone ancora una articolazione per fasi, si richiede ancora un decennio di sforzi di convergenza, si prefigura ancora il miraggio che l&#8217;obiettivo finale dell&#8217;Unione politica sar\u00e0 il &#8220;coronamento&#8221; di quegli sforzi o non sar\u00e0.<\/p>\n<p>I tempi lunghi del processo sono la naturale conseguenza del timore dei &#8220;rapporteurs&#8221;, uomini tutti di grande esperienza, equilibrio e saggezza, di formulare proposte &#8220;politicamente&#8221; scorrette e irrealistiche ai leader politici che dovrebbero farle proprie e farle approvare dai Parlamenti e dalle opinioni pubbliche nazionali.<\/p>\n<p>Quindi si configura una fase 1 (dal 1 luglio 2015 al 30 giugno 2017) che tiene conto della scarsa propensione dei maggiori Paesi europei a negoziare un nuovo trattato e in particolare del calendario elettorale della Germania e della Francia.<\/p>\n<p><b>La fase 1, entro il 30 giugno 2017<\/b><br \/>\nSi propone in buona sostanza di portare a termine, con gli strumenti esistenti, il lavoro rimasto incompiuto durante la gestione della crisi, con qualche innovazione istituzionale.<\/p>\n<p>Si propongono: la creazione di un sistema di autorit\u00e0 nazionali per promuovere la competitivit\u00e0 della zona euro; il rafforzamento della procedura per gli squilibri macroeconomici, finora priva di strumenti correttivi e di sanzioni; una maggiore attenzione all&#8217;occupazione e alla performance sociale, essenzialmente attraverso riforme strutturali del mercato del lavoro; un pi\u00f9 stretto coordinamento delle politiche economiche nell&#8217;ambito di un semestre europeo rinnovato.<\/p>\n<p>Il semestre sarebbe articolato in due fasi: una fase europea, in cui verrebbero elaborate raccomandazioni di politica economica per la zona euro, e una fase nazionale che produrrebbe le raccomandazioni specifiche per ciascun paese, come avviene ora.<\/p>\n<p>Il processo verrebbe accompagnato da un controllo rafforzato da parte del Parlamento europeo e di un nuovo Comitato consultivo europeo per le finanze pubbliche, composto dagli uffici parlamentari di bilancio gi\u00e0 costituiti in ciascun paese ai sensi delle vigenti regole fiscali europee.<\/p>\n<p>In questo ambito si propone di rivedere le regole fiscali del six-pack e del two-pack, al fine di &#8220;migliorarne chiarezza, trasparenza, conformit\u00e0 e legittimit\u00e0&#8221;.<\/p>\n<p>Infine, nella prima fase si dovr\u00e0 completare la creazione dell&#8217;Unione Bancaria, rafforzando le risorse del Fondo Unico per la Risoluzione delle crisi bancarie e formalizzando un accordo su un sistema comune di garanzia dei depositi bancari; si varer\u00e0 l&#8217;Unione dei Mercati dei Capitali.<\/p>\n<p>Vasto programma, che tuttavia non intacca la struttura meramente intergovernativa della politica economica europea e non contribuisce a dotare la zona euro degli strumenti per condurre una politica fiscale anticiclica.<\/p>\n<p>Le prospettive di rilancio dell\u2019attivit\u00e0 economica, degli investimenti, dell&#8217;occupazione restano dipendenti dalle politiche di risanamento fiscale e dall&#8217;attuazione di riforme strutturali mirate al rafforzamento della competitivit\u00e0 e della produttivit\u00e0. Una combinazione che ha finora avuto effetti modesti sulla congiuntura europea.<\/p>\n<p><b>Medio termine, solo obiettivi di massima<\/b><br \/>\nPer il medio termine, il Rapporto si limita ad individuare solo alcuni obiettivi principali da realizzare nella seconda fase e nella fase finale, senza precisarne la scansione temporale, e comunque al pi\u00f9 tardi entro il 2025. Ed \u00e8 in questo esercizio che il Rapporto \u00e8 deludente per carenza di ambizione e per qualche incoerenza rivelatrice.<\/p>\n<p>Per realizzare l&#8217;Unione economica, il Rapporto propone una &#8220;formalizzazione e maggiore capacit\u00e0 di vincolo del processo di convergenza&#8221;. Verrebbero fissati standard vincolanti di alto livello nella normativa dell&#8217;Unione: essi riguarderebbero principalmente i mercati del lavoro, la competitivit\u00e0, il contesto imprenditoriale, la pubblica amministrazione, nonch\u00e9 taluni aspetti della politica tributaria.<\/p>\n<p>In questo ambito, la procedura per gli squilibri macroeconomici potrebbe essere utilizzata anche &#8220;per promuovere riforme e controllare i progressi compiuti in ciascun Stato membro della zona euro verso il conseguimento degli standard comuni&#8221;.<\/p>\n<p>Per attuare l&#8217;Unione di bilancio, il rapporto propone la creazione di una funzione di stabilizzazione macroeconomica per la zona euro. Sembra finalmente un passo nella direzione giusta, per dare alla zona euro una capacit\u00e0 discrezionale di politica economica, ma non \u00e8 cos\u00ec e una lettura attenta del rapporto lo conferma.<\/p>\n<p>In realt\u00e0, la funzione verrebbe sviluppata &#8220;a pi\u00f9 lungo termine &#8230; a coronamento di un processo di convergenza e di ulteriore condivisione del processo decisionale sui bilanci nazionali&#8221;. La convergenza sarebbe cio\u00e8 la condizione per l&#8217;accesso dei paesi al meccanismo di stabilizzazione.<\/p>\n<p>Inoltre, la funzione non avrebbe la finalit\u00e0 di stabilizzare il ciclo economico della zona euro, bens\u00ec quella di &#8220;migliorare la resilienza complessiva della Uem contribuendo cos\u00ec a prevenire le crisi&#8221;.<\/p>\n<p>Si dovrebbero individuare degli ammortizzatori per i grandi shocks macroeconomici, ma il loro impianto per la zona euro richieder\u00e0 studi pi\u00f9 approfonditi che saranno condotti da un nuovo comitato di esperti che assister\u00e0 la Commissione per formulare le proposte per le fasi successive del processo.<\/p>\n<p>Nell&#8217;immediato, il Rapporto ammette che la funzione di stabilizzazione potrebbe muovere dal Fondo europeo per gli investimenti strategici (Feis), di recente costituito per dare attuazione al Piano Juncker per investimenti nelle principali infrastrutture europee (energia, economia digitale, trasporti). Ma si tratta appena di un accenno senza maggiori dettagli.<\/p>\n<p><b>Unione politica: due iniziative di tenore diverso<\/b><br \/>\nInfine, in quello che dovrebbe essere il capitolo dedicato all&#8217;Unione politica, il rapporto propone due iniziative di tenore assai diverso. La prima sriguarderebbe l&#8217;integrazione del Meccanismo europeo di Stabilit\u00e0 (Mes &#8211; il cosiddetto Fondo salva-Stati) nel diritto dell\u2019Ue.<\/p>\n<p>Si riconosce che la struttura intergovernativa del Meccanismo comporta processi decisionali complessi e tempi lunghi e si propone la piena integrazione della governance del Mes nei Trattati dell\u2019Ue.<\/p>\n<p>La seconda iniziativa \u00e8 invece di portata assai pi\u00f9 ampia in quanto prevede la costituzione di una Tesoreria unica per la zona euro. Ma anche qui la proposta \u00e8 di natura evolutiva:&#8221;Via via che la zona euro evolve verso una Uem autentica, sar\u00e0 sempre pi\u00f9 acuta la necessit\u00e0 di adottare alcune decisioni collettivamente, assicurando nel contempo il controllo democratico e la legittimit\u00e0 del processo.<\/p>\n<p>Una futura Tesoreria della zona euro potrebbe essere la sede adatta per questo processo decisionale collettivo. Comunque questa Tesoreria unica non sarebbe un Ministero delle Finanze della zona euro perch\u00e9 &#8220;gli Stati membri continuerebbero a decidere autonomamente su fiscalit\u00e0 e assegnazione della spesa pubblica in funzione delle preferenze e scelte politiche nazionali&#8221;.<\/p>\n<p>In linea con questa pi\u00f9 intensa comunanza, il rapporto ritiene opportuno unificare sempre di pi\u00f9 la rappresentanza esterna della Uem nelle sedi internazionali.<\/p>\n<p><b>Il rapporto un\u2019occasione perduta<\/b><br \/>\nIn conclusione, il Rapporto rappresenta un&#8217;occasione perduta. Si poteva dare un segnale pi\u00f9 forte circa gli obiettivi verso cui tendere, specie in un&#8217;ottica decennale, con una pi\u00f9 forte connotazione federale, per correggere la &#8220;zoppia&#8221; tra una politica monetaria gestita da un organo federale e politiche economiche gestite a livello nazionale in base a regole comuni.<\/p>\n<p>Invece, si continua a prefigurare una &#8220;Europa delle patrie&#8221;, in cui nuove &#8220;funzioni&#8221; vengono messe in comune per essere gestite da consessi intergovernativi senza che si facciano passi significativi verso l&#8217;Unione Politica.<\/p>\n<p>Si poteva fare riferimento allo strumento della &#8220;cooperazione rafforzata&#8221; gi\u00e0 previsto dai Trattati. Nei contenuti, il quadro che si prefigura accentua l&#8217;enfasi sulle politiche di consolidamento fiscale, sulle riforme strutturali e sulla competitivit\u00e0, temi su cui si verrebbe ad avere un sovraffollamento di competenze e di procedure, tra vecchi e nuovi comitati e autorit\u00e0, con rischi di aggravare la complessit\u00e0 della governance e di minare la sua credibilit\u00e0.<\/p>\n<p>Per contro, sul tema della politica anticiclica della zona euro ben poco di nuovo viene proposto e si continua a chiamare &#8220;coordinamento delle politiche economiche&#8221; qualcosa che \u00e8 in realt\u00e0 solo un monitoraggio comune sul rispetto delle regole fiscali.<\/p>\n<p>Il possibile uso anticiclico del Feis viene appena adombrato e nulla si dice del ruolo che potrebbe svolgere al riguardo una riforma del bilancio comunitario che preveda una utilizzazione di &#8220;risorse proprie&#8221; da individuare per fini anticongiunturali.<\/p>\n<p>E infine continua l&#8217;ambiguit\u00e0 sulle vere finalit\u00e0 della procedura per gli squilibri macroeconomici che potrebbe essere utilizzata per monitorare progressi sull&#8217;attuazione delle riforme strutturali e la riduzione del debito pubblico, piuttosto che promuovere la correzione degli squilibri delle bilance dei pagamenti.<\/p>\n<p>Comunque, nella primavera del 2017 la Commissione presenter\u00e0 un libro bianco per valutare i progressi compiuti nella fase 1 e per elaborare proposte per completare la Uem nelle fasi successive. Fino ad allora, non molto di nuovo sul fronte europeo.<\/p>\n","protected":false},"excerpt":{"rendered":"<p>In ricordo di Fabrizio\u00a0Saccomanni, improvvisamente scomparso gioved\u00ec 8 agosto, dopo essere stato per oltre quarant&#8217;anni socio ed amico dell\u2019Istituto Affari Internazionali, in cui aveva anche avuto il ruolo di vice-presidente, ripubblichiamo un suo articolo del 30 giugno 2015, che aveva suscitato, all&#8217;epoca, larga eco, per la chiarezza dell&#8217;analisi e il coraggio dei giudizi. Il rapporto [&hellip;]<\/p>\n","protected":false},"author":21,"featured_media":75023,"comment_status":"closed","ping_status":"closed","sticky":false,"template":"","format":"standard","meta":{"footnotes":""},"categories":[9],"tags":[96,1779,432],"_links":{"self":[{"href":"https:\/\/www.archivio-affarinternazionali.it\/archivio\/wp-json\/wp\/v2\/posts\/75022"}],"collection":[{"href":"https:\/\/www.archivio-affarinternazionali.it\/archivio\/wp-json\/wp\/v2\/posts"}],"about":[{"href":"https:\/\/www.archivio-affarinternazionali.it\/archivio\/wp-json\/wp\/v2\/types\/post"}],"author":[{"embeddable":true,"href":"https:\/\/www.archivio-affarinternazionali.it\/archivio\/wp-json\/wp\/v2\/users\/21"}],"replies":[{"embeddable":true,"href":"https:\/\/www.archivio-affarinternazionali.it\/archivio\/wp-json\/wp\/v2\/comments?post=75022"}],"version-history":[{"count":3,"href":"https:\/\/www.archivio-affarinternazionali.it\/archivio\/wp-json\/wp\/v2\/posts\/75022\/revisions"}],"predecessor-version":[{"id":75026,"href":"https:\/\/www.archivio-affarinternazionali.it\/archivio\/wp-json\/wp\/v2\/posts\/75022\/revisions\/75026"}],"wp:featuredmedia":[{"embeddable":true,"href":"https:\/\/www.archivio-affarinternazionali.it\/archivio\/wp-json\/wp\/v2\/media\/75023"}],"wp:attachment":[{"href":"https:\/\/www.archivio-affarinternazionali.it\/archivio\/wp-json\/wp\/v2\/media?parent=75022"}],"wp:term":[{"taxonomy":"category","embeddable":true,"href":"https:\/\/www.archivio-affarinternazionali.it\/archivio\/wp-json\/wp\/v2\/categories?post=75022"},{"taxonomy":"post_tag","embeddable":true,"href":"https:\/\/www.archivio-affarinternazionali.it\/archivio\/wp-json\/wp\/v2\/tags?post=75022"}],"curies":[{"name":"wp","href":"https:\/\/api.w.org\/{rel}","templated":true}]}}