{"id":75058,"date":"2019-08-09T10:30:19","date_gmt":"2019-08-09T08:30:19","guid":{"rendered":"https:\/\/www.archivio-affarinternazionali.it\/archivio\/?p=75058"},"modified":"2019-08-14T00:16:46","modified_gmt":"2019-08-13T22:16:46","slug":"fabrizio-saccomanni-servitore-stato","status":"publish","type":"post","link":"https:\/\/www.archivio-affarinternazionali.it\/archivio\/2019\/08\/fabrizio-saccomanni-servitore-stato\/","title":{"rendered":"Fabrizio Saccomanni: servitore dello Stato competente e autorevole"},"content":{"rendered":"<p>La scomparsa improvvisa e prematura di Fabrizio <strong>Saccomanni<\/strong> ha colpito anche noi dello <strong>IAI<\/strong> e lascia un vuoto che sar\u00e0 difficile colmare. Oltre agli innumerevoli e prestigiosi incarichi istituzionali che hanno caratterizzato la sua lunga e brillante carriera, Fabrizio era stato infatti per lunghi anni non solo socio ed attivo collaboratore dell&#8217;Istituto, ma dal 2016 aveva anche accettato l&#8217;incarico di vice-presidente. E in questa sua veste aveva coordinato il programma economico dell&#8217;Istituto con la competenza e con l&#8217;autorevolezza che hanno da sempre caratterizzato il suo stile, mettendo a disposizione dell&#8217;Istituto lo straordinario network di contatti e conoscenze accumulati nel corso della sua carriera.<\/p>\n<p>Conoscevo personalmente Fabrizio dagli anni in cui dirigeva il Servizio Studi di <a href=\"https:\/\/www.bancaditalia.it\/\"><strong>Banca di Italia<\/strong><\/a>; e ho avuto modo di apprezzarlo quando era un giovane membro del team dello sherpa italiano per l&#8217;allora G7. Ci siamo incontrati periodicamente in varie altre occasioni. E da ultimo ho avuto il privilegio di assisterlo nella mia qualit\u00e0 di Rappresentante permanente presso la Ue, sia pure per un breve periodo, in occasione della sua partecipazione ai Consigli Ecofin e agli Eurogruppo come ministro dell&#8217;Economia del Governo Letta.<\/p>\n<p>E infine abbiamo avuto occasione di collaborare pi\u00f9 strettamente dopo il suo arrivo allo IAI come vice-presidente e coordinatore del programma economico, in quel breve periodo tra la fine del Governo Letta e l&#8217;accettazione del prestigioso incarico di presidente di Unicredit.<\/p>\n<p>E&#8217; difficile riuscire a trovare in una sola persona quella combinazione eccezionale di qualit\u00e0 che Fabrizio riassumeva cos\u00ec brillantemente: una <a href=\"https:\/\/www.archivio-affarinternazionali.it\/archivio\/2019\/08\/saccomanni-ue-rapporto-presidenti\/\">straordinaria competenza professionale<\/a> arricchita dai numerosi e importanti incarichi, una conoscenza unica del mondo dell&#8217;economia e della finanza, ma anche una grande cultura e interessi variegati, una grande umanit\u00e0 e capacit\u00e0 di empatia, un sapiente ricorso all&#8217;ironia e alla battuta sdrammatizzante con la quale sapeva conquistare l&#8217;interlocutore.<\/p>\n<p>Ci mancher\u00e0 molto Fabrizio, venuto a mancare prima del tempo. Cos\u00ec come mancher\u00e0 a tutto il Paese, particolarmente in questa congiuntura, quel modello di servitore dello Stato competente e autorevole che Fabrizio aveva interpretato in maniera esemplare.<\/p>\n<p>Alla moglie Luciana, compagna inseparabile di una vita, il mio e il nostro abbraccio affettuoso e solidale.<\/p>\n","protected":false},"excerpt":{"rendered":"<p>La scomparsa improvvisa e prematura di Fabrizio Saccomanni ha colpito anche noi dello IAI e lascia un vuoto che sar\u00e0 difficile colmare. Oltre agli innumerevoli e prestigiosi incarichi istituzionali che hanno caratterizzato la sua lunga e brillante carriera, Fabrizio era stato infatti per lunghi anni non solo socio ed attivo collaboratore dell&#8217;Istituto, ma dal 2016 [&hellip;]<\/p>\n","protected":false},"author":21,"featured_media":75059,"comment_status":"closed","ping_status":"closed","sticky":false,"template":"","format":"standard","meta":{"footnotes":""},"categories":[9],"tags":[1784,1176,1779],"_links":{"self":[{"href":"https:\/\/www.archivio-affarinternazionali.it\/archivio\/wp-json\/wp\/v2\/posts\/75058"}],"collection":[{"href":"https:\/\/www.archivio-affarinternazionali.it\/archivio\/wp-json\/wp\/v2\/posts"}],"about":[{"href":"https:\/\/www.archivio-affarinternazionali.it\/archivio\/wp-json\/wp\/v2\/types\/post"}],"author":[{"embeddable":true,"href":"https:\/\/www.archivio-affarinternazionali.it\/archivio\/wp-json\/wp\/v2\/users\/21"}],"replies":[{"embeddable":true,"href":"https:\/\/www.archivio-affarinternazionali.it\/archivio\/wp-json\/wp\/v2\/comments?post=75058"}],"version-history":[{"count":1,"href":"https:\/\/www.archivio-affarinternazionali.it\/archivio\/wp-json\/wp\/v2\/posts\/75058\/revisions"}],"predecessor-version":[{"id":75060,"href":"https:\/\/www.archivio-affarinternazionali.it\/archivio\/wp-json\/wp\/v2\/posts\/75058\/revisions\/75060"}],"wp:featuredmedia":[{"embeddable":true,"href":"https:\/\/www.archivio-affarinternazionali.it\/archivio\/wp-json\/wp\/v2\/media\/75059"}],"wp:attachment":[{"href":"https:\/\/www.archivio-affarinternazionali.it\/archivio\/wp-json\/wp\/v2\/media?parent=75058"}],"wp:term":[{"taxonomy":"category","embeddable":true,"href":"https:\/\/www.archivio-affarinternazionali.it\/archivio\/wp-json\/wp\/v2\/categories?post=75058"},{"taxonomy":"post_tag","embeddable":true,"href":"https:\/\/www.archivio-affarinternazionali.it\/archivio\/wp-json\/wp\/v2\/tags?post=75058"}],"curies":[{"name":"wp","href":"https:\/\/api.w.org\/{rel}","templated":true}]}}