{"id":75489,"date":"2019-09-19T12:11:47","date_gmt":"2019-09-19T10:11:47","guid":{"rendered":"https:\/\/www.archivio-affarinternazionali.it\/archivio\/?p=75489"},"modified":"2020-03-20T09:19:10","modified_gmt":"2020-03-20T08:19:10","slug":"democrazia-in-europa-il-mercato-della-verita-online","status":"publish","type":"post","link":"https:\/\/www.archivio-affarinternazionali.it\/archivio\/2019\/09\/democrazia-in-europa-il-mercato-della-verita-online\/","title":{"rendered":"Democrazia in Europa: il mercato della verit\u00e0 online"},"content":{"rendered":"<p>La rivoluzione digitale ha soddisfatto il <strong>bisogno di immediatezza<\/strong> della societ\u00e0 democratica, che mal tollera l\u2019incertezza nel processo decisionale, ma ha compresso eccessivamente i tempi di riflessione critica sull\u2019informazione, <strong>distorcendo la distinzione tra vero e falso<\/strong>.<\/p>\n<p>Ci\u00f2 ha permesso che i social media si strutturassero come <strong>luoghi di veridizione<\/strong>, di formazione della verit\u00e0, <strong>con logiche di mercato<\/strong>. Come il vero prezzo \u00e8 legato naturalmente a domanda e offerta, cos\u00ec sui social l\u2019informazione acquista il crisma della verit\u00e0 secondo il numero di condivisioni o <em>like<\/em> che ottiene. La mera diffusione funge da autopoiesi delle fonti, avulsa da ogni analisi critica sulla effettiva veridicit\u00e0 della notizia.<\/p>\n<p>Si \u00e8 cos\u00ec agevolata la diffusione di <strong><em>fake news<\/em><\/strong>, specie se per guadagno pubblicitario o per influenzare processi e decisioni politiche di uno Stato.<\/p>\n<p><strong>Democrazia rappresentativa e democrazia liquida<\/strong><br \/>\nI social hanno aperto alla <strong>democrazia liquida<\/strong>, nella quale l\u2019elettore ha il potere di controllare come il suo voto viene speso dal rappresentante in relazione ad ogni proposta legislativa, ed eventualmente riassegnarlo.<\/p>\n<p>Si coniugano cos\u00ec i principi della democrazia rappresentativa e le istanze di partecipazione di quella diretta, specie nei sistemi di <em>e-voting<\/em>, la cui immediatezza permette votazioni, dal carattere referendario, su un numero potenzialmente infinito di proposte legislative.<\/p>\n<p>Ci\u00f2 comporta un rischio specifico: in assenza di tempi funzionali ad un\u2019analisi critica, tali votazioni diverrebbero dei plebisciti, legati al <em>sentiment<\/em> dell\u2019elettorato e ai rapidi tempi di reazione propri del <em>web<\/em>, impedendo all\u2019elettore di testare la veridicit\u00e0 dell\u2019informazione. Cos\u00ec, nel meccanismo di veridizione summenzionato, anche delle <em>fake news<\/em> verrebbero assunte come vere, e come base di decisioni politiche. Ci\u00f2 influirebbe sulla governabilit\u00e0 e sulla stabilit\u00e0 della democrazia, precludendo alla minoranza un effettivo potere di opposizione in tali decisioni-lampo, e aprendo ad un totalitarismo della maggioranza di turno.<\/p>\n<p>Il meccanismo di veridizione dei <em>social <\/em>viene sfruttato da <em>opinion leader<\/em> che canalizzano gli orientamenti politici, grazie all\u2019azione di <em>software<\/em> informatici.<\/p>\n<p>Esempio ne \u00e8 il <em>software<\/em> \u2018la Bestia\u2019, utilizzato dallo staff comunicativo del leader della Lega Matteo Salvini per analizzare le interazioni degli utenti e consigliare post o tweet, al fine di polarizzare il <em>sentiment<\/em> degli utenti. Cos\u00ec si riesce a far leva su emozioni basilari e argomenti conflittuali, con cui dividere l\u2019opinione pubblica in \u2018buona e vera\u2019, se conforme alla notizia veicolata, oppure \u2018cattiva e falsa\u2019, delegittimando le opinioni divergenti.<\/p>\n<p>Tuttavia, al di l\u00e0 della dubbia etica pubblica che la ispira, e del rischio di esasperare le divisioni sociali, tale strategia politica pu\u00f2 ritenersi espressione di democrazia. Una deriva autoritaria, fuori e contro il sistema democratico, pare, seppur non impossibile, allo stato attuale quanto meno improbabile, data l\u2019alta burocratizzazione ed interdipendenza delle societ\u00e0 europee.<\/p>\n<p><strong><em>Cyberwarfare<\/em> e <em>Digital Authoritarianism<\/em><\/strong><br \/>\nL\u2019odierno scenario di <em>cyberwarfare<\/em>, legato alla disinformazione, costituisce, invece, un attuale rischio per la democrazia e la libert\u00e0 d\u2019espressione.<\/p>\n<p>Emblematici sono l\u2019elezione di Donald Trump e il referendum sulla Brexit: eventi in cui la <a href=\"https:\/\/www.archivio-affarinternazionali.it\/archivio\/2019\/04\/elezioni-europee-estonia-ingerenza-russa\/\" target=\"_blank\" rel=\"noopener\"><strong>Russia<\/strong><\/a>\u00a0avrebbe etero-diretto l\u2019opinione pubblica dei due Paesi mediante diffusione di <em>fake news<\/em>.<\/p>\n<p>Ci\u00f2 sarebbe avvenuto anche grazie all\u2019attivit\u00e0 di <em>Cambridge Analytica<\/em> di <em>microtargeting<\/em> comportamentale, alla <em>policy<\/em> di scarsa trasparenza di Facebook sulla fonte e sul finanziamento dei contenuti politici sul sito, nonch\u00e9 al <strong><em>filter bubble<\/em><\/strong>, meccanismo per cui ogni utente visualizza contenuti altamente omogenei, basati sulle proprie interazioni sul social, con effetto di restringerne l\u2019orizzonte informativo.<\/p>\n<p>A tale intrusione nella libert\u00e0 d\u2019espressione degli utenti e nella sicurezza nazionale, gli Stati hanno risposto censurando la disinformazione sui <em>social<\/em>, nella pretesa impossibile di definire normativamente il falso, e assumendo un ruolo di guida nella verit\u00e0, che deve rimanergli estraneo in un\u2019ottica democratica.<\/p>\n<p>Normative di <em>digital authoritarianism<\/em>, restrittive della libert\u00e0 <em>online<\/em>, si sono diffuse negli stati europei. \u00c8, per\u00f2, soprattutto in Russia e Cina, che il diritto di espressione \u00e8 abolito da una capillare censura in rete, e si impone uno spazio <em>online<\/em> isolato dal resto del mondo.<\/p>\n<p><strong>Alcune possibili soluzioni democratiche<\/strong><br \/>\nL\u2019unica soluzione possibile sembra quella per cui <strong>\u201ci mali della democrazia si curano con pi\u00f9 democrazia\u201d<\/strong>.<\/p>\n<p>In tal senso, si dovrebbero sfruttare le potenzialit\u00e0 dei social, cercando di ridurne la funzione di veridizione, attraverso un sistema integrato di <strong><em>private and public enforcement<\/em><\/strong>, in cui:<\/p>\n<ol>\n<li>i gestori dei social predispongono meccanismi di segnalazione della disinformazione e compiono una verifica ponderata delle segnalazioni, per scongiurarne un uso distorto. Inoltre, essi dovrebbero consentire che l\u2019utente possa graduare l\u2019effetto del <em>filter bubble<\/em>, per ampliare il proprio orizzonte informativo.<\/li>\n<li>agli utenti deve essere lasciato il controllo interno, senza potere di censura, attraverso l\u2019opera indipendente di <em>debunking <\/em>e<em> fact-checking<\/em>. Tale meccanismo dovrebbe essere potenziato, per evitare errori, mediante l\u2019azione integrata dei media tradizionali, sia quale supporto informativo nell\u2019indagine sulla falsit\u00e0 dell\u2019informazione, sia quale cassa di risonanza dell\u2019esito dell\u2019indagine, per minimizzare l\u2019effetto distorsivo della disinformazione.<\/li>\n<\/ol>\n<p>&nbsp;<br \/>\n___<br \/>\n<img loading=\"lazy\" decoding=\"async\" class=\"wp-image-79605 alignright\" src=\"https:\/\/www.archivio-affarinternazionali.it\/archivio\/wp-content\/uploads\/2020\/03\/logo_maeci-it-verticale-300x212.png\" alt=\"\" width=\"150\" height=\"106\" srcset=\"https:\/\/www.archivio-affarinternazionali.it\/archivio\/wp-content\/uploads\/2020\/03\/logo_maeci-it-verticale-300x212.png 300w, https:\/\/www.archivio-affarinternazionali.it\/archivio\/wp-content\/uploads\/2020\/03\/logo_maeci-it-verticale-125x88.png 125w, https:\/\/www.archivio-affarinternazionali.it\/archivio\/wp-content\/uploads\/2020\/03\/logo_maeci-it-verticale.png 676w\" sizes=\"(max-width: 150px) 100vw, 150px\" \/><small><em>Il PremioIAI \u00e8 stato realizzato con il contributo del Ministero degli Affari Esteri e della Cooperazione Internazionale ai sensi dell\u2019art. 23- bis del DPR 18\/1967<\/em><br \/>\n<\/small><\/p>\n<p><small><em>Le posizioni contenute nel presente report sono espressione esclusivamente degli autori e non rappresentano necessariamente le posizioni del Ministero degli Affari Esteri e della Cooperazione Internazionale<\/em><\/small><\/p>\n","protected":false},"excerpt":{"rendered":"<p>La rivoluzione digitale ha soddisfatto il bisogno di immediatezza della societ\u00e0 democratica, che mal tollera l\u2019incertezza nel processo decisionale, ma ha compresso eccessivamente i tempi di riflessione critica sull\u2019informazione, distorcendo la distinzione tra vero e falso. Ci\u00f2 ha permesso che i social media si strutturassero come luoghi di veridizione, di formazione della verit\u00e0, con logiche [&hellip;]<\/p>\n","protected":false},"author":22,"featured_media":75492,"comment_status":"closed","ping_status":"closed","sticky":false,"template":"","format":"standard","meta":{"footnotes":""},"categories":[9],"tags":[452,119,921,822,1348,1767,432],"_links":{"self":[{"href":"https:\/\/www.archivio-affarinternazionali.it\/archivio\/wp-json\/wp\/v2\/posts\/75489"}],"collection":[{"href":"https:\/\/www.archivio-affarinternazionali.it\/archivio\/wp-json\/wp\/v2\/posts"}],"about":[{"href":"https:\/\/www.archivio-affarinternazionali.it\/archivio\/wp-json\/wp\/v2\/types\/post"}],"author":[{"embeddable":true,"href":"https:\/\/www.archivio-affarinternazionali.it\/archivio\/wp-json\/wp\/v2\/users\/22"}],"replies":[{"embeddable":true,"href":"https:\/\/www.archivio-affarinternazionali.it\/archivio\/wp-json\/wp\/v2\/comments?post=75489"}],"version-history":[{"count":12,"href":"https:\/\/www.archivio-affarinternazionali.it\/archivio\/wp-json\/wp\/v2\/posts\/75489\/revisions"}],"predecessor-version":[{"id":79613,"href":"https:\/\/www.archivio-affarinternazionali.it\/archivio\/wp-json\/wp\/v2\/posts\/75489\/revisions\/79613"}],"wp:featuredmedia":[{"embeddable":true,"href":"https:\/\/www.archivio-affarinternazionali.it\/archivio\/wp-json\/wp\/v2\/media\/75492"}],"wp:attachment":[{"href":"https:\/\/www.archivio-affarinternazionali.it\/archivio\/wp-json\/wp\/v2\/media?parent=75489"}],"wp:term":[{"taxonomy":"category","embeddable":true,"href":"https:\/\/www.archivio-affarinternazionali.it\/archivio\/wp-json\/wp\/v2\/categories?post=75489"},{"taxonomy":"post_tag","embeddable":true,"href":"https:\/\/www.archivio-affarinternazionali.it\/archivio\/wp-json\/wp\/v2\/tags?post=75489"}],"curies":[{"name":"wp","href":"https:\/\/api.w.org\/{rel}","templated":true}]}}