{"id":76626,"date":"2019-11-24T15:07:10","date_gmt":"2019-11-24T14:07:10","guid":{"rendered":"https:\/\/www.archivio-affarinternazionali.it\/archivio\/?p=76626"},"modified":"2019-12-03T12:02:16","modified_gmt":"2019-12-03T11:02:16","slug":"gran-bretagna-emmott-conservatori","status":"publish","type":"post","link":"https:\/\/www.archivio-affarinternazionali.it\/archivio\/2019\/11\/gran-bretagna-emmott-conservatori\/","title":{"rendered":"Gran Bretagna: elezioni; Emmott, &#8220;i conservatori vinceranno&#8221;"},"content":{"rendered":"<p>&#8220;\u00c8 vero che, rispetto al passato, oggi i risultati elettorali sono molto pi\u00f9 imprevedibili. Ma detto questo, credo che le previsioni sulla vittoria schiacciante del Partito conservatore siano corrette&#8221;. Cos\u00ec Bill <strong>Emmott<\/strong>, <a href=\"https:\/\/it.wikipedia.org\/wiki\/Bill_Emmott\" target=\"_blank\" rel=\"noopener\">giornalista, ex-direttore dell&#8217;<em>Economist<\/em> e scrittore britannico<\/a>, vede l&#8217;andamento delle <a href=\"https:\/\/www.archivio-affarinternazionali.it\/archivio\/2019\/11\/gran-bretagna-urne-brexit\/\" target=\"_blank\" rel=\"noopener\"><strong>elezioni<\/strong><\/a> che si terranno in <a href=\"https:\/\/www.archivio-affarinternazionali.it\/archivio\/2019\/11\/gb-usa-johnson-trump-chicken-game\/\" target=\"_blank\" rel=\"noopener\"><strong>Gran Bretagna<\/strong><\/a> il 12 dicembre. Al di l\u00e0 della <a href=\"https:\/\/www.archivio-affarinternazionali.it\/archivio\/2019\/11\/ue-gb-brexit-conseguenze\/\" target=\"_blank\" rel=\"noopener\"><strong>Brexit<\/strong><\/a> e del dibattito sulla nazionalizzazione di alcuni settori chiave dell&#8217;economia britannica, secondo Emmott ci\u00f2 che i risultati elettorali rimetteranno davvero in questione sar\u00e0 l&#8217;unit\u00e0 stessa del Regno Unito.<\/p>\n<p><strong>Il<\/strong><strong> 12 <\/strong><strong>dicembre<\/strong> <strong>nel<\/strong> <strong>Regno<\/strong> <strong>Unito<\/strong> <strong>si<\/strong> <strong>terranno<\/strong> <strong>le<\/strong> <strong>elezioni<\/strong> <strong>anticipate<\/strong><strong>. <\/strong><strong>I<\/strong> <strong>sondaggi<\/strong> <strong>danno<\/strong> <strong>i<\/strong> <strong>conservatori<\/strong> <strong>in<\/strong> <strong>testa<\/strong><strong>, <\/strong><strong>anche<\/strong> <strong>se<\/strong> <strong>in<\/strong> <strong>molti<\/strong> <strong>l<\/strong><strong>\u2019<\/strong><strong>hanno<\/strong> <strong>definita<\/strong><strong>\u00a0\u201c<\/strong><strong>l<\/strong><strong>\u2019<\/strong><strong>elezione<\/strong> <strong>pi\u00f9<\/strong> <strong>imprevedibile<\/strong><strong>\u201d <\/strong><strong>degli<\/strong> <strong>ultimi<\/strong> <strong>decenni<\/strong><strong>. <\/strong><strong>Perch\u00e9<\/strong><strong>?<br \/>\n<\/strong><strong><img loading=\"lazy\" decoding=\"async\" class=\"size-medium wp-image-76632 alignleft\" src=\"https:\/\/www.archivio-affarinternazionali.it\/archivio\/wp-content\/uploads\/2019\/11\/191125Bill-Emmott-300x200.jpg\" alt=\"Gran Bretagna - elezioni - Emmott\" width=\"300\" height=\"200\" srcset=\"https:\/\/www.archivio-affarinternazionali.it\/archivio\/wp-content\/uploads\/2019\/11\/191125Bill-Emmott-300x200.jpg 300w, https:\/\/www.archivio-affarinternazionali.it\/archivio\/wp-content\/uploads\/2019\/11\/191125Bill-Emmott-125x83.jpg 125w, https:\/\/www.archivio-affarinternazionali.it\/archivio\/wp-content\/uploads\/2019\/11\/191125Bill-Emmott.jpg 640w\" sizes=\"(max-width: 300px) 100vw, 300px\" \/>Bill Emmott<\/strong> \u2013 Le elezioni nel Regno Unito sono diventate pi\u00f9 imprevedibili per due motivi: in primo luogo, perch\u00e9 abbiamo visto la frammentazione di quello che una volta era un sistema a due partiti, dovuto in particolare alla crescita dei partiti regionali. E questo, a causa del nostro sistema elettorale \u201cfirst-past-the post\u201d \u2013 ovvero un sistema elettorale a maggioranza relativa in collegi uninominali a turno unico \u2013 dove delle piccole differenze di voto possono generare grosse differenze di risultati. Il secondo motivo \u00e8 dovuto al fatto che oggi le divisioni sulla Brexit sono dominanti, cosa che rende l&#8217;identificazione tradizionale al partito meno significativa come guida al voto. Detto questo, penso che la previsione sulla vittoria del Partito conservatore con una maggioranza parlamentare assoluta si dimostrer\u00e0 corretta.<\/p>\n<p><strong>Che vincano i conservatori o meno, si andr\u00e0 comunque verso una Brexit eterna? L\u2019uscita non sembra immediata\u2026<br \/>\n<\/strong><strong>Emmott<\/strong> \u2013 La Brexit dominer\u00e0 la politica e le politiche pubbliche per diversi anni, \u00e8 inevitabile. Anche se il nuovo Partito conservatore\u00a0 riuscisse a ottenere, subito dopo il 12 dicembre, la ratifica dell\u2019Accordo di Recesso dal Parlamento, ci\u00f2 porterebbe inevitabilmente il Regno Unito ad avviare dei lunghissimi negoziati con l\u2019Ue per quel che riguarda le relazioni commerciali, di investimento, legali e di sicurezza. Forse non si parler\u00e0 di una Brexit-eterna, ma sicuramente il nostro rapporto con l\u2019Europa continuer\u00e0 ad essere una questione molto dominante.<\/p>\n<p><strong>Lasciando<\/strong> <strong>da<\/strong> <strong>parte<\/strong> <strong>Brexit<\/strong><strong>, <\/strong><strong>questa<\/strong> <strong>\u00e8<\/strong> <strong>una<\/strong> <strong>delle<\/strong> <strong>campagne<\/strong> <strong>elettorali<\/strong> <strong>pi\u00f9<\/strong> <strong>polarizzate<\/strong> <strong>dal<\/strong><strong> 1979. <\/strong><strong>Si pu\u00f2 dire che i risultati elettorali potrebbero rimettere in discussione i rapporti Stato-mercato?<br \/>\n<\/strong><strong>Emmott<\/strong> -\u00c8 vero che i laburisti hanno riportato le questioni relative alla propriet\u00e0 e all&#8217;intervento dello Stato al centro del dibattito politico, rendendo di nuovo accettabili idee come quella della nazionalizzazione. Ma detto questo, una rimessa in discussione dei rapporti Stato-mercato potrebbe avverarsi solo se il Partito laburista vincesse e formasse un nuovo governo, cosa che al momento \u00e8 improbabile. Se i conservatori vinceranno, questa rimessa in discussione non ci sar\u00e0. Quello che succeder\u00e0 \u00e8 che probabilmente, dopo che avremo lasciato l\u2019<strong>Ue<\/strong>, ci saranno delle deregolamentazioni di alcuni settori commerciali, fatto salvo il nostro accordo commerciale, ma per il resto i rapporti Stato-mercato saranno come quelli che abbiamo avuto negli ultimi anni.<\/p>\n<p><strong>Il risultato elettorale rischia di minare l\u2019unit\u00e0 del Regno Unito?<br \/>\n<\/strong><strong>Emmott &#8211; <\/strong>Se le elezioni porteranno alla Brexit e alla fase successiva dei negoziati, e se, come \u00e8 probabile, il Partito nazionale scozzese otterr\u00e0 nuovamente una posizione dominante nei collegi scozzesi, l&#8217;unit\u00e0 del Regno Unito sar\u00e0 messa in discussione. Inoltre, i termini proposti dai conservatori sulla modalit\u00e0 di uscita dall&#8217;Ue hanno aumentato le probabilit\u00e0 che l\u2019Irlanda del Nord &#8211; che oggi fa parte del Regno Unito &#8211; prema per un referendum sull\u2019indipendenza che potrebbe unirla al resto dell\u2019isola irlandese. Anche la Scozia premer\u00e0 per un nuovo referendum sull&#8217;indipendenza, ma questo incontrer\u00e0 delle fortissime resistenze dal governo conservatore ed \u00e8 improbabile che accada nei prossimi cinque anni.<\/p>\n<p><strong>Oltre alla Brexit<\/strong><strong>, <\/strong><strong>oggi<\/strong> <strong>qual\u00a0<\/strong><strong>\u00e8<\/strong> <strong>il<\/strong> <strong>pi\u00f9<\/strong> <strong>grande<\/strong> <strong>pericolo<\/strong> <strong>per<\/strong> <strong>l<\/strong><strong>\u2019<\/strong><strong>Europa<\/strong><strong>?<br \/>\n<\/strong><strong>Emmott <\/strong>&#8211; La paralisi politica in <a href=\"https:\/\/www.archivio-affarinternazionali.it\/archivio\/2018\/10\/germania-assia-merkel-europa\/\" target=\"_blank\" rel=\"noopener\"><strong>Germania<\/strong><\/a>. Nonostante la cancelliera Angela Merkel sia una figura indebolita, senza alcuna reale autorit\u00e0 all&#8217;interno o all&#8217;esterno del Paese, attualmente non vi \u00e8 alcuna prospettiva per sostituirla con un nuovo leader o una nuova coalizione di governo. Questa paralisi interna sta a sua volta paralizzando l&#8217;Unione europea, impedendo qualsiasi reale progresso in materia di politica fiscale, investimenti pubblici, politica europea di difesa e sicurezza o controlli alle frontiere per la migrazione.<\/p>\n","protected":false},"excerpt":{"rendered":"<p>&#8220;\u00c8 vero che, rispetto al passato, oggi i risultati elettorali sono molto pi\u00f9 imprevedibili. Ma detto questo, credo che le previsioni sulla vittoria schiacciante del Partito conservatore siano corrette&#8221;. Cos\u00ec Bill Emmott, giornalista, ex-direttore dell&#8217;Economist e scrittore britannico, vede l&#8217;andamento delle elezioni che si terranno in Gran Bretagna il 12 dicembre. Al di l\u00e0 della [&hellip;]<\/p>\n","protected":false},"author":39,"featured_media":76631,"comment_status":"closed","ping_status":"closed","sticky":false,"template":"","format":"standard","meta":{"footnotes":""},"categories":[9],"tags":[462,85,1964,113,90,432],"_links":{"self":[{"href":"https:\/\/www.archivio-affarinternazionali.it\/archivio\/wp-json\/wp\/v2\/posts\/76626"}],"collection":[{"href":"https:\/\/www.archivio-affarinternazionali.it\/archivio\/wp-json\/wp\/v2\/posts"}],"about":[{"href":"https:\/\/www.archivio-affarinternazionali.it\/archivio\/wp-json\/wp\/v2\/types\/post"}],"author":[{"embeddable":true,"href":"https:\/\/www.archivio-affarinternazionali.it\/archivio\/wp-json\/wp\/v2\/users\/39"}],"replies":[{"embeddable":true,"href":"https:\/\/www.archivio-affarinternazionali.it\/archivio\/wp-json\/wp\/v2\/comments?post=76626"}],"version-history":[{"count":4,"href":"https:\/\/www.archivio-affarinternazionali.it\/archivio\/wp-json\/wp\/v2\/posts\/76626\/revisions"}],"predecessor-version":[{"id":76657,"href":"https:\/\/www.archivio-affarinternazionali.it\/archivio\/wp-json\/wp\/v2\/posts\/76626\/revisions\/76657"}],"wp:featuredmedia":[{"embeddable":true,"href":"https:\/\/www.archivio-affarinternazionali.it\/archivio\/wp-json\/wp\/v2\/media\/76631"}],"wp:attachment":[{"href":"https:\/\/www.archivio-affarinternazionali.it\/archivio\/wp-json\/wp\/v2\/media?parent=76626"}],"wp:term":[{"taxonomy":"category","embeddable":true,"href":"https:\/\/www.archivio-affarinternazionali.it\/archivio\/wp-json\/wp\/v2\/categories?post=76626"},{"taxonomy":"post_tag","embeddable":true,"href":"https:\/\/www.archivio-affarinternazionali.it\/archivio\/wp-json\/wp\/v2\/tags?post=76626"}],"curies":[{"name":"wp","href":"https:\/\/api.w.org\/{rel}","templated":true}]}}