{"id":76686,"date":"2019-12-02T21:34:06","date_gmt":"2019-12-02T20:34:06","guid":{"rendered":"https:\/\/www.archivio-affarinternazionali.it\/archivio\/?p=76686"},"modified":"2019-12-03T15:50:40","modified_gmt":"2019-12-03T14:50:40","slug":"libia-turchia-spartizione-zee","status":"publish","type":"post","link":"https:\/\/www.archivio-affarinternazionali.it\/archivio\/2019\/12\/libia-turchia-spartizione-zee\/","title":{"rendered":"Libia\/Turchia: concordata delimitazione rispettive Zee"},"content":{"rendered":"<p>Ankara si allea con Tripoli per uscire dall&#8217;isolamento della disputa marittima che la oppone a <strong>Cipro<\/strong> e <strong>Grecia<\/strong>. Lo scorso 27 novembre il premier al-<a href=\"https:\/\/www.archivio-affarinternazionali.it\/archivio\/2016\/03\/libia-il-governo-autocertificato-di-al-sarraj\/\" target=\"_blank\" rel=\"noopener\"><strong>Sarraj<\/strong> <\/a>e il presidente\u00a0<a href=\"https:\/\/www.archivio-affarinternazionali.it\/archivio\/2019\/11\/turchia-erdogan-dichiarazioni-nucleare\/\" target=\"_blank\" rel=\"noopener\"><strong>Erdogan<\/strong><\/a>\u00a0hanno concordato la\u00a0 <a href=\"https:\/\/www.libyaobserver.ly\/news\/libya-turkey-ink-mous-security-and-maritime-cooperation\" target=\"_blank\" rel=\"noopener\">delimitazione<\/a>\u00a0delle rispettive <strong>Zone economiche esclusive<\/strong> (Zee)<a href=\"#_ftn1\" name=\"_ftnref1\">[1]<\/a>. La decisione era nell&#8217;aria da qualche mese dopo che\u00a0<a href=\"https:\/\/www.europarl.europa.eu\/doceo\/document\/TA-8-2014-0052_EN.html\" target=\"_blank\" rel=\"noopener\">Ue<\/a>, Gran Bretagna, Israele e Stati Uniti erano scesi in campo a difesa dei giacimenti di gas attorno a Cipro.<\/p>\n<p>La mossa turca costituisce una minaccia per i diritti della Grecia sugli spazi marittimi circostanti Creta e il Dodecanneso e presenta varie implicazioni politico-giuridiche divenendo un fattore di escalation delle tensioni. Costringe pure l\u2019<strong>Italia<\/strong> a ponderare con attenzione le proprie azioni per non finire, inconsapevolmente, nella palude del contenzioso.<\/p>\n<p><strong>Libia marittima<br \/>\n<\/strong>Da quando il colonnello\u00a0<strong>Gheddafi<\/strong> nel 1973 inser\u00ec nelle acque interne l\u2019intero <a href=\"https:\/\/it.wikipedia.org\/wiki\/Golfo_della_Sirte\" target=\"_blank\" rel=\"noopener\">Golfo della Sirte<\/a>, la <strong>Libia<\/strong> non ha mai cessato di sorprendere per la sua spregiudicata applicazione dei principi del diritto del mare.<\/p>\n<p>Nel 2005 vi fu la proclamazione della <a href=\"https:\/\/www.analisidifesa.it\/2018\/11\/quale-protezione-per-la-pesca-italiana-in-acque-libiche\/\" target=\"_blank\" rel=\"noopener\"><strong>Zona<\/strong> <strong>di protezione della pesca<\/strong><\/a> (Zpp) di 62 miglia, cui segu\u00ec nel 2009 quella della Zee estesa \u201csino ai limiti permessi dal diritto internazionale\u201d secondo un provvedimento che, inglobando la preesistente Zpp, potrebbe averne eliminato gli aspetti contestati dall\u2019Ue.<\/p>\n<p>La presenza di pescatori italiani nella Zpp libica ha inoltre pi\u00f9 volte generato reazioni da Tripoli e Tobruk, mentre \u00e8 per ora sospeso l\u2019<a href=\"https:\/\/www.archivio-affarinternazionali.it\/archivio\/2019\/09\/pesca-acque-libiche\/\" target=\"_blank\" rel=\"noopener\">accordo<\/a> di collaborazione tra <a href=\"https:\/\/www.federpesca.it\/chi-siamo-2\/\" target=\"_blank\" rel=\"noopener\">Federpesca<\/a> e le autorit\u00e0 della Cirenaica.<\/p>\n<p><strong>Zee Mar di Levante<br \/>\n<\/strong>La <strong>Turchia<\/strong>, sino ad oggi, ha giocato di rimando per contrastare l\u2019attivismo unilaterale di Cipro che nel Mediterraneo orientale ha gi\u00e0 delimitato la propria Zee con Egitto (2003), Libano (2007) e Israele (2010).<\/p>\n<p>Ankara non ha invece una Zee se non quella delimitata nel 2011 con l\u2019autoproclamata Repubblica turca di Cipro del Nord. Con svariate note verbali ha tuttavia reclamato come propria la porzione della Zee cipriota a ovest del meridiano 32\u00b0 16\u2032 18\u2032\u2032E , contrastando con <a href=\"https:\/\/www.archivio-affarinternazionali.it\/archivio\/2019\/10\/italia-eni-turco-cipriota\/\" target=\"_blank\" rel=\"noopener\">azioni in mare<\/a> l\u2019offshore energetico.<\/p>\n<p>La Grecia, vincolata dagli obblighi Nato che le impongono di non esacerbare le tensioni con la Turchia generate nel 1974 dal caso della piattaforma continentale dell\u2019Egeo, si \u00e8 imposta sin qui di non istituire la Zee. La recente iniziativa turco-libica ha per\u00f2 infranto lo status quo.<\/p>\n<p><strong>Mediterraneo ottomano<br \/>\n<\/strong>L&#8217;intesa sulla Zee nella politica neo-ottomana vede la capitale del vecchio Impero e l\u2019antica Reggenza legate da rapporti militari ed economici. Ma\u00a0Ankara si muove secondo proprie logiche provocatorie non convenzionali<em>. <\/em>La Turchia si presenta ora come lo Stato che fronteggia le coste della Cirenaica senza tener conto dei diritti a proprie Zee, oltre le acque territoriali, delle isole di Rodi e Scarpanto.<\/p>\n<p>La potenziale Zee di Creta \u00e8 stata privata di un\u2019ampia porzione poich\u00e9 quella turco-libica si estende dal promontorio ad ovest di Antaya al tratto di costa libica tra il confine con l\u2019Egitto e Derna e al suo interno si trova l\u2019isola greca di Castellorizo. Molte sono le criticit\u00e0 di un simile provvedimento che ignora volutamente tutte le complesse questioni del diritto delle isole ad avere una propria Zee. La sua invalidit\u00e0 potrebbe anche essere collegata all&#8217;ineffettivit\u00e0 del Governo fiduciario di Tripoli.<\/p>\n<p>La Grecia, attaccata per la prima volta dopo il 1974 nei suoi interessi marittimi, si \u00a0\u00e8 affrettata a dichiararne la nullit\u00e0. Una reazione internazionale potrebbe quindi scatenarsi qualora si stabilissero restrizioni alla libert\u00e0 di navigazione nella nuova Zee che rischino di strozzare le comunicazioni dell\u2019intero Mediterraneo. Non \u00e8 infine da escludersi un intervento politico della Nato nei confronti della Turchia.<\/p>\n<p><strong>Prudenza italiana<br \/>\n<\/strong>L\u2019orientamento del nostro Ministero degli Esteri nella disputa turco-cipriota \u00e8 diretto a favorire i diritti sovrani di Cipro e ad assumere un \u201catteggiamento fermo ma reversibile auspicando che la Turchia voglia tornare al pi\u00f9 presto a un atteggiamento pi\u00f9 costruttivo\u201d.<\/p>\n<p>Quello che \u00e8 un atteggiamento di convenienza diplomatica dovr\u00e0 assumere ora una nuova veste: se non calibra attentamente le proprie mosse e non vigila su navi di bandiera e i propri pescatori, i quali domani potrebbero trovarsi ad operare in tratti della Zee turca che sino ad oggi sono alto mare,\u00a0 il nostro Paese rischia di essere trascinato nel gorgo di una disputa che ci \u00e8 in parte estranea.<\/p>\n<p>L&#8217;interesse principale dell&#8217;Italia \u00e8 quello di avere stabilit\u00e0 nel Mediterraneo oltre alla certezza dei confini marittimi. Non secondaria \u00e8 la difesa della relazione privilegiata che ci lega a Tripoli, da continuare ad alimentare senza per\u00f2 irritare n\u00e9 la Cirenaica, che potrebbe proseguire nel rivendicare la propria giurisdizione sulla Zee, n\u00e9 l\u2019Egitto, che non ne ha concordato il confine laterale.<\/p>\n<p>&nbsp;<\/p>\n<p><a href=\"#_ftnref1\" name=\"_ftn1\">[1]<\/a> La Zee \u00e8 la zona marina di massima estensione di 200 miglia in cui lo Stato costiero esercita diritti sovrani sulla massa d\u2019acqua per la gestione delle risorse naturali (principalmente di pesca) e per la protezione dell\u2019ambiente marino. Il relativo regime, stabilito dall\u2019<a href=\"https:\/\/it.wikipedia.org\/wiki\/Convenzione_delle_Nazioni_Unite_sul_diritto_del_mare\" target=\"_blank\" rel=\"noopener\">Unclos<\/a>, ha assunto anche un valore consuetudinario. Il limite esterno della Zee, se non diversamente stabilito, coincide con quello della sottostante piattaforma continentale in cui lo stesso Stato ha il diritto di sfruttare le risorse minerarie quali idrocarburi, noduli polimetallici e terre rare.<\/p>\n","protected":false},"excerpt":{"rendered":"<p>Ankara si allea con Tripoli per uscire dall&#8217;isolamento della disputa marittima che la oppone a Cipro e Grecia. Lo scorso 27 novembre il premier al-Sarraj e il presidente\u00a0Erdogan\u00a0hanno concordato la\u00a0 delimitazione\u00a0delle rispettive Zone economiche esclusive (Zee)[1]. La decisione era nell&#8217;aria da qualche mese dopo che\u00a0Ue, Gran Bretagna, Israele e Stati Uniti erano scesi in campo [&hellip;]<\/p>\n","protected":false},"author":39,"featured_media":76697,"comment_status":"closed","ping_status":"closed","sticky":false,"template":"","format":"standard","meta":{"footnotes":""},"categories":[9],"tags":[96,128,125,130,1970],"_links":{"self":[{"href":"https:\/\/www.archivio-affarinternazionali.it\/archivio\/wp-json\/wp\/v2\/posts\/76686"}],"collection":[{"href":"https:\/\/www.archivio-affarinternazionali.it\/archivio\/wp-json\/wp\/v2\/posts"}],"about":[{"href":"https:\/\/www.archivio-affarinternazionali.it\/archivio\/wp-json\/wp\/v2\/types\/post"}],"author":[{"embeddable":true,"href":"https:\/\/www.archivio-affarinternazionali.it\/archivio\/wp-json\/wp\/v2\/users\/39"}],"replies":[{"embeddable":true,"href":"https:\/\/www.archivio-affarinternazionali.it\/archivio\/wp-json\/wp\/v2\/comments?post=76686"}],"version-history":[{"count":9,"href":"https:\/\/www.archivio-affarinternazionali.it\/archivio\/wp-json\/wp\/v2\/posts\/76686\/revisions"}],"predecessor-version":[{"id":76743,"href":"https:\/\/www.archivio-affarinternazionali.it\/archivio\/wp-json\/wp\/v2\/posts\/76686\/revisions\/76743"}],"wp:featuredmedia":[{"embeddable":true,"href":"https:\/\/www.archivio-affarinternazionali.it\/archivio\/wp-json\/wp\/v2\/media\/76697"}],"wp:attachment":[{"href":"https:\/\/www.archivio-affarinternazionali.it\/archivio\/wp-json\/wp\/v2\/media?parent=76686"}],"wp:term":[{"taxonomy":"category","embeddable":true,"href":"https:\/\/www.archivio-affarinternazionali.it\/archivio\/wp-json\/wp\/v2\/categories?post=76686"},{"taxonomy":"post_tag","embeddable":true,"href":"https:\/\/www.archivio-affarinternazionali.it\/archivio\/wp-json\/wp\/v2\/tags?post=76686"}],"curies":[{"name":"wp","href":"https:\/\/api.w.org\/{rel}","templated":true}]}}