{"id":77429,"date":"2020-01-18T11:35:55","date_gmt":"2020-01-18T10:35:55","guid":{"rendered":"https:\/\/www.archivio-affarinternazionali.it\/archivio\/?p=77429"},"modified":"2020-01-18T12:26:57","modified_gmt":"2020-01-18T11:26:57","slug":"liran-non-cambia-la-rotta","status":"publish","type":"post","link":"https:\/\/www.archivio-affarinternazionali.it\/archivio\/2020\/01\/liran-non-cambia-la-rotta\/","title":{"rendered":"L&#8217;Iran non cambia la rotta"},"content":{"rendered":"<p>In un altro Paese la drammatica serie di avvenimenti che ha segnato l\u2019inizio dell\u2019anno in <strong>Iran<\/strong> potrebbe far temere una crisi fatale. Ma la Repubblica islamica ha pi\u00f9 volte dimostrato \u2013 a partire dalla guerra di otto anni con l\u2019<a href=\"https:\/\/www.archivio-affarinternazionali.it\/archivio\/2020\/01\/iraq-e-libia-nel-caos\/\" target=\"_blank\" rel=\"noopener\"><strong>Iraq<\/strong><\/a> \u2013 di sapere gestire i momenti di emergenza come pochi altri.<\/p>\n<p>Cos\u00ec \u00e8 avvenuto dopo l\u2019uccisione in un blitz americano il 3 gennaio all&#8217;aeroporto di Baghdad del generale <a href=\"https:\/\/www.archivio-affarinternazionali.it\/archivio\/2020\/01\/il-generale-soleimani-e-il-peso-della-storia\/\" target=\"_blank\" rel=\"noopener\"><strong>Qassem Soleimani<\/strong><\/a>. L\u2019ondata emotiva che ha investito il Paese per la morte del comandante della Forza Qods dei Pasdaran, visto da molti come simbolo dell\u2019affermazione della potenza iraniana nella regione, ha sollecitato lo spirito nazionalista degli iraniani, contribuendo a portare milioni di persone nelle piazze di Ahvaz, Mashhad, Teheran e Kerman per le cerimonie funebri.<\/p>\n<p><strong>L&#8217;abbattimento del Boeing ucraino<br \/>\n<\/strong>Una partecipazione che ha consentito a Teheran di mostrare al mondo un\u2019immagine compatta del Paese dopo le manifestazioni del novembre scorso contro l\u2019aumento dei prezzi della benzina. Un patrimonio che appare oggi almeno in parte intaccato dallo shock provocato dall&#8217;abbattimento per errore da parte della contraerea iraniana del <a href=\"http:\/\/www.ansa.it\/sito\/notizie\/mondo\/2020\/01\/14\/iran-primi-arresti-per-il-boeing-abbattuto_da7b8563-86d5-4316-b426-5ac2fa3806ae.html\" target=\"_blank\" rel=\"noopener\"><strong>Boeing ucraino<\/strong><\/a> con 147 iraniani a bordo, compresi quelli anche in possesso di una cittadinanza straniera.<\/p>\n<p>La prima domanda che tutti si sono posti \u00e8 perch\u00e9 le autorit\u00e0 non avessero provveduto a chiudere lo spazio aereo nazionale durante e nelle ore successive all&#8217;attacco missilistico compiuto contro la base di Ayn al Asad in Iraq, che ospita militari americani, come rappresaglia all&#8217;uccisione del generale dei Pasdaran. Ma a questo sono seguiti altri sbagli che hanno peggiorato la situazione.<\/p>\n<p>Per tre giorni l\u2019Iran ha negato ogni <strong>responsabilit\u00e0<\/strong> nel disastro, respingendo come un complotto americano le accuse provenienti dagli Usa e da altri governi occidentali. Poi ha ammesso che l\u2019aereo era stato colpito da un missile lanciato da una base delle Guardie della Rivoluzione. Ma affermando di avere rivelato la verit\u00e0 non appena venutone a conoscenza. Infine, il comandante delle forze aerospaziali dei Pasdaran, Amir Ali Hajizadeh, ha ammesso che i fatti erano noti dal primo momento, ma erano stati tenuti segreti per salvaguardare la &#8216;sicurezza nazionale&#8217;.<\/p>\n<p><strong>Proteste e reazioni delle parti del Jcpoa<\/strong><br \/>\nA quel punto, la rabbia covata per giorni da molti iraniani \u00e8 esplosa. Nelle\u00a0<a href=\"https:\/\/www.archivio-affarinternazionali.it\/archivio\/2019\/11\/iran-proteste-politica-malcontento\/\" target=\"_blank\" rel=\"noopener\"><strong>proteste<\/strong><\/a> in diverse universit\u00e0, che per\u00f2 tutto sommato sono state ridotte nelle dimensioni. Ma soprattutto con la marea di proteste sui social media, con prese di posizione senza precedenti contro le autorit\u00e0 della Repubblica islamica da parte di personaggi famosi. Molti registi e attori hanno annunciato un boicottaggio del Festival del cinema Fajr di Teheran, che ogni anno si svolge in febbraio nell&#8217;anniversario della rivoluzione.\u00a0Tre donne dipendenti della televisione di Stato hanno fatto sapere che non andranno pi\u00f9 in video, con una di loro, <a href=\"https:\/\/www.thetimes.co.uk\/article\/iranian-stars-break-ranks-to-denounce-the-regime-770c9fktz\" target=\"_blank\" rel=\"noopener\"><strong>Gelareh Jabbari<\/strong><\/a>, che ha chiesto scusa per avere \u201cmentito per 13 anni\u201d a beneficio della propaganda.<\/p>\n<p>Alle proteste si \u00e8 sovrapposta una nuova crisi, quando Francia, Germania e Gran Bretagna, i firmatari europei dell\u2019<a href=\"https:\/\/www.archivio-affarinternazionali.it\/archivio\/2020\/01\/usa-iran-si-avvicina-lo-scontro-frontale\/\" target=\"_blank\" rel=\"noopener\"><strong>accordo sul nucleare<\/strong><\/a> del 2015, hanno attivato il meccanismo previsto per la violazione dell\u2019intesa da parte dell\u2019Iran, che a partire dal maggio del 2019 ha limitato gradualmente i propri impegni nell&#8217;ambito dell\u2019accordo, togliendo ogni limite alle capacit\u00e0 di arricchimento dell\u2019uranio.<\/p>\n<p>Teheran, che per un anno aveva osservato alla lettera i suoi obblighi nonostante l\u2019uscita dall&#8217;accordo degli Usa nel maggio 2018, si dice pronta a tornare sui suoi passi se gli europei manterranno la promessa di aiutarla a far fronte alle conseguenze delle pesantissime sanzioni americane. Il passo di Parigi, Londra e Berlino \u2013 che secondo il Washington Post sarebbe stato fatto sotto la minaccia del presidente statunitense Donald Trump di imporre pesanti <strong>dazi<\/strong> sulle esportazioni delle auto europee negli Usa \u2013 apre un periodo di circa due mesi entro i quali le parti potranno parlarsi per cercare di evitare la reimposizione di sanzioni anche da parte dell&#8217;<strong>Onu<\/strong>.<\/p>\n<p><strong><img loading=\"lazy\" decoding=\"async\" class=\"size-medium wp-image-77434 alignleft\" src=\"https:\/\/www.archivio-affarinternazionali.it\/archivio\/wp-content\/uploads\/2020\/01\/Copertina-213x300.png\" alt=\"iran - usa - khomeini - soleimani - boeing\" width=\"213\" height=\"300\" srcset=\"https:\/\/www.archivio-affarinternazionali.it\/archivio\/wp-content\/uploads\/2020\/01\/Copertina-213x300.png 213w, https:\/\/www.archivio-affarinternazionali.it\/archivio\/wp-content\/uploads\/2020\/01\/Copertina-768x1082.png 768w, https:\/\/www.archivio-affarinternazionali.it\/archivio\/wp-content\/uploads\/2020\/01\/Copertina-727x1024.png 727w, https:\/\/www.archivio-affarinternazionali.it\/archivio\/wp-content\/uploads\/2020\/01\/Copertina-125x176.png 125w, https:\/\/www.archivio-affarinternazionali.it\/archivio\/wp-content\/uploads\/2020\/01\/Copertina.png 1362w\" sizes=\"(max-width: 213px) 100vw, 213px\" \/>Le risposte di Khamenei e Rouhani<br \/>\n<\/strong>Ma la Guida Suprema dell&#8217;Iran,\u00a0<strong>Ali<\/strong>\u00a0<strong>Khamenei<\/strong>, parlando per la prima volta come\u00a0 guida della preghiera del venerd\u00ec dopo otto anni, si \u00e8 scagliato contro gli europei, accusandoli di essere &#8220;come gli americani\u201d. Come spesso avviene, il presidente <a href=\"https:\/\/video.corriere.it\/esteri\/iran-rouhani-puniremo-tutti-responsabili\/e2909ac0-36b4-11ea-8c20-22605fcc4a4b\" target=\"_blank\" rel=\"noopener\"><strong>Hassan Rouhani<\/strong> <\/a>ha usato parole ben diverse, assicurando che un dialogo con l\u2019Occidente \u00e8 ancora \u201cpossibile\u201d.<\/p>\n<p>Le stesse differenze di linguaggio si registrano verso il fronte interno, con Rouhani che ha dato voce alla rabbia per l\u2019abbattimento del Boeing, definendolo un \u201cerrore imperdonabile\u201d e chiedendo alle forze armate di \u201cscusarsi con il popolo\u201d. Khamenei ha invece riservato poche parole all&#8217;episodio nel suo sermone, parlando di \u201camaro incidente\u201d.<\/p>\n<p>La Guida ha invece dedicato quasi tutto il discorso a Soleimani, facendo capire che la linea della Repubblica islamica non cambier\u00e0. I Pasdaran continueranno ad operare oltre confine, per \u201ccombattere ovunque sia necessario\u201d, e Teheran non ceder\u00e0 nel braccio di ferro sul nucleare: \u201cL\u2019America \u2013 ha detto la Guida \u2013 non sar\u00e0 mai capace di metterci in ginocchio. Gli iraniani devono diventare pi\u00f9 forti. Questa \u00e8 l\u2019unica strada\u201d.<\/p>\n","protected":false},"excerpt":{"rendered":"<p>In un altro Paese la drammatica serie di avvenimenti che ha segnato l\u2019inizio dell\u2019anno in Iran potrebbe far temere una crisi fatale. Ma la Repubblica islamica ha pi\u00f9 volte dimostrato \u2013 a partire dalla guerra di otto anni con l\u2019Iraq \u2013 di sapere gestire i momenti di emergenza come pochi altri. Cos\u00ec \u00e8 avvenuto dopo [&hellip;]<\/p>\n","protected":false},"author":39,"featured_media":77433,"comment_status":"closed","ping_status":"closed","sticky":false,"template":"","format":"standard","meta":{"footnotes":""},"categories":[9],"tags":[937,87,113,93,94,1496,516,109],"_links":{"self":[{"href":"https:\/\/www.archivio-affarinternazionali.it\/archivio\/wp-json\/wp\/v2\/posts\/77429"}],"collection":[{"href":"https:\/\/www.archivio-affarinternazionali.it\/archivio\/wp-json\/wp\/v2\/posts"}],"about":[{"href":"https:\/\/www.archivio-affarinternazionali.it\/archivio\/wp-json\/wp\/v2\/types\/post"}],"author":[{"embeddable":true,"href":"https:\/\/www.archivio-affarinternazionali.it\/archivio\/wp-json\/wp\/v2\/users\/39"}],"replies":[{"embeddable":true,"href":"https:\/\/www.archivio-affarinternazionali.it\/archivio\/wp-json\/wp\/v2\/comments?post=77429"}],"version-history":[{"count":5,"href":"https:\/\/www.archivio-affarinternazionali.it\/archivio\/wp-json\/wp\/v2\/posts\/77429\/revisions"}],"predecessor-version":[{"id":77438,"href":"https:\/\/www.archivio-affarinternazionali.it\/archivio\/wp-json\/wp\/v2\/posts\/77429\/revisions\/77438"}],"wp:featuredmedia":[{"embeddable":true,"href":"https:\/\/www.archivio-affarinternazionali.it\/archivio\/wp-json\/wp\/v2\/media\/77433"}],"wp:attachment":[{"href":"https:\/\/www.archivio-affarinternazionali.it\/archivio\/wp-json\/wp\/v2\/media?parent=77429"}],"wp:term":[{"taxonomy":"category","embeddable":true,"href":"https:\/\/www.archivio-affarinternazionali.it\/archivio\/wp-json\/wp\/v2\/categories?post=77429"},{"taxonomy":"post_tag","embeddable":true,"href":"https:\/\/www.archivio-affarinternazionali.it\/archivio\/wp-json\/wp\/v2\/tags?post=77429"}],"curies":[{"name":"wp","href":"https:\/\/api.w.org\/{rel}","templated":true}]}}