{"id":77574,"date":"2020-02-12T10:00:34","date_gmt":"2020-02-12T09:00:34","guid":{"rendered":"https:\/\/www.archivio-affarinternazionali.it\/archivio\/?p=77574"},"modified":"2020-02-14T11:41:29","modified_gmt":"2020-02-14T10:41:29","slug":"proiezione-mediterraneo-strategica","status":"publish","type":"post","link":"https:\/\/www.archivio-affarinternazionali.it\/archivio\/2020\/02\/proiezione-mediterraneo-strategica\/","title":{"rendered":"Mediterraneo: visione strategica e capacit\u00e0 operativa"},"content":{"rendered":"<p>Oggi la presenza italiana nelle <strong>missioni internazionali<\/strong> \u00e8 tra le pi\u00f9 rilevanti tra gli alleati. Lo \u00e8 in <strong>Libano<\/strong>, con 1.216 soldati; in <a href=\"https:\/\/www.archivio-affarinternazionali.it\/archivio\/2020\/01\/una-strategia-per-le-missioni-internazionali-dellitalia\/\" target=\"_blank\" rel=\"noopener\"><strong>Afghanistan<\/strong><\/a>, terzo contingente della missione <em>Resolute Support<\/em> della <a href=\"https:\/\/rs.nato.int\/\" target=\"_blank\" rel=\"noopener\"><strong>Nato<\/strong><\/a>, con 894 uomini; in <a href=\"https:\/\/www.archivio-affarinternazionali.it\/archivio\/2020\/01\/iraq-e-libia-nel-caos\/\" target=\"_blank\" rel=\"noopener\"><strong>Iraq<\/strong><\/a>, nei <strong>Balcani<\/strong>, in <a href=\"https:\/\/www.archivio-affarinternazionali.it\/archivio\/2020\/01\/cancelliera-porta-a-casa-accordo-libia\/\" target=\"_blank\" rel=\"noopener\"><strong>Libia<\/strong><\/a>. E la capacit\u00e0 delle Forze Armate, dunque il potenziale esprimibile, deriva proprio dalla partecipazione a tali missioni.<\/p>\n<p>Equipaggiamenti, armi e procedure operative e logistiche, che oggi caratterizzano i nostri militari, sono frutto dell\u2019esperienza acquisita nei venticinque anni che ci separano dall&#8217;intervento in <a href=\"https:\/\/www.archivio-affarinternazionali.it\/archivio\/2019\/11\/bosnia-erzegovina-le-incompiute-24-anni-dopo-dayton\/\" target=\"_blank\" rel=\"noopener\"><strong>Bosnia<\/strong><\/a>. Ma nonostante ci\u00f2, il comparto Difesa \u00e8 afflitto da tre criticit\u00e0 croniche: insufficiente disponibilit\u00e0 finanziaria, impiego in deroga alle peculiarit\u00e0 dello strumento militare, gestione delle risorse umane.<\/p>\n<p><strong>Tre criticit\u00e0 affliggono le Forze Armate<\/strong><br \/>\nSulla prima \u00e8 sufficiente dire che il <a href=\"https:\/\/www.archivio-affarinternazionali.it\/archivio\/2019\/12\/difesa-italia-pianificazione-pluriennale\/\" target=\"_blank\" rel=\"noopener\"><strong>bilancio della Difesa<\/strong><\/a> per il 2020 \u00e8 di 21,9 miliardi, l\u20191,21% del Pil: meno del 2% chiesto dalla Nato. Circa 14 miliardi vanno alla funzione Difesa, di questi il 74% \u00e8 destinato al Personale: gli stipendi. Alle voci Esercizio e Investimento, per l\u2019ammodernamento delle Forze Armate, corrisponde rispettivamente solo il 12,5% e il 13,4%.<\/p>\n<p>Sulla seconda criticit\u00e0 \u00e8 necessaria una riflessione. Le Forze Armate, l\u2019esercito in particolare, sono eccessivamente impegnate in attivit\u00e0 di <strong>pubblica sicurezza<\/strong>. Delle 12.641 unit\u00e0 che svolgono attivit\u00e0 operativa, solo 5.560 sono impiegate all&#8217;estero. 7.081 soldati partecipano invece all&#8217;operazione &#8216;<a href=\"http:\/\/www.esercito.difesa.it\/operazioni\/operazioni_nazionali\/Pagine\/Operazione-Strade-Sicure.aspx\" target=\"_blank\" rel=\"noopener\"><strong>Strade Sicure<\/strong><\/a>&#8216;, in essere da 12 anni, con un sotto-impiego delle forze, sovra-equipaggiamento rispetto alle esigenze e oneri per il contribuente superiori ai costi di un reclutamento di agenti di polizia.<\/p>\n<p>La terza criticit\u00e0 \u00e8 l\u2019<strong>invecchiamento<\/strong>, con progressiva riduzione della capacit\u00e0 di impiego. In altri termini, le Forze Armate sono composte da una crescente componente di personale in servizio permanente che invecchia e non \u00e8 pi\u00f9, e lo sar\u00e0 sempre meno, idonea ad essere impiegata nelle missioni internazionali. Un risultato che \u00e8 frutto della deleteria concezione di Forze Armate quali strumento &#8216;occupazionale&#8217; e non di &#8216;proiezione&#8217; ai fini dell\u2019ambizione nazionale.<\/p>\n<p><strong>Tre proposte: ambizione nazionale, rimodulazione, privato<\/strong><br \/>\nGeografia, storia e opportunit\u00e0 politica danno all&#8217;area mediterranea, dai Balcani al Maghreb, un valore strategico prioritario: priorit\u00e0, peraltro, gi\u00e0 indicata nel <a href=\"http:\/\/www.difesa.it\/Primo_Piano\/Documents\/2015\/04_Aprile\/LB_2015.pdf\" target=\"_blank\" rel=\"noopener\"><strong>Libro Bianco<\/strong><\/a> della Difesa. In tale ottica si impongono scelte inevitabili che si concretizzano nei concetti di visione strategica e capacit\u00e0 operativa.<\/p>\n<p>A livello politico-strategico: deve essere adottata e condivisa un\u2019<a href=\"https:\/\/www.archivio-affarinternazionali.it\/archivio\/2020\/01\/italia-sempre-piu-sola-ricetta-tornare-contare\/\" target=\"_blank\" rel=\"noopener\"><strong>ambizione nazionale<\/strong><\/a> di media potenza e il coraggio di perseguirla attraverso una politica estera che faccia proprio lo strumento militare, per il quale si impone una riorganizzazione orientata all&#8217;impiego estero.<\/p>\n<p>La priorit\u00e0 rappresentata dal <strong>Mediterraneo<\/strong> \u2013 e secondariamente il <strong>Golfo Persico<\/strong>, l\u2019<strong>area sub-sahariana<\/strong> e il <strong>Corno d\u2019Africa<\/strong> \u2013 dovr\u00e0 consentire una capacit\u00e0 di proiezione di unit\u00e0 di medie dimensioni (a livello di <em>task force<\/em>) a distanze medio-brevi a tutela della sicurezza energetica, economico e commerciale. A ci\u00f2 deve seguire un nuovo concetto strategico-militare dello Stato Maggiore della Difesa, coerente con l&#8217;evoluzione nell&#8217;ambito Nato e Ue, che renda assoluto il principio di impiego<em> joint<\/em>, congiunto e interforze, dove la Marina militare \u2013 di cui Esercito ed Aeronautica saranno i pilastri essenziali \u2013 deve avere un ruolo prioritario. \u00c8 qui che deve concentrarsi il massimo sforzo in termini di <a href=\"https:\/\/www.archivio-affarinternazionali.it\/archivio\/2019\/12\/difesa-n3-mente-arma-suprema\/\" target=\"_blank\" rel=\"noopener\"><strong>sviluppo<\/strong><\/a> (e investimento) tecnologico, con conseguenti vantaggi per l\u2019industria civile. E in questo partiamo avvantaggiati, essendo il settore navale all&#8217;avanguardia a livello europeo.<\/p>\n<p>A livello operativo, l\u2019evoluzione degli scenari di conflitto impone di proseguire nella rimodulazione d\u2019impiego in senso Sfa (<a href=\"http:\/\/www.difesa.it\/SMD_\/CASD\/IM\/CeMiSS\/DocumentiVis\/Rcerche_da_pubblicare\/pubblicate_nel_2018\/Ricerca_AM_SME_01.pdf\" target=\"_blank\" rel=\"noopener\"><em><strong>Security Force Assistance<\/strong><\/em><\/a>), funzionale alla condotta di missioni a supporto della Riforma del Settore di Sicurezza in fase di Stabilizzazione e Ricostruzione.<\/p>\n<p>A livello organizzativo \u00e8 imprescindibile disporre di uno strumento efficiente e giovane. Per farlo, a fronte di maggiori investimenti nel settore, si dovr\u00e0 partire dalla riorganizzazione della base. In primo luogo, \u00e8 necessario optare per un<strong> reclutamento<\/strong> di personale da impiegare per un periodo medio (8\/15 anni), al termine del quale una minima parte transiter\u00e0 in servizio permanente cos\u00ec da evitare quell&#8217;invecchiamento delle Forze Armate che oggi ne limita il potenziale.<\/p>\n<p>In secondo luogo, prendendo a modello le esperienze statunitensi e britannica, \u00e8 ormai imprescindibile delegare al<strong> settore privato<\/strong> molte di quelle incombenze a supporto dell\u2019attivit\u00e0 operativa anche fuori dai confini nazionali \u2013 oggi svolte da personale militare ma economicamente non pi\u00f9 sostenibili \u2013 previa creazione di una cornice legislativa che definisca, allargandolo, il perimetro entro il quale far operare soggetti privati nazionali. Un\u2019opzione che si render\u00e0 tanto pi\u00f9 opportuna quanto conveniente attraverso l\u2019impiego prioritario del personale congedato dalle Forze Armate, in possesso di elevato <em>expertise<\/em> professionale, al quale si garantir\u00e0 uno sbocco professionale coerente.<\/p>\n","protected":false},"excerpt":{"rendered":"<p>Oggi la presenza italiana nelle missioni internazionali \u00e8 tra le pi\u00f9 rilevanti tra gli alleati. Lo \u00e8 in Libano, con 1.216 soldati; in Afghanistan, terzo contingente della missione Resolute Support della Nato, con 894 uomini; in Iraq, nei Balcani, in Libia. E la capacit\u00e0 delle Forze Armate, dunque il potenziale esprimibile, deriva proprio dalla partecipazione [&hellip;]<\/p>\n","protected":false},"author":39,"featured_media":78117,"comment_status":"closed","ping_status":"closed","sticky":false,"template":"","format":"standard","meta":{"footnotes":""},"categories":[9],"tags":[69,82,1385,96,128,510,125,639,100],"_links":{"self":[{"href":"https:\/\/www.archivio-affarinternazionali.it\/archivio\/wp-json\/wp\/v2\/posts\/77574"}],"collection":[{"href":"https:\/\/www.archivio-affarinternazionali.it\/archivio\/wp-json\/wp\/v2\/posts"}],"about":[{"href":"https:\/\/www.archivio-affarinternazionali.it\/archivio\/wp-json\/wp\/v2\/types\/post"}],"author":[{"embeddable":true,"href":"https:\/\/www.archivio-affarinternazionali.it\/archivio\/wp-json\/wp\/v2\/users\/39"}],"replies":[{"embeddable":true,"href":"https:\/\/www.archivio-affarinternazionali.it\/archivio\/wp-json\/wp\/v2\/comments?post=77574"}],"version-history":[{"count":2,"href":"https:\/\/www.archivio-affarinternazionali.it\/archivio\/wp-json\/wp\/v2\/posts\/77574\/revisions"}],"predecessor-version":[{"id":78115,"href":"https:\/\/www.archivio-affarinternazionali.it\/archivio\/wp-json\/wp\/v2\/posts\/77574\/revisions\/78115"}],"wp:featuredmedia":[{"embeddable":true,"href":"https:\/\/www.archivio-affarinternazionali.it\/archivio\/wp-json\/wp\/v2\/media\/78117"}],"wp:attachment":[{"href":"https:\/\/www.archivio-affarinternazionali.it\/archivio\/wp-json\/wp\/v2\/media?parent=77574"}],"wp:term":[{"taxonomy":"category","embeddable":true,"href":"https:\/\/www.archivio-affarinternazionali.it\/archivio\/wp-json\/wp\/v2\/categories?post=77574"},{"taxonomy":"post_tag","embeddable":true,"href":"https:\/\/www.archivio-affarinternazionali.it\/archivio\/wp-json\/wp\/v2\/tags?post=77574"}],"curies":[{"name":"wp","href":"https:\/\/api.w.org\/{rel}","templated":true}]}}