{"id":77834,"date":"2020-01-30T15:52:36","date_gmt":"2020-01-30T14:52:36","guid":{"rendered":"https:\/\/www.archivio-affarinternazionali.it\/archivio\/?p=77834"},"modified":"2020-02-02T15:35:28","modified_gmt":"2020-02-02T14:35:28","slug":"a-qualche-ora-dalluscita-delluk-dallue","status":"publish","type":"post","link":"https:\/\/www.archivio-affarinternazionali.it\/archivio\/2020\/01\/a-qualche-ora-dalluscita-delluk-dallue\/","title":{"rendered":"A qualche ora dall&#8217;uscita dell&#8217;Uk dall&#8217;Ue"},"content":{"rendered":"<p>Sono qui a Londra mentre mancano poche ore dall&#8217;<a href=\"https:\/\/tg24.sky.it\/mondo\/2019\/10\/18\/accordo-brexit-cosa-cambia.html\" target=\"_blank\" rel=\"noopener\"><strong>uscita<\/strong><\/a> ufficiale del <strong>Regno Unito<\/strong> dall&#8217;<a href=\"https:\/\/www.archivio-affarinternazionali.it\/archivio\/2020\/01\/e-il-momento-della-brexit-parla-lambasciatore-jill-morris\/\" target=\"_blank\" rel=\"noopener\"><strong>Unione europea<\/strong><\/a>. Dal 1974 ad oggi il Regno Unito ha giocato un ruolo importante, ma anche controverso, all&#8217;interno della Ue. Ora non accadr\u00e0 pi\u00f9 e ci saranno una serie di conseguenze anche per gli europei che per\u00f2 al momento non siamo in grado di prevedere.<\/p>\n<p>Aspetteremo il discorso del primo ministro <a href=\"https:\/\/www.archivio-affarinternazionali.it\/archivio\/2020\/01\/johnson-prova-brexit-regno-disunito\/\" target=\"_blank\" rel=\"noopener\"><strong>Boris Johnson<\/strong><\/a> alle ore 23:00 di questa sera, manifestando davanti a Westminster con cartelli che sostanzialmente valgono a definire la nostra posizione: anche al di fuori dall&#8217;Unione europea, l\u2019<strong>Italia<\/strong> e il Regno Unito saranno sempre Paesi amici e questo lo auspichiamo, soprattutto per la grande comunit\u00e0 italiana qui residente.<\/p>\n<p>Da domani comincer\u00e0 la trattativa per il cosiddetto <a href=\"https:\/\/www.archivio-affarinternazionali.it\/archivio\/2020\/01\/brexit-regno-unito-tra-ue-e-usa\/\" target=\"_blank\" rel=\"noopener\"><strong><em>trade agreement<\/em><\/strong><\/a>, gli accordi commerciali, che non riguarda solo le <strong>merci<\/strong> ma anche i <strong>servizi<\/strong>. Si presenta estremamente complicato il giungere all&#8217;accordo, questo per la ristrettezza dei tempi. La scadenza prevista \u00e8 infatti quella del 31 dicembre, la fine dell\u2019anno, credo sia molto difficile pervenire a questo risultato e soprattutto ottenere tutto quello che i britannici sperano, cio\u00e8 un accordo commerciale basato su \u2018zero tariffe e zero accise\u2019 e una libert\u00e0 di esportare servizi che costituiscono la maggior parte del Pil del Regno Unito.<\/p>\n<p>Finora hanno goduto perch\u00e9 equivalenti a quelli europei, ma adesso non avranno pi\u00f9 questa via preferenziale e dovranno adattarsi alle regole di casa degli europei, in particolare per quanto riguarda i servizi finanziari e legali. \u00c8 una grande incognita a fronte della quale loro invece scommettono sull&#8217;altro piatto, cio\u00e8 sull&#8217;accordo di libero scambio con il <strong>Nord America<\/strong>, pensando di poter pi\u00f9 che compensare quello che perderanno in Europa con quello che guadagneranno su quel mercato. \u00c8 una <strong>scommessa<\/strong> della quale conosceremo l\u2019esito in non prima di tre anni.<\/p>\n<p><em>Contributo raccolto dalla redazione.<\/em><\/p>\n","protected":false},"excerpt":{"rendered":"<p>Sono qui a Londra mentre mancano poche ore dall&#8217;uscita ufficiale del Regno Unito dall&#8217;Unione europea. Dal 1974 ad oggi il Regno Unito ha giocato un ruolo importante, ma anche controverso, all&#8217;interno della Ue. Ora non accadr\u00e0 pi\u00f9 e ci saranno una serie di conseguenze anche per gli europei che per\u00f2 al momento non siamo in [&hellip;]<\/p>\n","protected":false},"author":39,"featured_media":77840,"comment_status":"closed","ping_status":"closed","sticky":false,"template":"","format":"standard","meta":{"footnotes":""},"categories":[9],"tags":[1095,1773,462,78,96,495,1496,432],"_links":{"self":[{"href":"https:\/\/www.archivio-affarinternazionali.it\/archivio\/wp-json\/wp\/v2\/posts\/77834"}],"collection":[{"href":"https:\/\/www.archivio-affarinternazionali.it\/archivio\/wp-json\/wp\/v2\/posts"}],"about":[{"href":"https:\/\/www.archivio-affarinternazionali.it\/archivio\/wp-json\/wp\/v2\/types\/post"}],"author":[{"embeddable":true,"href":"https:\/\/www.archivio-affarinternazionali.it\/archivio\/wp-json\/wp\/v2\/users\/39"}],"replies":[{"embeddable":true,"href":"https:\/\/www.archivio-affarinternazionali.it\/archivio\/wp-json\/wp\/v2\/comments?post=77834"}],"version-history":[{"count":4,"href":"https:\/\/www.archivio-affarinternazionali.it\/archivio\/wp-json\/wp\/v2\/posts\/77834\/revisions"}],"predecessor-version":[{"id":77839,"href":"https:\/\/www.archivio-affarinternazionali.it\/archivio\/wp-json\/wp\/v2\/posts\/77834\/revisions\/77839"}],"wp:featuredmedia":[{"embeddable":true,"href":"https:\/\/www.archivio-affarinternazionali.it\/archivio\/wp-json\/wp\/v2\/media\/77840"}],"wp:attachment":[{"href":"https:\/\/www.archivio-affarinternazionali.it\/archivio\/wp-json\/wp\/v2\/media?parent=77834"}],"wp:term":[{"taxonomy":"category","embeddable":true,"href":"https:\/\/www.archivio-affarinternazionali.it\/archivio\/wp-json\/wp\/v2\/categories?post=77834"},{"taxonomy":"post_tag","embeddable":true,"href":"https:\/\/www.archivio-affarinternazionali.it\/archivio\/wp-json\/wp\/v2\/tags?post=77834"}],"curies":[{"name":"wp","href":"https:\/\/api.w.org\/{rel}","templated":true}]}}