{"id":77965,"date":"2020-02-06T08:13:55","date_gmt":"2020-02-06T07:13:55","guid":{"rendered":"https:\/\/www.archivio-affarinternazionali.it\/archivio\/?p=77965"},"modified":"2020-04-08T11:56:08","modified_gmt":"2020-04-08T09:56:08","slug":"unione-europea-riconoscimento-facciale","status":"publish","type":"post","link":"https:\/\/www.archivio-affarinternazionali.it\/archivio\/2020\/02\/unione-europea-riconoscimento-facciale\/","title":{"rendered":"Stop al riconoscimento facciale nell&#8217;Unione europea?"},"content":{"rendered":"<p>La Commissione europea starebbe vagliando una potenziale iniziativa volta a proibire l\u2019implementazione di <strong>sistemi di riconoscimento facciale<\/strong>. Un divieto temporaneo, per un periodo compreso tra i 3 e i 5 anni, in attesa che siano sviluppati una metodologia adeguata per stabilire il potenziale impatto di tale tecnologia e possibili strumenti per mitigare i rischi connessi alla sua implementazione.<\/p>\n<p>All\u2019interno di un <a href=\"https:\/\/www.euractiv.com\/section\/digital\/news\/leak-commission-considers-facial-recognition-ban-in-ai-white-paper\/\" target=\"_blank\" rel=\"noopener\">documento riservato<\/a> ottenuto da Euractiv, media specializzato in politiche Ue, infatti, viene esplicitamente segnalato come un tale divieto avrebbe un ruolo non marginale nell\u2019impedire lo sviluppo di questa tecnologia in Europa, frenando inevitabilmente l&#8217;innovazione. La strada verso l\u2019adozione di questa misura, tuttavia, sembra non essere cos\u00ec scontata, come confermato anche da un <a href=\"https:\/\/www.reuters.com\/article\/us-eu-ai\/eu-drops-idea-of-facial-recognition-ban-in-public-areas-paper-idUSKBN1ZS37Q\" target=\"_blank\" rel=\"noopener\">parziale passo indietro<\/a> della Commissione pochi giorni dopo la rivelazione.<\/p>\n<p>Allo stadio attuale dello sviluppo tecnologico, infatti, la piena implementazione delle misure gi\u00e0 previste dalla\u00a0<em>General Data Protection Regulation<\/em> (Gdpr) potrebbe apparire pi\u00f9 adeguata. \u00c8<a href=\"#_ftnref1\" name=\"_ftn1\"><\/a>\u00a0quindi possibile che il <strong>Libro Bianco<\/strong> della Commissione sull&#8217;<strong>intelligenza artificiale<\/strong>, la cui pubblicazione \u00e8 prevista per fine mese, adotti piuttosto questo secondo punto di vista circa un eventuale bando a tali sistemi, e decida di indirizzare il proprio sforzo normativo in altri ambiti relativi all\u2019intelligenza artificiale. \u00c8 comunque nelle <a href=\"https:\/\/www.archivio-affarinternazionali.it\/archivio\/2020\/01\/sovranita-digitale-priorita\/\" target=\"_blank\" rel=\"noopener\">priorit\u00e0 della nuova Commissione<\/a> adottare una misura di legge vincolante e non volontaria in materia.<\/p>\n<p><strong>Gli scenari di regolamentazione dell&#8217;intelligenza artificiale<\/strong><br \/>\nA ogni modo, il documento appare significativo per comprendere\u00a0 il quadro di riferimento per il futuro apparato legislativo europeo in questo ambito, e delinea, in particolare, <strong>cinque possibili opzioni<\/strong> per una regolamentazione comunitaria in materia di intelligenza artificiale. Primo, stabilire un meccanismo di etichette volontarie per le applicazioni a minor rischio, con il quale sviluppatori e utenti possano certificare la conformit\u00e0 alle disposizioni per un&#8217;intelligenza artificiale etica ed affidabile. Secondo, fissare dei requisiti settoriali per la pubblica amministrazione e il riconoscimento facciale.<\/p>\n<p>La terza opzione \u00e8 l&#8217;ideazione di requisiti obbligatori per le applicazioni e i settori maggiormente rischiosi quali, tra gli altri, il settore sanitario e dei trasporti, le applicazioni di polizia predittiva, e le applicazioni di sistemi di intelligenza artificiale con effetti significativi, irreversibili, o possibilmente discriminatori per i soggetti coinvolti, come le applicazioni in processi selettivi. O ancora, emendare la legislazione europea in materia di sicurezza e responsabilit\u00e0 dei prodotti prendendo in analisi i nuovi rischi che possono emergere con l\u2019implementazione di sistemi di intelligenza artificiale. Infine, si potrebbe stabilire un meccanismo di governance il pi\u00f9 efficace possibile, fondato sulla supervisione delle autorit\u00e0 nazionali a cui venga affidata l\u2019applicazione della nuova regolamentazione in materia.<\/p>\n<p><strong>Il delicato bilanciamento tra <em>privacy<\/em> e mercato<\/strong><br \/>\nAlla luce di tale quadro, sembra dunque che la nuova cornice europea per regolare l\u2019intelligenza artificiale risulter\u00e0 composta da una <strong>combinazione di misure volontarie e obbligatorie<\/strong>. Non a caso, il dibattito sulla desiderabilit\u00e0 di una regolamentazione pi\u00f9 o meno stringente di questi sistemi \u00e8 particolarmente acceso. Da una parte, imporre troppo precocemente delle regole sullo sviluppo o l\u2019adozione di questi sistemi potrebbe risultare in un indebolimento dell\u2019industria europea a vantaggio dei Stati Uniti e Cina, che gi\u00e0 godono di una posizione privilegiata sul mercato.<\/p>\n<p>Purch\u00e9 vengano garantite sicurezza e rispetto della <em>privacy,<\/em> potrebbero quindi essere preferibili misure meno stringenti. D\u2019altra parte, negli ultimi anni l\u2019Unione europea sta cercando sempre pi\u00f9 di affermarsi internazionalmente come potenza normativa, e attraverso una legislazione pi\u00f9 forte in materia di intelligenza artificiale potrebbe cercare di replicare il successo internazionale raccolto con il Gdpr. L\u2019Europa dovr\u00e0 quindi navigare in questo non facile terreno, bilanciando le esigenze degli Stati membri e quelle del settore privato.<\/p>\n<p>L&#8217;idea di proibire il riconoscimento facciale risulta soggetta allo stesso problema. Un\u2019attenta valutazione di tale <em>policy<\/em> sembra quindi fondamentale, poich\u00e9 non necessariamente proibire questi sistemi migliorerebbe in modo significativo le problematiche legate alla sorveglianza. A tal proposito, un commento di Bruce Schneier sul <em><a href=\"https:\/\/www.nytimes.com\/2020\/01\/20\/opinion\/facial-recognition-ban-privacy.html\" target=\"_blank\" rel=\"noopener\">New York Times<\/a><\/em> sottolinea come focalizzarsi su proibizione o sospensione dell\u2019implementazione di questi sistemi &#8211; come sta avvenendo in molti centri negli Stati Uniti &#8211; potrebbe distogliere l\u2019attenzione dalla pi\u00f9 complessa dinamica della sorveglianza basata sull\u2019accumulazione spesso non consensuale di <a href=\"https:\/\/www.archivio-affarinternazionali.it\/archivio\/2018\/03\/big-data-cambridge-analytica-svolta\/\">dati personali<\/a> da parte di soggetti privati e governativi a fini di identificazione, correlazione e discriminazione. La pubblicazione del Libro Bianco a fine febbraio \u00e8 dunque il prossimo atteso atto dell\u2019Unione europea in cui si potr\u00e0 meglio chiarire verso quali direzioni in questo complesso quadro la nuova Commissione vorr\u00e0 orientarsi.<\/p>\n<p>___<\/p>\n<p><small> <i><img loading=\"lazy\" decoding=\"async\" class=\"size-medium wp-image-79604 alignright\" src=\"https:\/\/www.archivio-affarinternazionali.it\/archivio\/wp-content\/uploads\/2020\/03\/logo_maeci-it-300x78.png\" alt=\"\" width=\"300\" height=\"78\" srcset=\"https:\/\/www.archivio-affarinternazionali.it\/archivio\/wp-content\/uploads\/2020\/03\/logo_maeci-it-300x78.png 300w, https:\/\/www.archivio-affarinternazionali.it\/archivio\/wp-content\/uploads\/2020\/03\/logo_maeci-it-768x199.png 768w, https:\/\/www.archivio-affarinternazionali.it\/archivio\/wp-content\/uploads\/2020\/03\/logo_maeci-it-125x32.png 125w, https:\/\/www.archivio-affarinternazionali.it\/archivio\/wp-content\/uploads\/2020\/03\/logo_maeci-it.png 971w\" sizes=\"(max-width: 300px) 100vw, 300px\" \/>Questa pubblicazione fa parte del progetto &#8220;La Geopolitica del Digitale&#8221;<\/i>.\u00a0<i>Per la realizzazione del progetto, si \u00e8 usufruito del contributo dell&#8217;Unit\u00e0 Analisi e Programmazione del Ministero degli Affari Esteri e della Cooperazione Internazionale ai sensi dell\u2019art. 23- bis del DPR 18\/1967<\/i>\u201d.<\/p>\n<p><em>Le posizioni qui contenute sono espressione esclusivamente degli autori e non rappresentano necessariamente le posizioni del Ministero degli Affari Esteri e della Cooperazione Internazionale.<\/em> <\/small><\/p>\n","protected":false},"excerpt":{"rendered":"<p>La Commissione europea starebbe vagliando una potenziale iniziativa volta a proibire l\u2019implementazione di sistemi di riconoscimento facciale. Un divieto temporaneo, per un periodo compreso tra i 3 e i 5 anni, in attesa che siano sviluppati una metodologia adeguata per stabilire il potenziale impatto di tale tecnologia e possibili strumenti per mitigare i rischi connessi [&hellip;]<\/p>\n","protected":false},"author":39,"featured_media":77969,"comment_status":"closed","ping_status":"closed","sticky":false,"template":"","format":"standard","meta":{"footnotes":""},"categories":[9],"tags":[530,1850,1117,1012,2015,493,474],"_links":{"self":[{"href":"https:\/\/www.archivio-affarinternazionali.it\/archivio\/wp-json\/wp\/v2\/posts\/77965"}],"collection":[{"href":"https:\/\/www.archivio-affarinternazionali.it\/archivio\/wp-json\/wp\/v2\/posts"}],"about":[{"href":"https:\/\/www.archivio-affarinternazionali.it\/archivio\/wp-json\/wp\/v2\/types\/post"}],"author":[{"embeddable":true,"href":"https:\/\/www.archivio-affarinternazionali.it\/archivio\/wp-json\/wp\/v2\/users\/39"}],"replies":[{"embeddable":true,"href":"https:\/\/www.archivio-affarinternazionali.it\/archivio\/wp-json\/wp\/v2\/comments?post=77965"}],"version-history":[{"count":10,"href":"https:\/\/www.archivio-affarinternazionali.it\/archivio\/wp-json\/wp\/v2\/posts\/77965\/revisions"}],"predecessor-version":[{"id":80385,"href":"https:\/\/www.archivio-affarinternazionali.it\/archivio\/wp-json\/wp\/v2\/posts\/77965\/revisions\/80385"}],"wp:featuredmedia":[{"embeddable":true,"href":"https:\/\/www.archivio-affarinternazionali.it\/archivio\/wp-json\/wp\/v2\/media\/77969"}],"wp:attachment":[{"href":"https:\/\/www.archivio-affarinternazionali.it\/archivio\/wp-json\/wp\/v2\/media?parent=77965"}],"wp:term":[{"taxonomy":"category","embeddable":true,"href":"https:\/\/www.archivio-affarinternazionali.it\/archivio\/wp-json\/wp\/v2\/categories?post=77965"},{"taxonomy":"post_tag","embeddable":true,"href":"https:\/\/www.archivio-affarinternazionali.it\/archivio\/wp-json\/wp\/v2\/tags?post=77965"}],"curies":[{"name":"wp","href":"https:\/\/api.w.org\/{rel}","templated":true}]}}