{"id":78269,"date":"2020-02-17T00:22:49","date_gmt":"2020-02-16T23:22:49","guid":{"rendered":"https:\/\/www.archivio-affarinternazionali.it\/archivio\/?p=78269"},"modified":"2020-02-17T09:46:53","modified_gmt":"2020-02-17T08:46:53","slug":"in-italia-una-decisione-per-lopinione-pubblica-interna","status":"publish","type":"post","link":"https:\/\/www.archivio-affarinternazionali.it\/archivio\/2020\/02\/in-italia-una-decisione-per-lopinione-pubblica-interna\/","title":{"rendered":"In Italia una decisione per l&#8217;opinione pubblica interna"},"content":{"rendered":"<p>Lo scorso 30 gennaio, dopo un mese di allerta e indagini, l\u2019<strong>Organizzazione mondiale della sanit\u00e0<\/strong>\u00a0(Oms) ha dichiarato lo stato di <strong>emergenza globale<\/strong> per l&#8217;epidemia di <a href=\"https:\/\/www.archivio-affarinternazionali.it\/archivio\/speciali\/limpatto-del-coronavirus-covid-19\/\" target=\"_blank\" rel=\"noopener\"><strong>coronavirus<\/strong><\/a>. \u00c8 una misura ponderata e cautelativa, che l&#8217;Oms ha preso soprattutto per rendere subito disponibili i <strong>fondi d&#8217;emergenza destinati a Paesi con strutture sanitarie carenti<\/strong>. Neanche ventiquattro ore dopo, il governo italiano, riunito in <strong>Consiglio dei ministri<\/strong>,\u00a0ha deciso di attivare lo <strong>status d&#8217;emergenza sanitaria<\/strong> sul territorio italiano per un periodo di sei mesi. Anche qui si tratta di una ragionevole misura soprattutto economica<strong>,<\/strong> perch\u00e9 gli eventuali protocolli in caso di contagio diffuso sono costosi: sono stati messi a disposizione cinque milioni di euro, per finanziare, tra le altre cose, i presidi sanitari negli aeroporti e assumere a tempo determinato medici e personale sanitario.<\/p>\n<p><strong>Una decisione anomala<br \/>\n<\/strong>A fronte di questa mobilitazione pratica e in linea con gli standard europei, il governo italiano ha per\u00f2 preso anche un&#8217;altra decisione &#8220;draconiana&#8221;, e alquanto anomala rispetto al resto del mondo: lo <strong>stop ai voli da e per la Cina<\/strong>. Anche i funzionari dell&#8217;Oms, nella conferenza stampa del 30 gennaio, avevano detto che non era necessario, per il momento, valutare una sospensione dei viaggi e del commercio. Lo stesso giorno in cui l&#8217;<strong>ospedale<\/strong> <strong>Spallanzani<\/strong> confermava per la prima volta due casi di coronavirus a Roma (due turisti cinesi), il governo italiano ha deciso, secondo varie fonti suggerito dal ministero della Salute guidato da <strong>Roberto Speranza<\/strong> (leader di Mdp\/Articolo Uno), lo stop ai collegamenti con l&#8217;intero gigante asiatico. Anzi, con la Cina e con tutti i territori dalla Cina rivendicati, come <strong>Taiwan,<\/strong> dove il numero di contagi \u00e8 inferiore a quello della Francia, per esempio, e i pazienti trattati adeguatamente.<\/p>\n<p>Da una parte, il contenimento del virus e la necessit\u00e0 di contenere un eventuale contagio sul territorio \u00e8 responsabilit\u00e0 del governo. Ma \u00e8 responsabilit\u00e0 del governo anche problematizzare le questioni, <strong>senza prendere decisioni di bandiera<\/strong> che provochino ancora pi\u00f9 confusione \u2013 o peggio, che diano l&#8217;immagine di un Paese incapace di gestire una eventuale emergenza -. Lo stop ai voli da e per la Cina, deciso frettolosamente e senza un vero piano diplomatico \u2013 alcune fonti dicono perfino senza consultare la Farnesina \u2013 ha avuto l&#8217;<a href=\"https:\/\/www.archivio-affarinternazionali.it\/archivio\/2020\/02\/lamicizia-tra-italia-e-cina-a-repentaglio\/\" target=\"_blank\" rel=\"noopener\">effetto di esporre l&#8217;Italia contro la Cina<\/a>, che da marzo del 2019 con la firma dell&#8217;intesa sulla <a href=\"https:\/\/www.archivio-affarinternazionali.it\/archivio\/speciali\/litalia-nella-nuova-via-della-seta\/\" target=\"_blank\" rel=\"noopener\"><strong>Nuova<\/strong>\u00a0<strong>Via della Seta<\/strong><\/a> vede in Roma un alleato strategico.<\/p>\n<p><strong>Tradita la fiducia cinese<br \/>\n<\/strong>Per Pechino la decisione italiana \u00e8 un <strong>tradimento<\/strong> nel bel mezzo di un&#8217;emergenza. \u00c8 anche cos\u00ec che va visto l&#8217;attivismo delle ultime settimane del presidente della Repubblica <strong>Sergio Mattarella<\/strong>, impegnato in un&#8217;opera di &#8220;ricucitura&#8221; con i funzionari cinesi. D&#8217;altra parte, in un mondo globalizzato, chiudere i voli senza un vero piano strategico non \u00e8 un problema soltanto diplomatico. Lo dimostra il fatto che un paio di giorni dopo lo stop, la <strong>Farnesina<\/strong> e l&#8217;<strong>Enac<\/strong>, l&#8217;Ente nazionale per l&#8217;aviazione civile,\u00a0hanno riattivato immediatamente i voli di collegamento dei cargo da e per la Cina.<\/p>\n<p>Non solo. <strong>Undicimila italiani<\/strong> in Cina \u2013 molti dei quali imprenditori \u2013 sono stati pressoch\u00e9 abbandonati al proprio destino dal governo, che ha attivato un unico volo d&#8217;emergenza per rimpatriare il gruppo di connazionali che si trovava nell&#8217;epicentro dell&#8217;epidemia, a <strong>Wuhan.<\/strong> La stessa cosa \u00e8 successa per i cittadini cinesi che a fine gennaio si trovavano in Italia \u2013 per non parlare dei cittadini taiwanesi, compresi nello stop \u2013 che si sono all&#8217;improvviso trovati impossibilitati a tornare a casa se non con un volo con scalo.<\/p>\n<p>Il <strong>lavorio diplomatico<\/strong> dei funzionari della Farnesina che \u00e8 seguito alla decisione del governo a nulla \u00e8 servito: ad <em>Air China<\/em> probabilmente sar\u00e0 data la possibilit\u00e0 di atterrare in Italia nei prossimi giorni, ma quando il governo italiano ha chiesto di aprire l&#8217;acquisto dei biglietti della compagnia anche agli italiani attualmente in Cina, Pechino ha negato il consenso.<\/p>\n<p>Soltanto a fine emergenza conosceremo gli effetti di una decisione presa apparentemente considerando solo l&#8217;opinione pubblica interna.<\/p>\n","protected":false},"excerpt":{"rendered":"<p>Lo scorso 30 gennaio, dopo un mese di allerta e indagini, l\u2019Organizzazione mondiale della sanit\u00e0\u00a0(Oms) ha dichiarato lo stato di emergenza globale per l&#8217;epidemia di coronavirus. \u00c8 una misura ponderata e cautelativa, che l&#8217;Oms ha preso soprattutto per rendere subito disponibili i fondi d&#8217;emergenza destinati a Paesi con strutture sanitarie carenti. Neanche ventiquattro ore dopo, [&hellip;]<\/p>\n","protected":false},"author":39,"featured_media":78270,"comment_status":"closed","ping_status":"closed","sticky":false,"template":"","format":"standard","meta":{"footnotes":""},"categories":[9],"tags":[77,2077,2118,2119,96,1523,844,1345,653],"_links":{"self":[{"href":"https:\/\/www.archivio-affarinternazionali.it\/archivio\/wp-json\/wp\/v2\/posts\/78269"}],"collection":[{"href":"https:\/\/www.archivio-affarinternazionali.it\/archivio\/wp-json\/wp\/v2\/posts"}],"about":[{"href":"https:\/\/www.archivio-affarinternazionali.it\/archivio\/wp-json\/wp\/v2\/types\/post"}],"author":[{"embeddable":true,"href":"https:\/\/www.archivio-affarinternazionali.it\/archivio\/wp-json\/wp\/v2\/users\/39"}],"replies":[{"embeddable":true,"href":"https:\/\/www.archivio-affarinternazionali.it\/archivio\/wp-json\/wp\/v2\/comments?post=78269"}],"version-history":[{"count":5,"href":"https:\/\/www.archivio-affarinternazionali.it\/archivio\/wp-json\/wp\/v2\/posts\/78269\/revisions"}],"predecessor-version":[{"id":78353,"href":"https:\/\/www.archivio-affarinternazionali.it\/archivio\/wp-json\/wp\/v2\/posts\/78269\/revisions\/78353"}],"wp:featuredmedia":[{"embeddable":true,"href":"https:\/\/www.archivio-affarinternazionali.it\/archivio\/wp-json\/wp\/v2\/media\/78270"}],"wp:attachment":[{"href":"https:\/\/www.archivio-affarinternazionali.it\/archivio\/wp-json\/wp\/v2\/media?parent=78269"}],"wp:term":[{"taxonomy":"category","embeddable":true,"href":"https:\/\/www.archivio-affarinternazionali.it\/archivio\/wp-json\/wp\/v2\/categories?post=78269"},{"taxonomy":"post_tag","embeddable":true,"href":"https:\/\/www.archivio-affarinternazionali.it\/archivio\/wp-json\/wp\/v2\/tags?post=78269"}],"curies":[{"name":"wp","href":"https:\/\/api.w.org\/{rel}","templated":true}]}}