{"id":78834,"date":"2020-03-03T10:00:20","date_gmt":"2020-03-03T09:00:20","guid":{"rendered":"https:\/\/www.archivio-affarinternazionali.it\/archivio\/?p=78834"},"modified":"2020-03-05T19:30:30","modified_gmt":"2020-03-05T18:30:30","slug":"cosa-ha-in-mente-modi-non-e-chiaro","status":"publish","type":"post","link":"https:\/\/www.archivio-affarinternazionali.it\/archivio\/2020\/03\/cosa-ha-in-mente-modi-non-e-chiaro\/","title":{"rendered":"India: cos&#8217;ha in mente Modi? Non \u00e8 chiaro"},"content":{"rendered":"<p><a href=\"https:\/\/www.archivio-affarinternazionali.it\/archivio\/2019\/05\/india-naredra-modi-bjp\/\" target=\"_blank\" rel=\"noopener\"><strong>Narendra Modi<\/strong><\/a> non ha lesinato mezzi per <a href=\"https:\/\/www.politico.com\/news\/2020\/02\/24\/trump-india-modi-116679\" target=\"_blank\" rel=\"noopener\"><strong>Donald Trump<\/strong><\/a>. Il <strong>bagno di folla<\/strong> nello stadio di cricket &#8220;pi\u00f9 grande del mondo&#8221; era stato immaginato come uno spot elettorale per la potente diaspora indiana negli Stati Uniti, sinora tutt&#8217;altro che unanime nei suoi confronti, dando al tempo stesso dimostrazione del consenso popolare per Modi. Il luogo scelto \u2013 <strong>Ahmedabad<\/strong> \u2013 aveva un forte valore simbolico: da un lato, la citt\u00e0 da cui era partito per la scalata al potere; dall\u2019altro, una realt\u00e0 multietnica, che va da punte di eccellenza tecnologica alla presenza visibile di antistoriche discriminazioni di casta, fino a una minoranza mussulmana per la maggior parte impoverita e relegata in ghetti eredit\u00e0 dei <em>pogrom<\/em> degli inizi degli anni duemila.<\/p>\n<p>La presenza di Trump ha acceso il faro dell&#8217;attenzione dell\u2019opinione internazionale sulla <a href=\"https:\/\/www.theguardian.com\/world\/2020\/feb\/25\/delhi-rocked-by-deadly-protests-during-donald-trumps-india-visit\" target=\"_blank\" rel=\"noopener\"><strong>violenza delle proteste<\/strong><\/a> contro la <strong><a href=\"https:\/\/www.archivio-affarinternazionali.it\/archivio\/2019\/11\/india-ayodhya-hindu-musulmani\/\" target=\"_blank\" rel=\"noopener\">politica anti-musulmana del governo indiano<\/a><\/strong>. Infatti, la messa in discussione di una Costituzione laica e tollerante preoccupa la parte pi\u00f9 attenta dell&#8217;opinione pubblica, anche se non va dimenticato che molti fra i sostenitori di Modi la ritengono un retaggio coloniale in contrasto con la \u201cpurezza\u201d induista.<\/p>\n<p>La prevista consacrazione del suo ruolo di leader mondiale ne \u00e8 stata compromessa e cosa Modi abbia in mente non \u00e8 chiaro. Alcuni ritengono che sia ostaggio delle <a href=\"https:\/\/www.hrw.org\/news\/2019\/05\/30\/narendra-modis-next-challenge-contain-his-extremist-supporters\" target=\"_blank\" rel=\"noopener\"><strong>frange estremiste<\/strong><\/a> dei suoi sostenitori, le cui idee non sono dissimili da quelle da lui sostenute in passato. Per altri si tratta di un politico troppo cinicamente abile e smaliziato per non rendersi conto che il suo successo si basa su una <strong>credibilit\u00e0 internazionale<\/strong> che al dunque si guarder\u00e0 bene dal mettere a rischio. Quale sia la motivazione prevalente \u2013 e personalmente propendo per la seconda \u2013 \u00e8 importante che la comunit\u00e0 internazionale mantenga alta la pressione rendendo ben chiaro che le ambizioni di potenza mondiale dell&#8217;India passano attraverso, e non contro, la <strong>tutela della sua natura democratica<\/strong>.<\/p>\n<p>Trump non ha aiutato. Narcisismo a parte, ha esibito nel tripudio di folle plaudenti un&#8217;amicizia per il suo interlocutore al limite dell&#8217;adulazione. Si \u00e8 guardato bene dall&#8217;associarsi alle critiche sempre pi\u00f9 numerose e ha dato pi\u00f9 volte l&#8217;impressione di voler volgere lo sguardo altrove. Che il modello di <strong>democrazia autoritaria<\/strong> proposto da Modi trovi nel Presidente Usa un orecchio non ostile \u00e8 verosimile, ma il ragionamento va probabilmente oltre, a conferma che per lui la geopolitica pesa con l\u2019India pi\u00f9 del rispetto della legalit\u00e0 democratica e dei diritti umani.<\/p>\n<p>E pazienza se la <strong>vecchia idea americana di fare di New Delhi una pedina della\u00a0<\/strong><a href=\"https:\/\/www.archivio-affarinternazionali.it\/archivio\/2020\/01\/trump-cina-primo-round\/\" target=\"_blank\" rel=\"noopener\"><strong>strategia di contenimento anticinese<\/strong><\/a>\u00a0rischia di scontrarsi ancora una volta con l&#8217;<strong>ambizione globale di un&#8217;India che si ritiene non alleato, bens\u00ec partner con pari influenza e dignit\u00e0.<\/strong><\/p>\n<p>L\u2019<strong>unilateralismo americano<\/strong> sta vivendo in <strong>Asia<\/strong> una stagione di rinnovata aggressivit\u00e0 e tende a lasciare sola l&#8217;Europa nel richiamare l&#8217;India al rispetto delle regole della civile convivenza democratica.<\/p>\n<p>Cos\u00ec facendo, ne riduce la capacit\u00e0 di presenza e di influenza in un paese e in un mercato la cui importanza non \u00e8 minore di quanto lo sia per gli Stati Uniti.\u00a0\u00c8\u00a0una linea che trova riscontro anche sul <strong>piano economico e commerciale<\/strong>, dove, aldil\u00e0 delle dichiarazioni roboanti, <em>l&#8217;ammoina\u00a0<\/em>cela la sostanza e la spinta di Trump alla creazione di canali privilegiati rischia di restringere ancor pi\u00f9 il campo d\u2019azione dei paesi europei. Non per questo l\u2019<strong>Europa<\/strong> pu\u00f2 rinunciare a far passare con forza il messaggio che \u00e8 proprio la natura democratica dell&#8217;India a farne un <em>unicum<\/em> in una regione dove ci\u00f2 costituisce spesso merce rara. Le regole del gioco della solidariet\u00e0 occidentale sono cambiate e l\u2019Europa dovr\u00e0 abituarsi a muoversi anche da sola, su linee coerenti con la comune matrice politica e culturale, ma non necessariamente concordanti.<\/p>\n<p>Un ultimo codicillo italiano. La questione dei nostri <a href=\"https:\/\/www.archivio-affarinternazionali.it\/archivio\/2012\/03\/lo-strano-caso-dei-maro-italiani-in-india\/\" target=\"_blank\" rel=\"noopener\"><strong>mar\u00f2<\/strong><\/a> ha perso il valore politico originario ed \u00e8 sperabile che si arrivi ad una soluzione accettabile per tutti. Tuttavia, le cose non sono ancora finite e le possibilit\u00e0 di inciampo non sono mai da escludere. \u00a0Nel caso improbabile la situazione dovessero farsi complicata, Trump ha dimostrato che non \u00e8 da <strong>Washington<\/strong> che potremmo sperare di trovare sostegno.<\/p>\n","protected":false},"excerpt":{"rendered":"<p>Narendra Modi non ha lesinato mezzi per Donald Trump. Il bagno di folla nello stadio di cricket &#8220;pi\u00f9 grande del mondo&#8221; era stato immaginato come uno spot elettorale per la potente diaspora indiana negli Stati Uniti, sinora tutt&#8217;altro che unanime nei suoi confronti, dando al tempo stesso dimostrazione del consenso popolare per Modi. Il luogo [&hellip;]<\/p>\n","protected":false},"author":39,"featured_media":78845,"comment_status":"closed","ping_status":"closed","sticky":false,"template":"","format":"standard","meta":{"footnotes":""},"categories":[2026,9],"tags":[452,119,92,2164,1538,422,109],"_links":{"self":[{"href":"https:\/\/www.archivio-affarinternazionali.it\/archivio\/wp-json\/wp\/v2\/posts\/78834"}],"collection":[{"href":"https:\/\/www.archivio-affarinternazionali.it\/archivio\/wp-json\/wp\/v2\/posts"}],"about":[{"href":"https:\/\/www.archivio-affarinternazionali.it\/archivio\/wp-json\/wp\/v2\/types\/post"}],"author":[{"embeddable":true,"href":"https:\/\/www.archivio-affarinternazionali.it\/archivio\/wp-json\/wp\/v2\/users\/39"}],"replies":[{"embeddable":true,"href":"https:\/\/www.archivio-affarinternazionali.it\/archivio\/wp-json\/wp\/v2\/comments?post=78834"}],"version-history":[{"count":7,"href":"https:\/\/www.archivio-affarinternazionali.it\/archivio\/wp-json\/wp\/v2\/posts\/78834\/revisions"}],"predecessor-version":[{"id":78867,"href":"https:\/\/www.archivio-affarinternazionali.it\/archivio\/wp-json\/wp\/v2\/posts\/78834\/revisions\/78867"}],"wp:featuredmedia":[{"embeddable":true,"href":"https:\/\/www.archivio-affarinternazionali.it\/archivio\/wp-json\/wp\/v2\/media\/78845"}],"wp:attachment":[{"href":"https:\/\/www.archivio-affarinternazionali.it\/archivio\/wp-json\/wp\/v2\/media?parent=78834"}],"wp:term":[{"taxonomy":"category","embeddable":true,"href":"https:\/\/www.archivio-affarinternazionali.it\/archivio\/wp-json\/wp\/v2\/categories?post=78834"},{"taxonomy":"post_tag","embeddable":true,"href":"https:\/\/www.archivio-affarinternazionali.it\/archivio\/wp-json\/wp\/v2\/tags?post=78834"}],"curies":[{"name":"wp","href":"https:\/\/api.w.org\/{rel}","templated":true}]}}