{"id":78962,"date":"2020-03-05T19:30:45","date_gmt":"2020-03-05T18:30:45","guid":{"rendered":"https:\/\/www.archivio-affarinternazionali.it\/archivio\/?p=78962"},"modified":"2020-03-10T15:32:58","modified_gmt":"2020-03-10T14:32:58","slug":"africa-al-centro-della-politica-estera-ue","status":"publish","type":"post","link":"https:\/\/www.archivio-affarinternazionali.it\/archivio\/2020\/03\/africa-al-centro-della-politica-estera-ue\/","title":{"rendered":"Africa al centro della politica estera italiana e europea"},"content":{"rendered":"<p>Otto eccellenti giovani studiosi provenienti dal <a href=\"https:\/\/www.archivio-affarinternazionali.it\/archivio\/2020\/03\/lunione-del-maghreb-arabo-tra-passato-e-futuro\/\" target=\"_blank\" rel=\"noopener\"><strong>Maghreb<\/strong><\/a> e dall&#8217;<a href=\"https:\/\/www.archivio-affarinternazionali.it\/archivio\/2020\/02\/sahel-parla-losada-rappresentante-speciale-ue\/\" target=\"_blank\" rel=\"noopener\"><strong>Africa subsahariana<\/strong><\/a> &#8211; gioved\u00ec 5 marzo 2020 presso il Ministero degli Affari Esteri e della Cooperazione internazionale &#8211; sono stati protagonisti della\u00a0Conferenza internazionale <a href=\"https:\/\/www.iai.it\/it\/eventi\/youth-and-africa-exploring-new-approaches-economic-cooperation-security-and-migration\" target=\"_blank\" rel=\"noopener\">\u201c<strong>Youth and Africa: exploring new approaches to economic cooperation, security and migration<\/strong>\u201d<\/a>, organizzata dall&#8217;Istituto Affari Internazionali nell\u2019ambito del network <strong><a href=\"https:\/\/www.iai.it\/it\/ricerche\/new-med-research-network-il-futuro-della-cooperazione-nel-mediterraneo\" target=\"_blank\" rel=\"noopener\">New-Med\u00a0<\/a><\/strong>e\u00a0pensato per analizzare le principali dinamiche che stanno interessando l&#8217;Africa. Gli otto giovani sono stati scelti a seguito di un bando internazionale e selezionati tra un ampio numero di candidati. Hanno discusso le loro idee con <em>chair<\/em> e <em>discussant<\/em> provenienti da Paesi africani ed europei.<\/p>\n<p>Ad aprire i lavori, <strong>Marina Sereni<\/strong>, <strong>viceministra degli Affari esteri e della cooperazione internazionale<\/strong>. \u201cOggi pi\u00f9 che mai l&#8217;<strong>Africa<\/strong> \u00e8 al centro della politica estera italiana e i rapporti tra noi e il continente sono sempre pi\u00f9 stretti, come dimostra il fatto che il nostro Paese \u00e8 il principale investitore europeo in loco, con investimenti pari a 9 miliardi di euro nel 2017\u201d, ha detto la viceministra.<\/p>\n<p>\u201cProprio per questo \u2013 ha proseguito Sereni \u2013 \u00e8 un grande piacere per me essere oggi qui, insieme a tanti giovani e promettenti talenti dell\u2019Africa settentrionale e sub-sahariana, che si sono distinti per i loro eccezionali contributi al dibattito in corso sul futuro del loro continente e delle relazioni euro-africane. Le vostre relazioni mostrano una grande capacit\u00e0 di analizzare, con occhi nuovi, e di fornire raccomandazioni politiche innovative per le principali sfide che interessano l&#8217;Africa e l&#8217;Europa: migrazioni, cambiamenti climatici, uguaglianza di genere, commercio di armi e sicurezza\u201d.<\/p>\n<p>\u201cL&#8217;<strong>Africa<\/strong> \u00e8 ancora, e dovrebbe esserlo ancora di pi\u00f9 &#8211; ha notato la Vice Ministra &#8211; <a href=\"https:\/\/www.archivio-affarinternazionali.it\/archivio\/2019\/12\/ue-acp-futuro-rapporti\/\" target=\"_blank\" rel=\"noopener\"><strong>al centro della politica estera dell&#8217;Ue<\/strong><\/a>. Oggi Bruxelles \u00e8 il principale donatore del continente, fornendo oltre il 50% della quota totale di aiuti allo sviluppo. Circa 20 miliardi di euro di aiuti allo sviluppo sono destinati ogni anno attraverso programmi attuati a livello continentale, regionale e nazionale. L&#8217;Unione \u00e8 anche il principale partner commerciale dell&#8217;Africa, con flussi commerciali bilaterali che hanno superato i 300 miliardi di euro nel 2018\u201d.<\/p>\n<p>\u201cTra voi \u2013 ha detto ancora Sereni \u2013 vi sono molte donne. Il vostro ruolo nelle societ\u00e0 africane \u00e8 di crescente rilevanza e potete dare un contributo fondamentale per favorire la pace e la stabilit\u00e0 nei vostri Paesi. Le donne possono anche svolgere un ruolo chiave nel promuovere lo sviluppo sostenibile nelle comunit\u00e0. Perch\u00e9 ci\u00f2 accada, deve essere garantito il loro pieno accesso a istruzione, assistenza sanitaria e servizi igienico-sanitari. L\u2019Italia \u2013 ha concluso Marina Sereni \u2013 ha fatto propri vari progetti di sviluppo della questione femminile in Africa, come nel resto del mondo\u201d.<\/p>\n<p>Per l&#8217;Istituto Affari Internazionali sono intervenuti <strong>Ettore Greco<\/strong> (vicepresidente esecutivo dello IAI),\u00a0<strong>Andrea Dess\u00ec\u00a0<\/strong>(responsabile di ricerca nell\u2019ambito del programma Mediterraneo e Medio Oriente dello IAI),\u00a0<strong>Daniele Fattibene<\/strong> (ricercatore IAI per i programmi sicurezza; politica e istituzioni; energia, clima e risorse) e <strong>Francesca Caruso<\/strong> (Ricercatrice junior, esperta di Africa e Medio Oriente).<\/p>\n<p>La conferenza si \u00e8 svolta con il supporto del <strong>German Marshall Fund of the United States<\/strong>, <strong>Fondazione Compagnia di San Paolo e Organizzazione per la sicurezza e la cooperazione in Europa<\/strong>\u00a0(<strong>OSCE)<\/strong>.<\/p>\n<p>&nbsp;<\/p>\n<p><a title=\"Youth and Africa\" href=\"https:\/\/www.flickr.com\/photos\/59317822@N05\/albums\/72157713381089803\" data-flickr-embed=\"true\"><img loading=\"lazy\" decoding=\"async\" src=\"https:\/\/live.staticflickr.com\/65535\/49625419868_e3830ee2bf_z.jpg\" alt=\"Youth and Africa\" width=\"800\" height=\"533\" \/><\/a><script async src=\"\/\/embedr.flickr.com\/assets\/client-code.js\" charset=\"utf-8\"><\/script><\/p>\n<p>&nbsp;<\/p>\n","protected":false},"excerpt":{"rendered":"<p>Otto eccellenti giovani studiosi provenienti dal Maghreb e dall&#8217;Africa subsahariana &#8211; gioved\u00ec 5 marzo 2020 presso il Ministero degli Affari Esteri e della Cooperazione internazionale &#8211; sono stati protagonisti della\u00a0Conferenza internazionale \u201cYouth and Africa: exploring new approaches to economic cooperation, security and migration\u201d, organizzata dall&#8217;Istituto Affari Internazionali nell\u2019ambito del network New-Med\u00a0e\u00a0pensato per analizzare le principali [&hellip;]<\/p>\n","protected":false},"author":39,"featured_media":78990,"comment_status":"closed","ping_status":"closed","sticky":false,"template":"","format":"standard","meta":{"footnotes":""},"categories":[9],"tags":[69,1330,125,1195],"_links":{"self":[{"href":"https:\/\/www.archivio-affarinternazionali.it\/archivio\/wp-json\/wp\/v2\/posts\/78962"}],"collection":[{"href":"https:\/\/www.archivio-affarinternazionali.it\/archivio\/wp-json\/wp\/v2\/posts"}],"about":[{"href":"https:\/\/www.archivio-affarinternazionali.it\/archivio\/wp-json\/wp\/v2\/types\/post"}],"author":[{"embeddable":true,"href":"https:\/\/www.archivio-affarinternazionali.it\/archivio\/wp-json\/wp\/v2\/users\/39"}],"replies":[{"embeddable":true,"href":"https:\/\/www.archivio-affarinternazionali.it\/archivio\/wp-json\/wp\/v2\/comments?post=78962"}],"version-history":[{"count":16,"href":"https:\/\/www.archivio-affarinternazionali.it\/archivio\/wp-json\/wp\/v2\/posts\/78962\/revisions"}],"predecessor-version":[{"id":79001,"href":"https:\/\/www.archivio-affarinternazionali.it\/archivio\/wp-json\/wp\/v2\/posts\/78962\/revisions\/79001"}],"wp:featuredmedia":[{"embeddable":true,"href":"https:\/\/www.archivio-affarinternazionali.it\/archivio\/wp-json\/wp\/v2\/media\/78990"}],"wp:attachment":[{"href":"https:\/\/www.archivio-affarinternazionali.it\/archivio\/wp-json\/wp\/v2\/media?parent=78962"}],"wp:term":[{"taxonomy":"category","embeddable":true,"href":"https:\/\/www.archivio-affarinternazionali.it\/archivio\/wp-json\/wp\/v2\/categories?post=78962"},{"taxonomy":"post_tag","embeddable":true,"href":"https:\/\/www.archivio-affarinternazionali.it\/archivio\/wp-json\/wp\/v2\/tags?post=78962"}],"curies":[{"name":"wp","href":"https:\/\/api.w.org\/{rel}","templated":true}]}}