{"id":80058,"date":"2020-03-30T18:04:42","date_gmt":"2020-03-30T16:04:42","guid":{"rendered":"https:\/\/www.archivio-affarinternazionali.it\/archivio\/?p=80058"},"modified":"2020-07-15T18:31:49","modified_gmt":"2020-07-15T16:31:49","slug":"il-parlamento-ungherese-concede-pieni-poteri-a-viktor-orban","status":"publish","type":"post","link":"https:\/\/www.archivio-affarinternazionali.it\/archivio\/2020\/03\/il-parlamento-ungherese-concede-pieni-poteri-a-viktor-orban\/","title":{"rendered":"Il Parlamento ungherese concede pieni poteri ad Orb\u00e1n"},"content":{"rendered":"<p>Il Parlamento ungherese ha votato il 30 marzo 2020 la concessione dei pieni poteri per il premier <strong>Viktor Orb\u00e1n<\/strong> per combattere il coronavirus. Nei termini della legge, Orb\u00e1n, &#8211; scrive il sito dell&#8217;<a href=\"https:\/\/www.ansa.it\/sito\/notizie\/mondo\/europa\/2020\/03\/30\/ungheriapieni-poteri-al-premier-orban_e151827c-3304-484c-b929-80f8efbd79d2.html\" target=\"_blank\" rel=\"noopener\">Ansa<\/a> &#8211; senza limitazione di tempo, pu\u00f2 governare sulla base di decreti, chiudere il Parlamento, cambiare o sospendere leggi esistenti e ha la facolt\u00e0 di bloccare le elezioni. <strong>Spetta a lui determinare quando finir\u00e0 lo stato di emergenza<\/strong>. Inoltre, chi diramer\u00e0 &#8220;false notizie&#8221; rischier\u00e0 da 1 a 5 anni di carcere.<\/p>\n<p>La legge \u00e8 passata con 138 voti favorevoli contro 53 contrari. Hanno votato a favore i deputati di Fidesz ed alcuni dell&#8217;estrema destra. L&#8217;opposizione ha cercato di far inserire nel testo una limitazione temporale di 90 giorni, garantendo in cambio il suo appoggio, ma Orban ha rifiutato.<\/p>\n<p>Il sito dell&#8217;agenzia riporta le prime reazioni politiche nel Paese. &#8220;Oggi inizia la dittatura senza maschera di Orb\u00e1n&#8221;, dichiara il leader dei socialisti ungheresi Bertalan Toth, mentre il presidente del partito nazionalista Jobbik ha parlato di &#8220;colpo di Stato&#8221;.<\/p>\n<p>&#8220;Valuteremo le misure approvate in tutti gli Stati membri alla luce dei diritti fondamentali &#8211; scrive su Twitter il commissario alla Giustizia Didier Reynders, responsabile anche della tutela dello stato di diritto -. \u00c8 in particolare il caso dell&#8217;Ungheria, che oggi ha votato nuovo provvedimento sullo stato di emergenza che introduce sanzioni penali per la diffusione di false informazioni&#8221;. Nel settembre 2018 il Parlamento europeo aveva chiesto al Consiglio di agire per evitare che Budapest violasse i valori fondamentali dell&#8217;Unione europea, in particolar modo con riguardo a\u00a0indipendenza giudiziaria, libert\u00e0 di espressione, diritti delle minoranze e di migranti e rifugiati.<\/p>\n<p>Il voto in aula era inizialmente previsto la settimana scorsa, ma l&#8217;ostruzionismo dell&#8217;opposizione lo ha fatto rimandare ad oggi, quando \u00e8 stata sufficiente la maggioranza dei due terzi dei parlamentari. Il provvedimento votato dal Parlamento magiaro prevede le misure pi\u00f9 restrittive oggi in vigore nei Paesi del <a href=\"https:\/\/www.archivio-affarinternazionali.it\/archivio\/2020\/03\/parlamenti-sotto-attacco-e-mascherine-sequestrate-il-coronavirus-nei-v4\/\" target=\"_blank\" rel=\"noopener\">Gruppo di Visegr\u00e1d<\/a>.<\/p>\n","protected":false},"excerpt":{"rendered":"<p>Il Parlamento ungherese ha votato il 30 marzo 2020 la concessione dei pieni poteri per il premier Viktor Orb\u00e1n per combattere il coronavirus. Nei termini della legge, Orb\u00e1n, &#8211; scrive il sito dell&#8217;Ansa &#8211; senza limitazione di tempo, pu\u00f2 governare sulla base di decreti, chiudere il Parlamento, cambiare o sospendere leggi esistenti e ha la [&hellip;]<\/p>\n","protected":false},"author":42,"featured_media":80062,"comment_status":"closed","ping_status":"closed","sticky":false,"template":"","format":"standard","meta":{"footnotes":""},"categories":[9],"tags":[],"_links":{"self":[{"href":"https:\/\/www.archivio-affarinternazionali.it\/archivio\/wp-json\/wp\/v2\/posts\/80058"}],"collection":[{"href":"https:\/\/www.archivio-affarinternazionali.it\/archivio\/wp-json\/wp\/v2\/posts"}],"about":[{"href":"https:\/\/www.archivio-affarinternazionali.it\/archivio\/wp-json\/wp\/v2\/types\/post"}],"author":[{"embeddable":true,"href":"https:\/\/www.archivio-affarinternazionali.it\/archivio\/wp-json\/wp\/v2\/users\/42"}],"replies":[{"embeddable":true,"href":"https:\/\/www.archivio-affarinternazionali.it\/archivio\/wp-json\/wp\/v2\/comments?post=80058"}],"version-history":[{"count":6,"href":"https:\/\/www.archivio-affarinternazionali.it\/archivio\/wp-json\/wp\/v2\/posts\/80058\/revisions"}],"predecessor-version":[{"id":80070,"href":"https:\/\/www.archivio-affarinternazionali.it\/archivio\/wp-json\/wp\/v2\/posts\/80058\/revisions\/80070"}],"wp:featuredmedia":[{"embeddable":true,"href":"https:\/\/www.archivio-affarinternazionali.it\/archivio\/wp-json\/wp\/v2\/media\/80062"}],"wp:attachment":[{"href":"https:\/\/www.archivio-affarinternazionali.it\/archivio\/wp-json\/wp\/v2\/media?parent=80058"}],"wp:term":[{"taxonomy":"category","embeddable":true,"href":"https:\/\/www.archivio-affarinternazionali.it\/archivio\/wp-json\/wp\/v2\/categories?post=80058"},{"taxonomy":"post_tag","embeddable":true,"href":"https:\/\/www.archivio-affarinternazionali.it\/archivio\/wp-json\/wp\/v2\/tags?post=80058"}],"curies":[{"name":"wp","href":"https:\/\/api.w.org\/{rel}","templated":true}]}}