{"id":80415,"date":"2020-04-09T13:53:19","date_gmt":"2020-04-09T11:53:19","guid":{"rendered":"https:\/\/www.archivio-affarinternazionali.it\/archivio\/?p=80415"},"modified":"2020-04-13T00:22:16","modified_gmt":"2020-04-12T22:22:16","slug":"il-significato-del-ritiro-di-sanders","status":"publish","type":"post","link":"https:\/\/www.archivio-affarinternazionali.it\/archivio\/2020\/04\/il-significato-del-ritiro-di-sanders\/","title":{"rendered":"Il significato del ritiro di Bernie Sanders"},"content":{"rendered":"<p>Il <a href=\"https:\/\/www.archivio-affarinternazionali.it\/archivio\/blogpost\/208-sara-trump-vs-biden-sanders-e-fuori\/\" target=\"_blank\" rel=\"noopener\"><strong>ritiro di Bernie Sanders<\/strong><\/a> dalla corsa alla nomination democratica con il <strong>successo di Joe Biden<\/strong> ha un significato che supera il caso personale. \u00c8 la fine, in questa stagione, del tentativo, generoso e ostinato, del leader radicale di <strong>spostare l&#8217;asse del partito democratico a sinistra<\/strong>, su posizioni che anche in passato non hanno mai portato alla Casa bianca il partito dell&#8217;asinello.<\/p>\n<p>Sanders era riuscito a dare rappresentanza istituzionale all&#8217;<strong>onda di contestazione radicale<\/strong> affermatasi tra i giovani nell&#8217;ultimo ventennio contro il cosiddetto <em>establishment<\/em>\u00a0democratico. La sua politica, tipica del welfare socialdemocratico (sistema sanitario universale, aumento del reddito minimo, spese universitarie garantite), in realt\u00e0 negli Stati Uniti rinverdiva un&#8217;<strong>antica vena populista della sinistra progressista<\/strong> riemersa in parallelo al nazional-populismo di destra di Trump.<\/p>\n<p>Con <a href=\"https:\/\/www.archivio-affarinternazionali.it\/archivio\/2020\/03\/perche-ha-vinto-biden\/\" target=\"_blank\" rel=\"noopener\"><strong>Biden<\/strong><\/a> il partito democratico presidenziale conferma il suo carattere di coalizione non-ideologica. Su suggerimento di <strong>Obama<\/strong>, il grande regista del successo di Biden, la coalizione elettorale emersa nelle primarie democratiche comprende una parte di classe media bianca suburbana, gli afroamericani e i latinos, la <em>working<\/em> <em>class<\/em> anche obsoleta del Midwest, i <em>liberal<\/em> e gli &#8220;urbani&#8221; con cultura e modi di vita non tradizionalisti.<\/p>\n<p>Ad oggi i sondaggi nazionali danno <a href=\"https:\/\/projects.fivethirtyeight.com\/polls\/president-general\/\" target=\"_blank\" rel=\"noopener\"><strong>Biden avanti di diversi punti su Trump<\/strong><\/a> (circa 48-49% su 41-42%), ma il sistema elettorale \u00e8 tale per cui il numero totale dei voti non \u00e8 indicativo della vittoria di un candidato sull&#8217;altro, come insegna la vittoria di Trump nel 2016. Quel che al dunque decide sono <strong>i voti dei singoli Stati<\/strong> nel &#8220;collegio elettorale&#8221;, in particolare i risultati degli Stati che oscillano tra i due partiti. Questa volta incider\u00e0 a fondo la<a href=\"https:\/\/www.archivio-affarinternazionali.it\/archivio\/2020\/04\/covid-19-e-comunita-internazionale-parla-nathalie-tocci\/\" target=\"_blank\" rel=\"noopener\"><strong> gestione della pandemia<\/strong><\/a> per le vite umane e l&#8217;economia. Trump come di consueto, oscilla tra prese di posizione contraddittorie. \u00c8\u00a0difficile dire oggi ci\u00f2 che accadr\u00e0 fino al 3 novembre.<\/p>\n<p><strong>Il problema di Biden \u00e8 duplice<\/strong>. Deve affrontare in primo luogo i <strong>sanderisti<\/strong>. Il senatore ritiratosi ha dichiarato che sosterr\u00e0 Biden (diversamente da quel che fece con Hillary Clinton), ma manterr\u00e0 il proprio nome sulla scheda per i delegati alla <strong>Convenzione di Milwaukee<\/strong>. Cercher\u00e0 cos\u00ec di pesare sui rapporti interni al partito, in particolare sulla &#8220;piattaforma elettorale&#8221;. In genere le piattaforme presidenziali sono generiche per attirare il maggior numero di elettori. Se in quella democratica 2020 saranno inserite proposte troppo radicali, potrebbe risultare ostica a una parte di elettori.<\/p>\n<p>La seconda questione \u00e8 la <a href=\"https:\/\/www.washingtonpost.com\/politics\/2020\/04\/08\/11-most-logical-picks-joe-bidens-vice-president-ranked\/\" target=\"_blank\" rel=\"noopener\"><strong>scelta del candidato Vice<\/strong><\/a> che il nominato Biden dovr\u00e0 indicare alla Convenzione. Questa volta \u00e8 doppiamente importante per l&#8217;et\u00e0 del candidato presidente, quindi per un eventuale secondo termine. Il vice influisce nel voto quale <strong>personalit\u00e0 complementare<\/strong> (territoriale, politica, di genere, d\u2019et\u00e0, di religione \u2026) del candidato presidente, in grado cio\u00e8 di attirare consensi al di l\u00e0 dell&#8217;orizzonte presidenziale. Tra i candidati gi\u00e0 in corsa potrebbero essere prescelti <strong>Elizabeth Warren<\/strong>, donna ma con l&#8217;handicap di essere troppo a sinistra, <strong>Pete Buttigieg<\/strong>, giovane brillante ma non apprezzato dagli afroamericani, la senatrice <strong>Amy Klobuchar<\/strong>, donna, moderata e forte dell&#8217;endorsement del New York Times. O altri esponenti tra cui <strong>Andrew Cuomo<\/strong>, governatore dello Stato di New York, distintosi per l&#8217;energica azione sul virus.<\/p>\n","protected":false},"excerpt":{"rendered":"<p>Il ritiro di Bernie Sanders dalla corsa alla nomination democratica con il successo di Joe Biden ha un significato che supera il caso personale. \u00c8 la fine, in questa stagione, del tentativo, generoso e ostinato, del leader radicale di spostare l&#8217;asse del partito democratico a sinistra, su posizioni che anche in passato non hanno mai [&hellip;]<\/p>\n","protected":false},"author":39,"featured_media":80416,"comment_status":"closed","ping_status":"closed","sticky":false,"template":"","format":"standard","meta":{"footnotes":""},"categories":[2026,9],"tags":[1616,2077,1582,422,2042],"_links":{"self":[{"href":"https:\/\/www.archivio-affarinternazionali.it\/archivio\/wp-json\/wp\/v2\/posts\/80415"}],"collection":[{"href":"https:\/\/www.archivio-affarinternazionali.it\/archivio\/wp-json\/wp\/v2\/posts"}],"about":[{"href":"https:\/\/www.archivio-affarinternazionali.it\/archivio\/wp-json\/wp\/v2\/types\/post"}],"author":[{"embeddable":true,"href":"https:\/\/www.archivio-affarinternazionali.it\/archivio\/wp-json\/wp\/v2\/users\/39"}],"replies":[{"embeddable":true,"href":"https:\/\/www.archivio-affarinternazionali.it\/archivio\/wp-json\/wp\/v2\/comments?post=80415"}],"version-history":[{"count":2,"href":"https:\/\/www.archivio-affarinternazionali.it\/archivio\/wp-json\/wp\/v2\/posts\/80415\/revisions"}],"predecessor-version":[{"id":80438,"href":"https:\/\/www.archivio-affarinternazionali.it\/archivio\/wp-json\/wp\/v2\/posts\/80415\/revisions\/80438"}],"wp:featuredmedia":[{"embeddable":true,"href":"https:\/\/www.archivio-affarinternazionali.it\/archivio\/wp-json\/wp\/v2\/media\/80416"}],"wp:attachment":[{"href":"https:\/\/www.archivio-affarinternazionali.it\/archivio\/wp-json\/wp\/v2\/media?parent=80415"}],"wp:term":[{"taxonomy":"category","embeddable":true,"href":"https:\/\/www.archivio-affarinternazionali.it\/archivio\/wp-json\/wp\/v2\/categories?post=80415"},{"taxonomy":"post_tag","embeddable":true,"href":"https:\/\/www.archivio-affarinternazionali.it\/archivio\/wp-json\/wp\/v2\/tags?post=80415"}],"curies":[{"name":"wp","href":"https:\/\/api.w.org\/{rel}","templated":true}]}}