{"id":80513,"date":"2020-04-14T09:02:28","date_gmt":"2020-04-14T07:02:28","guid":{"rendered":"https:\/\/www.archivio-affarinternazionali.it\/archivio\/?p=80513"},"modified":"2020-07-15T18:32:47","modified_gmt":"2020-07-15T16:32:47","slug":"macron-si-vedono-i-primi-risultati","status":"publish","type":"post","link":"https:\/\/www.archivio-affarinternazionali.it\/archivio\/2020\/04\/macron-si-vedono-i-primi-risultati\/","title":{"rendered":"Macron: &#8220;Non eravamo preparati&#8221;"},"content":{"rendered":"<p>&#8220;L&#8217;epidemia comincia a segnare il passo, <strong>si vedono i primi risultati<\/strong>&#8220;. Queste le parole del Presidente della Repubblica francese in un discorso alla nazione pronunciato luned\u00ec 13 aprile 2020. Il Presidente ha ringraziato operatori sanitari, militari, vigili del fuoco, farmacisti: &#8220;Grazie ai nostri sforzi, ogni giorno abbiamo fatto progressi.<strong> Il <em>lockdown<\/em> durer\u00e0 fino all&#8217;11 maggio<\/strong>. Le regole in vigore stanno mostrando la loro efficacia, non vanno n\u00e9 rafforzate n\u00e9 alleggerite, ma pienamente rispettate&#8221;. Anche Macron, cos\u00ec come altri leader internazionali si \u00e8 detto convinto che &#8220;vinceremo questa battaglia, ma ci vorranno ancora mesi. Il Paese non era pronto a questa battaglia, come altre nazioni. Non abbiamo avuto abbastanza camici, guanti, gel e non abbiamo potuto distribuire le mascherine che avremmo voluto&#8221;.<\/p>\n<p><strong>GUARDA IL VIDEO DEL DISCORSO<\/strong><\/p>\n<div align=\"center\"><iframe loading=\"lazy\" src=\"https:\/\/www.youtube.com\/embed\/2tEBQhwCvY4\" width=\"640\" height=\"360\" frameborder=\"0\" allowfullscreen=\"allowfullscreen\"><\/iframe><\/div>\n<p>&nbsp;<\/p>\n<p><strong><a href=\"https:\/\/www.archivio-affarinternazionali.it\/archivio\/wp-content\/uploads\/2020\/04\/20_04_13_DiscorsoPresMacron_it.pdf\" target=\"_blank\" rel=\"noopener\">LEGGI QUI IL TESTO IN ITALIANO<\/a><\/strong><\/p>\n","protected":false},"excerpt":{"rendered":"<p>&#8220;L&#8217;epidemia comincia a segnare il passo, si vedono i primi risultati&#8220;. Queste le parole del Presidente della Repubblica francese in un discorso alla nazione pronunciato luned\u00ec 13 aprile 2020. Il Presidente ha ringraziato operatori sanitari, militari, vigili del fuoco, farmacisti: &#8220;Grazie ai nostri sforzi, ogni giorno abbiamo fatto progressi. Il lockdown durer\u00e0 fino all&#8217;11 maggio. [&hellip;]<\/p>\n","protected":false},"author":42,"featured_media":80516,"comment_status":"closed","ping_status":"closed","sticky":false,"template":"","format":"standard","meta":{"footnotes":""},"categories":[9],"tags":[69,2077,87,2234,565,1006],"_links":{"self":[{"href":"https:\/\/www.archivio-affarinternazionali.it\/archivio\/wp-json\/wp\/v2\/posts\/80513"}],"collection":[{"href":"https:\/\/www.archivio-affarinternazionali.it\/archivio\/wp-json\/wp\/v2\/posts"}],"about":[{"href":"https:\/\/www.archivio-affarinternazionali.it\/archivio\/wp-json\/wp\/v2\/types\/post"}],"author":[{"embeddable":true,"href":"https:\/\/www.archivio-affarinternazionali.it\/archivio\/wp-json\/wp\/v2\/users\/42"}],"replies":[{"embeddable":true,"href":"https:\/\/www.archivio-affarinternazionali.it\/archivio\/wp-json\/wp\/v2\/comments?post=80513"}],"version-history":[{"count":5,"href":"https:\/\/www.archivio-affarinternazionali.it\/archivio\/wp-json\/wp\/v2\/posts\/80513\/revisions"}],"predecessor-version":[{"id":80550,"href":"https:\/\/www.archivio-affarinternazionali.it\/archivio\/wp-json\/wp\/v2\/posts\/80513\/revisions\/80550"}],"wp:featuredmedia":[{"embeddable":true,"href":"https:\/\/www.archivio-affarinternazionali.it\/archivio\/wp-json\/wp\/v2\/media\/80516"}],"wp:attachment":[{"href":"https:\/\/www.archivio-affarinternazionali.it\/archivio\/wp-json\/wp\/v2\/media?parent=80513"}],"wp:term":[{"taxonomy":"category","embeddable":true,"href":"https:\/\/www.archivio-affarinternazionali.it\/archivio\/wp-json\/wp\/v2\/categories?post=80513"},{"taxonomy":"post_tag","embeddable":true,"href":"https:\/\/www.archivio-affarinternazionali.it\/archivio\/wp-json\/wp\/v2\/tags?post=80513"}],"curies":[{"name":"wp","href":"https:\/\/api.w.org\/{rel}","templated":true}]}}