{"id":80561,"date":"2020-04-15T00:14:16","date_gmt":"2020-04-14T22:14:16","guid":{"rendered":"https:\/\/www.archivio-affarinternazionali.it\/archivio\/?p=80561"},"modified":"2020-07-15T18:34:33","modified_gmt":"2020-07-15T16:34:33","slug":"ecco-perche-scelgo-ancora-joe-lendorsement-di-obama","status":"publish","type":"post","link":"https:\/\/www.archivio-affarinternazionali.it\/archivio\/2020\/04\/ecco-perche-scelgo-ancora-joe-lendorsement-di-obama\/","title":{"rendered":"&#8220;Ecco perch\u00e9 scelgo ancora Joe&#8221;: l&#8217;endorsement di Obama"},"content":{"rendered":"<p class=\"p1\">&#8220;Scegliere Joe come mio vice \u00e8 stata una delle scelte migliori che io abbia mai fatto. Da allora \u00e8 diventato un amico. E oggi sono convinto che abbia tutte le qualit\u00e0 di cui ha bisogno il presidente&#8221; degli Stati Uniti. Ventiquattro ore dopo l&#8217;endorsement in collegamento video di <a href=\"https:\/\/www.archivio-affarinternazionali.it\/archivio\/2020\/04\/il-significato-del-ritiro-di-sanders\/\" target=\"_blank\" rel=\"noopener\"><strong>Bernie Sanders<\/strong><\/a> &#8211; che una settimana fa aveva gi\u00e0 sospeso la campagna elettorale, ecco che anche <strong>Barack Obama<\/strong> dichiara il suo sostegno a Joe Biden come <strong>candidato federatore <\/strong>del\u00a0campo democratico\u00a0per battere Donald Trump a novembre.<\/p>\n<p class=\"p1\">Nel suo videomessaggio, Obama ha passato in rassegna tutti i momenti della vita pubblica &#8211; in particolare al suo fianco, alla Casa Bianca &#8211; e privata che hanno fatto di Joe Biden il <strong>miglior candidato<\/strong> in questi tempi cos\u00ec difficili. &#8220;Joe ha il carattere e l&#8217;esperienza per guidarci&#8221; in questo momento; &#8220;e so per certo che si circonder\u00e0 di ottime persone &#8211; esperti, scienziati, ufficiali militari che sanno davvero come si governa, che hanno a cuore un lavoro fatto per bene e mettono l\u2019interesse degli americani al di sopra del proprio&#8221;. Una delle varie stoccate all&#8217;indirizzo del presidente <strong>Donald Trump<\/strong>, mai nominato negli oltre 12 minuti di video dal suo predecessore.<\/p>\n<p class=\"p1\">Obama ha avuto parole lusinghiere per tutto il lotto di pretendenti democratici alla <em>nomination<\/em> che s&#8217;\u00e8 sfidato nell&#8217;ultimo anno (e che legittima ulteriormente l&#8217;unit\u00e0 del partito attorno a Biden), e in particolare per Bernie Sanders, quello che fra tutti \u00e8 arrivato pi\u00f9 lontano. &#8220;Bernie ha dedicato tutta la sua vita a far da megafono alle speranze, ai sogni e alle frustrazioni dei lavoratori americani&#8221;.<\/p>\n<p class=\"p1\">L&#8217;ex presidente democratico si era mantenuto <em>super partes<\/em> fino ad ora, senza mai far campagna nelle primarie o anche solo dichiarare la propria preferenza per il suo ex vice &#8211; come fatto invece da autorevoli esponenti dell&#8217;amministrazione, tra cui l&#8217;ex segretario di Stato <strong>John Kerry<\/strong>. L&#8217;endorsement \u00e8 stato accelerato dal passo indietro di Sanders e dal suo sostengo a Biden. Cos\u00ec \u00e8 per molti pi\u00f9 chiaro il quadro che si era delineato all&#8217;indomani delle primarie in South Carolina (le prime vinte da Biden dopo una serie di sconfitte), quando, alla vigilia del <i>Super Tuesday<\/i> due moderati come <strong>Pete Buttigieg<\/strong> e <strong>Amy Klobuchar<\/strong> si ritirarono a sorpresa dalla corsa per sostenere Biden. Qualcuno &#8211; anche sulle nostre pagine &#8211; parl\u00f2 allora di <a href=\"https:\/\/www.archivio-affarinternazionali.it\/archivio\/2020\/03\/biden-ecco-il-candidato-democratico-che-sfidera-trump\/\" target=\"_blank\" rel=\"noopener\"><strong>regia di Barack Obama<\/strong><\/a>. E lo stesso fu detto per la scelta di Sanders di sospendere la campagna, appena una settimana fa. Un&#8217;interpretazione che appare confermata dai titoli di coda della stagione delle primarie democratiche.<\/p>\n<p><strong>GUARDA IL VIDEO DELL&#8217;ENDORSEMENT DI OBAMA:<\/strong><\/p>\n<div align=\"center\"><iframe loading=\"lazy\" src=\"https:\/\/www.youtube.com\/embed\/5-s3ANu4eMs\" width=\"640\" height=\"360\" frameborder=\"0\" allowfullscreen=\"allowfullscreen\"><span data-mce-type=\"bookmark\" style=\"display: inline-block; width: 0px; overflow: hidden; line-height: 0;\" class=\"mce_SELRES_start\">\ufeff<\/span><span data-mce-type=\"bookmark\" style=\"display: inline-block; width: 0px; overflow: hidden; line-height: 0;\" class=\"mce_SELRES_start\">\ufeff<\/span><\/iframe><\/div>\n","protected":false},"excerpt":{"rendered":"<p>&#8220;Scegliere Joe come mio vice \u00e8 stata una delle scelte migliori che io abbia mai fatto. Da allora \u00e8 diventato un amico. E oggi sono convinto che abbia tutte le qualit\u00e0 di cui ha bisogno il presidente&#8221; degli Stati Uniti. Ventiquattro ore dopo l&#8217;endorsement in collegamento video di Bernie Sanders &#8211; che una settimana fa [&hellip;]<\/p>\n","protected":false},"author":39,"featured_media":80562,"comment_status":"closed","ping_status":"closed","sticky":false,"template":"","format":"standard","meta":{"footnotes":""},"categories":[9],"tags":[1616,102,1582,422,922],"_links":{"self":[{"href":"https:\/\/www.archivio-affarinternazionali.it\/archivio\/wp-json\/wp\/v2\/posts\/80561"}],"collection":[{"href":"https:\/\/www.archivio-affarinternazionali.it\/archivio\/wp-json\/wp\/v2\/posts"}],"about":[{"href":"https:\/\/www.archivio-affarinternazionali.it\/archivio\/wp-json\/wp\/v2\/types\/post"}],"author":[{"embeddable":true,"href":"https:\/\/www.archivio-affarinternazionali.it\/archivio\/wp-json\/wp\/v2\/users\/39"}],"replies":[{"embeddable":true,"href":"https:\/\/www.archivio-affarinternazionali.it\/archivio\/wp-json\/wp\/v2\/comments?post=80561"}],"version-history":[{"count":5,"href":"https:\/\/www.archivio-affarinternazionali.it\/archivio\/wp-json\/wp\/v2\/posts\/80561\/revisions"}],"predecessor-version":[{"id":80588,"href":"https:\/\/www.archivio-affarinternazionali.it\/archivio\/wp-json\/wp\/v2\/posts\/80561\/revisions\/80588"}],"wp:featuredmedia":[{"embeddable":true,"href":"https:\/\/www.archivio-affarinternazionali.it\/archivio\/wp-json\/wp\/v2\/media\/80562"}],"wp:attachment":[{"href":"https:\/\/www.archivio-affarinternazionali.it\/archivio\/wp-json\/wp\/v2\/media?parent=80561"}],"wp:term":[{"taxonomy":"category","embeddable":true,"href":"https:\/\/www.archivio-affarinternazionali.it\/archivio\/wp-json\/wp\/v2\/categories?post=80561"},{"taxonomy":"post_tag","embeddable":true,"href":"https:\/\/www.archivio-affarinternazionali.it\/archivio\/wp-json\/wp\/v2\/tags?post=80561"}],"curies":[{"name":"wp","href":"https:\/\/api.w.org\/{rel}","templated":true}]}}