{"id":80599,"date":"2020-04-15T13:31:12","date_gmt":"2020-04-15T11:31:12","guid":{"rendered":"https:\/\/www.archivio-affarinternazionali.it\/archivio\/?p=80599"},"modified":"2020-04-17T11:56:04","modified_gmt":"2020-04-17T09:56:04","slug":"obama-regista-della-candidatura-di-biden-per-abbattere-trump","status":"publish","type":"post","link":"https:\/\/www.archivio-affarinternazionali.it\/archivio\/2020\/04\/obama-regista-della-candidatura-di-biden-per-abbattere-trump\/","title":{"rendered":"Obama regista della candidatura di Biden"},"content":{"rendered":"<p>L&#8217;<a href=\"https:\/\/www.archivio-affarinternazionali.it\/archivio\/2020\/04\/ecco-perche-scelgo-ancora-joe-lendorsement-di-obama\/\" target=\"_blank\" rel=\"noopener\"><strong>endorsement di Barack Obama<\/strong><\/a> alla candidatura democratica di <strong>Joe Biden<\/strong> &#8211; &#8220;sono orgoglioso di sostenerlo come presidente degli Stati Uniti&#8221; &#8211; \u00e8 molto pi\u00f9 di un semplice appoggio dell&#8217;ultima ora all&#8217;amico, dopo che l&#8217;ostinato <a href=\"https:\/\/www.archivio-affarinternazionali.it\/archivio\/2020\/04\/il-significato-del-ritiro-di-sanders\/\" target=\"_blank\" rel=\"noopener\"><strong>Bernie Sanders<\/strong><\/a> ha gettato la spugna a favore del concorrente &#8220;moderato&#8221;.<\/p>\n<p>Obama \u00e8 stato il <strong>regista della candidatura di Biden<\/strong> fin dai primi giorni della corsa presidenziale. Non solo e non tanto perch\u00e9 legato personalmente al suo vice di cui negli otto anni della Casa Bianca ha apprezzato le qualit\u00e0 &#8211; &#8220;conoscenza, esperienza, onest\u00e0, umilt\u00e0&#8221; &#8211; quanto per la sua <strong>linea politica di centro-sinistra pragmatico<\/strong> di cui egli stesso era stato l&#8217;interprete negli anni in cui ha guidato la nazione.<\/p>\n<p>Pi\u00f9 volte Obama aveva indicato agli elettori delle primarie democratiche la necessit\u00e0 che per vincere la presidenza occorresse mettere insieme una <a href=\"https:\/\/www.archivio-affarinternazionali.it\/archivio\/2020\/03\/perche-ha-vinto-biden\/\" target=\"_blank\" rel=\"noopener\"><strong>larga coalizione<\/strong><\/a> formata dalla <em>working class<\/em> bianca, dagli afroamericani e latinos, oltre che dai <em>liberal<\/em> e dagli &#8220;urbani&#8221; progressisti naturali oppositori di Trump.<\/p>\n<p>Biden, per la storia nel partito e in Congresso, era il candidato a cui pi\u00f9 d&#8217;ogni altro poteva essere riconosciuta la capacit\u00e0 di costruire una tale coalizione con l&#8217;<strong>obiettivo della vittoria<\/strong>. L&#8217;irruzione della <a href=\"https:\/\/www.archivio-affarinternazionali.it\/archivio\/speciali\/limpatto-del-coronavirus-covid-19\/\" target=\"_blank\" rel=\"noopener\"><strong>pandemia<\/strong><\/a> aveva ancor pi\u00f9 convalidato la necessit\u00e0 che il democratico alla Casa bianca fosse un leader politicamente attrezzato a realizzare una svolta pragmatica &#8211; non velleitaria &#8211; nel <strong>welfare<\/strong>, per i poveri e i marginali, e a favore della classe media impoverita.<\/p>\n<p>Se questi sono i motivi politici dell&#8217;azione svolta dietro le quinte che Obama ha condotto per affermare la candidatura di Biden, c&#8217;\u00e8 da chiedersi perch\u00e9 mai l&#8217;ex-presidente non abbia sostenuto, in un momento cos\u00ec drammatico per i poveri americani, <strong>il radicale Sanders<\/strong>, il prototipo di una politica a sostegno degli ultimi e contro i ricchi.<\/p>\n<p>Nel riconoscere le doti <em>liberal<\/em> di Sanders \u2013 &#8220;un americano originale che ha dato voce alle speranze, ai drammi e alle frustrazioni della classe lavoratrice&#8221; &#8211; Obama ha ritenuto che un&#8217;impostazione &#8220;<strong>rivoluzionaria<\/strong>&#8221; della campagna democratica avrebbe difficilmente avuto successo nell&#8217;America in cui per vincere la partita il sistema bipartitico impone la <strong>conquista dell&#8217;elettorato oscillante<\/strong>.<\/p>\n<p>Sanders rappresentava l&#8217;ultima espressione portata a livello istituzionale di quei <strong>movimenti radicali<\/strong>\u00a0come\u00a0<a href=\"http:\/\/occupywallst.org\" target=\"_blank\" rel=\"noopener\"><em>Occupy Wall Street<\/em><\/a>\u00a0che si erano sviluppati in reazione alla politica di Obama considerata troppo prudente. Movimenti pi\u00f9 o meno ideologici, di notevole significato sociale ed economico, ma con scarse possibilit\u00e0 di successo in Congresso come la battaglia per l&#8217;<em>Obamacare<\/em> testimonia.<\/p>\n<p>Oggi, dopo la <a href=\"https:\/\/www.bloomberg.com\/news\/articles\/2020-03-02\/trump-urges-calm-on-virus-yet-u-s-shows-signs-of-vulnerability\" target=\"_blank\" rel=\"noopener\"><strong>dissennata gestione della pandemia da parte di Trump<\/strong><\/a>, la riconquista della Casa Bianca da parte dei democratici pu\u00f2 divenire realistica solo se, accanto alle potenziali capacit\u00e0 attrattive di Biden, si mobilitano anche quei settori giovanili e radicali che hanno creduto nelle sfide di Sanders.<\/p>\n<p>Ed a ci\u00f2 tende la regia di Obama che, per sconfiggere quel <strong>Trump<\/strong>\u00a0&#8211; che &#8220;ha stracciato i principi dello Stato di diritto, della trasparenza e dei diritti al voto&#8221; &#8211; ha rivolto un <strong>appello all&#8217;unit\u00e0<\/strong> di tutte le correnti democratiche al fine di <strong>&#8220;rendere l\u2019America una societ\u00e0 pi\u00f9 giusta e pi\u00f9 equa&#8221;<\/strong>.<\/p>\n","protected":false},"excerpt":{"rendered":"<p>L&#8217;endorsement di Barack Obama alla candidatura democratica di Joe Biden &#8211; &#8220;sono orgoglioso di sostenerlo come presidente degli Stati Uniti&#8221; &#8211; \u00e8 molto pi\u00f9 di un semplice appoggio dell&#8217;ultima ora all&#8217;amico, dopo che l&#8217;ostinato Bernie Sanders ha gettato la spugna a favore del concorrente &#8220;moderato&#8221;. Obama \u00e8 stato il regista della candidatura di Biden fin [&hellip;]<\/p>\n","protected":false},"author":39,"featured_media":80600,"comment_status":"closed","ping_status":"closed","sticky":false,"template":"","format":"standard","meta":{"footnotes":""},"categories":[2026,9],"tags":[1616,2077,656,102,1582,422,922],"_links":{"self":[{"href":"https:\/\/www.archivio-affarinternazionali.it\/archivio\/wp-json\/wp\/v2\/posts\/80599"}],"collection":[{"href":"https:\/\/www.archivio-affarinternazionali.it\/archivio\/wp-json\/wp\/v2\/posts"}],"about":[{"href":"https:\/\/www.archivio-affarinternazionali.it\/archivio\/wp-json\/wp\/v2\/types\/post"}],"author":[{"embeddable":true,"href":"https:\/\/www.archivio-affarinternazionali.it\/archivio\/wp-json\/wp\/v2\/users\/39"}],"replies":[{"embeddable":true,"href":"https:\/\/www.archivio-affarinternazionali.it\/archivio\/wp-json\/wp\/v2\/comments?post=80599"}],"version-history":[{"count":6,"href":"https:\/\/www.archivio-affarinternazionali.it\/archivio\/wp-json\/wp\/v2\/posts\/80599\/revisions"}],"predecessor-version":[{"id":80606,"href":"https:\/\/www.archivio-affarinternazionali.it\/archivio\/wp-json\/wp\/v2\/posts\/80599\/revisions\/80606"}],"wp:featuredmedia":[{"embeddable":true,"href":"https:\/\/www.archivio-affarinternazionali.it\/archivio\/wp-json\/wp\/v2\/media\/80600"}],"wp:attachment":[{"href":"https:\/\/www.archivio-affarinternazionali.it\/archivio\/wp-json\/wp\/v2\/media?parent=80599"}],"wp:term":[{"taxonomy":"category","embeddable":true,"href":"https:\/\/www.archivio-affarinternazionali.it\/archivio\/wp-json\/wp\/v2\/categories?post=80599"},{"taxonomy":"post_tag","embeddable":true,"href":"https:\/\/www.archivio-affarinternazionali.it\/archivio\/wp-json\/wp\/v2\/tags?post=80599"}],"curies":[{"name":"wp","href":"https:\/\/api.w.org\/{rel}","templated":true}]}}