{"id":81018,"date":"2020-04-25T06:00:46","date_gmt":"2020-04-25T04:00:46","guid":{"rendered":"https:\/\/www.archivio-affarinternazionali.it\/archivio\/?p=81018"},"modified":"2020-04-29T07:40:24","modified_gmt":"2020-04-29T05:40:24","slug":"il-25-aprile-del-ventunesimo-secolo","status":"publish","type":"post","link":"https:\/\/www.archivio-affarinternazionali.it\/archivio\/2020\/04\/il-25-aprile-del-ventunesimo-secolo\/","title":{"rendered":"Il 25 aprile del ventunesimo secolo"},"content":{"rendered":"<p>Si sente spesso proclamare <a href=\"https:\/\/www.archivio-affarinternazionali.it\/archivio\/2020\/04\/la-pandemia-e-rischi-per-la-sicurezza-internazionale\/\" target=\"_blank\" rel=\"noopener\"><strong>la fine di un ordine internazionale e l&#8217;inizio del nuovo<\/strong><\/a>, attribuendo a un evento specifico il segno che marca incontrovertibilmente il concatenarsi di una fine e di un nuovo inizio. Eppure quasi sempre constatiamo, con il senno di poi, che cos\u00ec non \u00e8 stato. Gli ordini internazionali, quei complessi amalgami di potere, istituzioni, regole e norme che governano le relazioni tra paesi, regioni e popoli, sono molto <strong>pi\u00f9 resistenti di quanto non immaginiamo<\/strong>. Ed \u00e8 la loro complessit\u00e0 che spiega perch\u00e9 la loro sorte raramente dipende da un evento specifico, per quanto cataclismico esso sia.<\/p>\n<p><strong>Fu cos\u00ec nel secolo scorso<\/strong>. La <strong>Prima guerra mondiale<\/strong> fu un evento devastante che distrusse e sconvolse le vite di milioni. Eppure <strong>non gener\u00f2 un nuovo ordine<\/strong>. Al contrario, diede vita ad eccessi pi\u00f9 brutali di quelli provocati dall&#8217;ordine uscente.<\/p>\n<p>Passarono quasi tre decenni di transizione fatta di totalitarismi, depressione e una nuova guerra mondiale, per arrivare al <strong>25 aprile 1945<\/strong> e dar vita a una reale ricostruzione, a un reale <strong>nuovo ordine mondiale<\/strong>.<\/p>\n<p><strong>La stessa dinamica potrebbe ripetersi oggi<\/strong>. La <strong>crisi finanziaria del 2008<\/strong>, seguita dalla crisi economica, che ha colpito in particolare l&#8217;Eurozona, doveva segnare la fine di un&#8217;era in cui l&#8217;unipolarit\u00e0 statunitense e gli eccessi del liberalismo avevano dato vita ad una globalizzazione priva di regole e all&#8217;aumento delle disuguaglianze fra i singoli Paesi e all&#8217;interno dei singoli Paesi. Ma <strong>cos\u00ec non \u00e8 stato<\/strong>. Al posto di un ripensamento profondo dei sistemi politici, sociali ed economici abbiamo vissuto, soprattutto nel mondo occidentale, gli eccessi del nazional populismo con gli attacchi frontali alla competenza, al multilateralismo, al progetto europeo e alla democrazia stessa.<\/p>\n<p>Ora il <strong>Covid-19<\/strong> presenta l&#8217;opportunit\u00e0 di un reale <strong>nuovo inizio<\/strong>, di una reale ricostruzione: il <strong>25 aprile del ventunesimo secolo<\/strong>.<\/p>\n<p>Quest&#8217;anno le celebrazioni del 25 aprile coincidono con i <strong>primi segnali di superamento della fase pi\u00f9 drammatica<\/strong> di una emergenza sanitaria senza precedenti che ha colpito l&#8217;Italia, l&#8217;Europa e il resto del mondo. Una <a href=\"https:\/\/www.archivio-affarinternazionali.it\/archivio\/speciali\/limpatto-del-coronavirus-covid-19\/\" target=\"_blank\" rel=\"noopener\"><strong>pandemia<\/strong><\/a> che ha gi\u00e0 provocato fin troppe morti, che ha messo a dura prova il nostro sistema sanitario, che ha costretto gli italiani a un isolamento forzato. E che rischia ora di produrre conseguenze devastanti sul tessuto produttivo, sull&#8217;economia del Paese e sulle condizioni di vita degli italiani.<\/p>\n<p>Nel passato questa data ha segnato un&#8217;occasione del tutto speciale per ricordare la<strong> fine di un periodo tragico<\/strong> della storia recente del Paese, e la cessazione di un conflitto che aveva lasciato tracce profonde sulla societ\u00e0 e sull&#8217;economia. Ma il 25 Aprile \u00e8 anche la data che ha segnato l\u2019inizio di una ripresa di cui siamo tutti stati giustamente orgogliosi, di una nuova fase che ha portato l&#8217;Italia sulla strada della democrazia, della modernit\u00e0, della crescita economica e del benessere diffuso.<\/p>\n<p>Il <strong>25 aprile del 2020<\/strong> dovr\u00e0 essere ricordato come la data di una <strong>nuova ripresa<\/strong>. La data a partire dalla quale si potr\u00e0 ricominciare a guardare con serenit\u00e0 e fiducia al futuro. In cui si potr\u00e0 recuperare quello <strong>spirito<\/strong> che nel 1945 ci consent\u00ec di ripartire dalle macerie delle Seconda guerra mondiale per ricostruire un Paese distrutto e diviso, e costruire un&#8217;<a href=\"https:\/\/www.archivio-affarinternazionali.it\/archivio\/2020\/04\/italia-e-germania-insieme-per-una-risposta-globale-a-guida-europea\/\" target=\"_blank\" rel=\"noopener\"><strong>Europa unita<\/strong><\/a>.<\/p>\n<p>Non sar\u00e0 facile perch\u00e9 questa pandemia ci lascer\u00e0 con meno risorse di prima; ci costringer\u00e0 a rivedere modelli di comportamento, consumi e stili di vita; e ci imporr\u00e0 di sperimentare nuove modalit\u00e0 di lavoro. Ci possiamo riuscire se sapremo trovare <strong>le ragioni e le motivazioni del 25 aprile 1945<\/strong>.<\/p>\n<p>Anche per lo <strong>IAI<\/strong> il futuro si presenta con non poche incertezze. Guardiamo comunque con ottimismo al futuro nella convinzione che, anche nel mondo post Covid 19, ci sar\u00e0 bisogno pi\u00f9 che mai di un <strong><em>think tank<\/em> indipendente<\/strong>, come appunto il nostro Istituto, che continui ad analizzare il quadro europeo e internazionale e le rispettive dinamiche, in un contesto sicuramente fortemente connotato dall&#8217;impatto della pandemia.<\/p>\n<p>Stiamo gi\u00e0 aggiornando i contenuti di programmi e progetti. Abbiamo gi\u00e0 sperimentato con successo nuove modalit\u00e0 di comunicazione. Ci ripromettiamo di raggiungere un pubblico sempre pi\u00f9 numeroso proprio grazie alle nuove piattaforme digitali sempre pi\u00f9 utilizzate per superare l&#8217;isolamento fisico.<\/p>\n<p><strong>In una parola vogliamo anche noi contribuire, con l&#8217;ottimismo della volont\u00e0 ma anche della ragione, affinch\u00e9 questo diventi il 25 aprile del ventunesimo secolo<\/strong>.<\/p>\n","protected":false},"excerpt":{"rendered":"<p>Si sente spesso proclamare la fine di un ordine internazionale e l&#8217;inizio del nuovo, attribuendo a un evento specifico il segno che marca incontrovertibilmente il concatenarsi di una fine e di un nuovo inizio. Eppure quasi sempre constatiamo, con il senno di poi, che cos\u00ec non \u00e8 stato. Gli ordini internazionali, quei complessi amalgami di [&hellip;]<\/p>\n","protected":false},"author":39,"featured_media":81027,"comment_status":"closed","ping_status":"closed","sticky":false,"template":"","format":"standard","meta":{"footnotes":""},"categories":[2026,9],"tags":[2272,2077,1176,140],"_links":{"self":[{"href":"https:\/\/www.archivio-affarinternazionali.it\/archivio\/wp-json\/wp\/v2\/posts\/81018"}],"collection":[{"href":"https:\/\/www.archivio-affarinternazionali.it\/archivio\/wp-json\/wp\/v2\/posts"}],"about":[{"href":"https:\/\/www.archivio-affarinternazionali.it\/archivio\/wp-json\/wp\/v2\/types\/post"}],"author":[{"embeddable":true,"href":"https:\/\/www.archivio-affarinternazionali.it\/archivio\/wp-json\/wp\/v2\/users\/39"}],"replies":[{"embeddable":true,"href":"https:\/\/www.archivio-affarinternazionali.it\/archivio\/wp-json\/wp\/v2\/comments?post=81018"}],"version-history":[{"count":5,"href":"https:\/\/www.archivio-affarinternazionali.it\/archivio\/wp-json\/wp\/v2\/posts\/81018\/revisions"}],"predecessor-version":[{"id":81029,"href":"https:\/\/www.archivio-affarinternazionali.it\/archivio\/wp-json\/wp\/v2\/posts\/81018\/revisions\/81029"}],"wp:featuredmedia":[{"embeddable":true,"href":"https:\/\/www.archivio-affarinternazionali.it\/archivio\/wp-json\/wp\/v2\/media\/81027"}],"wp:attachment":[{"href":"https:\/\/www.archivio-affarinternazionali.it\/archivio\/wp-json\/wp\/v2\/media?parent=81018"}],"wp:term":[{"taxonomy":"category","embeddable":true,"href":"https:\/\/www.archivio-affarinternazionali.it\/archivio\/wp-json\/wp\/v2\/categories?post=81018"},{"taxonomy":"post_tag","embeddable":true,"href":"https:\/\/www.archivio-affarinternazionali.it\/archivio\/wp-json\/wp\/v2\/tags?post=81018"}],"curies":[{"name":"wp","href":"https:\/\/api.w.org\/{rel}","templated":true}]}}