{"id":81051,"date":"2020-04-26T12:15:53","date_gmt":"2020-04-26T10:15:53","guid":{"rendered":"https:\/\/www.archivio-affarinternazionali.it\/archivio\/?p=81051"},"modified":"2020-04-26T12:15:53","modified_gmt":"2020-04-26T10:15:53","slug":"non-solo-new-york-citta-covid","status":"publish","type":"post","link":"https:\/\/www.archivio-affarinternazionali.it\/archivio\/2020\/04\/non-solo-new-york-citta-covid\/","title":{"rendered":"New York ma non solo: le citt\u00e0 in prima linea contro il Covid-19"},"content":{"rendered":"<p>Insieme agli Stati e alle maggiori organizzazioni multilaterali che cercano, quotidianamente, di <a href=\"https:\/\/www.archivio-affarinternazionali.it\/archivio\/speciali\/limpatto-del-coronavirus-covid-19\/\" target=\"_blank\" rel=\"noopener\">contrastare la diffusione del Covid-19<\/a>, un vecchio elemento si affaccia sulla comunit\u00e0 internazionale: <strong>le citt\u00e0<\/strong>. L\u2019esempio di <strong>New York<\/strong>, il cui governatore <strong>Andrew Cuomo<\/strong> \u00e8 in aperto conflitto con il presidente americano <strong>Donald Trump<\/strong>, dimostra chiaramente la tendenza in atto, proteggere le vite dei propri cittadini.<\/p>\n<p>Il trend qui evidenziato si rif\u00e0 a <strong>grandi reti che coinvolgono citt\u00e0 europee e internazionali da decenni<\/strong>. Si pensi al <strong><a href=\"https:\/\/www.pattodeisindaci.eu\/\" target=\"_blank\" rel=\"noopener\">Patto dei Sindaci<\/a><\/strong>, un\u2019iniziativa lanciata dalla Commissione europea nel 2008 per attivare a livello municipale iniziative concertate contro il cambiamento climatico. In modo analogo, la <em><a href=\"https:\/\/www.c40.org\/\" target=\"_blank\" rel=\"noopener\">C40 Cities Climate Leadership Group<\/a><\/em> (comunemente C40), nata nel 2005, \u00e8 uno dei maggiori gruppi di citt\u00e0 dedicati alla realizzazione di un <strong>futuro sostenibile<\/strong>.<\/p>\n<p>Ci\u00f2 che emerge da questa breve panoramica \u00e8 la crescente necessit\u00e0 <strong>di intraprendere localmente azioni collettive<\/strong>, al fine di trovare soluzioni efficaci a problemi che coinvolgono il mondo intero. Attraverso la condivisione di conoscenze e di pratiche innovative, la previsione \u00e8 proprio quella di facilitare l\u2019attuazione di politiche capaci di rispondere in maniera adeguata alle sfide fronteggiate globalmente.<\/p>\n<p><strong>L\u2019importanza delle metropoli nelle gestioni delle pandemie<\/strong><\/p>\n<p>Considerate le caratteristiche tipiche dei virus e delle pandemie che si portano appresso, <a href=\"https:\/\/www.weforum.org\/agenda\/2020\/03\/how-should-cities-prepare-for-coronavirus-pandemics\/\" target=\"_blank\" rel=\"noopener\">la preparazione delle citt\u00e0<\/a> nel ridurre i conseguenti effetti disastrosi pu\u00f2 essere fondamentale. Pi\u00f9 precisamente, due aspetti rappresentano i pilastri portanti di questo contesto. Da un lato, si sottolinea l\u2019<strong>alta densit\u00e0 abitativa <\/strong>e l\u2019<strong>incessante mobilit\u00e0 delle persone <\/strong>\u2013 veicoli fondamentali per la diffusione dei virus; dall\u2019altro si evidenzia lo sviluppo urbano, con particolare attenzione alla gestione delle strutture sanitarie e alla presenza di disuguaglianze tra i cittadini, fattori capaci di arrestare o favorire la propagazione degli stessi virus.<\/p>\n<p>Perci\u00f2, diventa cruciale per le citt\u00e0 avere programmi, personale e risorse capaci di valutare lo stato dei virus, adottando, di conseguenza, le migliori soluzioni per assistere i propri cittadini. A questi elementi si aggiungono adeguati laboratori e una generale organizzazione capace di dettare un efficace piano di emergenza.<\/p>\n<p>Sulla scia di questi elementi, e in risposta alle incerte decisioni da parte dei governi nazionali e delle organizzazioni internazionali, molte citt\u00e0 hanno deciso di prendere in mano le redini della gestione del Covid-19. <a href=\"https:\/\/www.archivio-affarinternazionali.it\/archivio\/blogpost\/219-new-york-rinvia-primarie-e-litiga-con-trump\/\" target=\"_blank\" rel=\"noopener\">La gi\u00e0 citata rottura<\/a> sulle strategie da adottare tra New York e Trump fa da cassa di risonanza a un importante movimento, il quale si sta organizzando in modo sempre pi\u00f9 armonizzato di fronte a questa emergenza.<\/p>\n<p><strong>Milano, Torino, Osan<\/strong><br \/>\nUna delle reazioni pi\u00f9 forti al Covid-19 vede il sindaco di <strong>Milano<\/strong>, <a href=\"https:\/\/www.comune.milano.it\/-\/coronavirus.-il-sindaco-sala-a-capo-della-task-force-c40-per-contrastare-la-crisi-economica-generata-dalla-pandemia\" target=\"_blank\" rel=\"noopener\">Giuseppe Sala<\/a>, a capo della \u2018unit\u00e0 operativa dei sindaci del mondo per la ripresa post Covid-19\u2019 della rete C40. Milano, parte della regione pi\u00f9 gravemente colpita dal Covid-19 in Italia, dimostra la ferma convinzione di voler contribuire a una veloce ripresa economica. Per questo, la priorit\u00e0 dei sindaci parte della rete \u00e8 quella di garantire la salute dei cittadini, permettendo loro di tornare a lavorare in citt\u00e0 sostenibili e sane. Attraverso la <strong>condivisione di saperi ed esperienze<\/strong>, e a una comune strategia di coordinamento, il gruppo di citt\u00e0 punta a contenere la diffusione del virus e a sviluppare sistemi sanitari capaci di resistere alle sfide del futuro.<\/p>\n<p>Non solo. Anche a livello Onu, l\u2019agenzia <strong>Unesco<\/strong> ha deciso di <a href=\"https:\/\/uil.unesco.org\/unesco-learning-cities-and-responses-covid-19-outcomes-webinar-24-march\" target=\"_blank\" rel=\"noopener\">organizzare webinar<\/a> per divulgare le strategie adottate dalle citt\u00e0 in risposta alla pandemia. Anche in questo caso, l\u2019obiettivo \u00e8 condividere conoscenze e opportunit\u00e0. Tra i molti esempi proposti saltano subito all\u2019occhio il caso di <strong>Osan<\/strong>, in Corea del Sud, e di <strong>Torino<\/strong>. Il sindaco di Osan, Kwak Sang Wook, in uno dei territori che per primo \u00e8 stato colpito dal virus, ha puntato sulla promozione di buone pratiche, come indossare mascherine protettive, e sul supporto a famiglie in particolare difficolt\u00e0. Similmente, Isabella Calvagna, dei servizi educativi del Comune di Torino, si \u00e8 impegnata a fornire sostegno alle scuole, impegnate nella didattica a distanza, migliorando per esempio la banda Internet e aiutando gli insegnati a gestire questa diversa forma di insegnamento.<\/p>\n<p>Da sempre le citt\u00e0 rappresentano il primo elemento con cui i cittadini possono confrontarsi per vedersi riconoscere i propri diritti. In questa emergenza globale, che vede al centro la salute delle persone e a cascata altri diritti, come quello al lavoro, le citt\u00e0 vogliono mantenere e rafforzare questo ruolo. Superando la cooperazione tra gli Stati \u2013 a tratti difficile -, le metropoli del mondo si stanno preparando ad affrontare questa pandemia e i suoi strascichi, dimostrando di essere un <strong>elemento indispensabile sia a livello locale che internazionale<\/strong>.<\/p>\n<p>***<\/p>\n<p><em><a href=\"https:\/\/www.archivio-affarinternazionali.it\/archivio\/category\/news\/cara-ai-ti-scrivo\/\"><strong>\u201cCara AI Ti Scrivo\u201d<\/strong><\/a>\u00a0\u00e8 la rubrica che offre ai pi\u00f9 giovani (studenti, laureandi, neolaureati e stagisti) la possibilit\u00e0 di cimentarsi con analisi e commenti sulla politica internazionale. Mandateci le vostre proposte:\u00a0<a href=\"mailto:affarinternazionali@iai.it\">affarinternazionali@iai.it<\/a>.<\/em><\/p>\n","protected":false},"excerpt":{"rendered":"<p>Insieme agli Stati e alle maggiori organizzazioni multilaterali che cercano, quotidianamente, di contrastare la diffusione del Covid-19, un vecchio elemento si affaccia sulla comunit\u00e0 internazionale: le citt\u00e0. L\u2019esempio di New York, il cui governatore Andrew Cuomo \u00e8 in aperto conflitto con il presidente americano Donald Trump, dimostra chiaramente la tendenza in atto, proteggere le vite [&hellip;]<\/p>\n","protected":false},"author":22,"featured_media":81052,"comment_status":"closed","ping_status":"closed","sticky":false,"template":"","format":"standard","meta":{"footnotes":""},"categories":[2235],"tags":[2277,2077,2160,2278,2276,728,2273,2275,2274],"_links":{"self":[{"href":"https:\/\/www.archivio-affarinternazionali.it\/archivio\/wp-json\/wp\/v2\/posts\/81051"}],"collection":[{"href":"https:\/\/www.archivio-affarinternazionali.it\/archivio\/wp-json\/wp\/v2\/posts"}],"about":[{"href":"https:\/\/www.archivio-affarinternazionali.it\/archivio\/wp-json\/wp\/v2\/types\/post"}],"author":[{"embeddable":true,"href":"https:\/\/www.archivio-affarinternazionali.it\/archivio\/wp-json\/wp\/v2\/users\/22"}],"replies":[{"embeddable":true,"href":"https:\/\/www.archivio-affarinternazionali.it\/archivio\/wp-json\/wp\/v2\/comments?post=81051"}],"version-history":[{"count":1,"href":"https:\/\/www.archivio-affarinternazionali.it\/archivio\/wp-json\/wp\/v2\/posts\/81051\/revisions"}],"predecessor-version":[{"id":81053,"href":"https:\/\/www.archivio-affarinternazionali.it\/archivio\/wp-json\/wp\/v2\/posts\/81051\/revisions\/81053"}],"wp:featuredmedia":[{"embeddable":true,"href":"https:\/\/www.archivio-affarinternazionali.it\/archivio\/wp-json\/wp\/v2\/media\/81052"}],"wp:attachment":[{"href":"https:\/\/www.archivio-affarinternazionali.it\/archivio\/wp-json\/wp\/v2\/media?parent=81051"}],"wp:term":[{"taxonomy":"category","embeddable":true,"href":"https:\/\/www.archivio-affarinternazionali.it\/archivio\/wp-json\/wp\/v2\/categories?post=81051"},{"taxonomy":"post_tag","embeddable":true,"href":"https:\/\/www.archivio-affarinternazionali.it\/archivio\/wp-json\/wp\/v2\/tags?post=81051"}],"curies":[{"name":"wp","href":"https:\/\/api.w.org\/{rel}","templated":true}]}}