{"id":81384,"date":"2020-05-03T10:52:31","date_gmt":"2020-05-03T08:52:31","guid":{"rendered":"https:\/\/www.archivio-affarinternazionali.it\/archivio\/?p=81384"},"modified":"2020-05-07T10:53:20","modified_gmt":"2020-05-07T08:53:20","slug":"guerra-al-covid-19-e-transizione-internazionale","status":"publish","type":"post","link":"https:\/\/www.archivio-affarinternazionali.it\/archivio\/2020\/05\/guerra-al-covid-19-e-transizione-internazionale\/","title":{"rendered":"Guerra al Covid-19 e transizione internazionale"},"content":{"rendered":"<p>\u00c8 stato il Presidente francese, <a href=\"https:\/\/www.archivio-affarinternazionali.it\/archivio\/2020\/03\/macron-siamo-in-guerra-rinviata-la-riforma-delle-pensioni-slitta-il-2-turno-elettorale\/\" target=\"_blank\" rel=\"noopener\"><strong>Emmanuel Macron<\/strong><\/a>, nel discorso alla nazione del 16 marzo 2020, tra i primi capi di stato europei a parlare esplicitamente di una vera e propria <strong>guerra<\/strong> contro la <strong>pandemia Covid-19<\/strong>, quel nemico invisibile e intoccabile la cui avanzata repentina e inesorabile sul fronte europeo ha messo in ginocchio i sistemi sanitari nazionali. Si \u00e8 trattato di un <em><strong>blitzkrieg<\/strong><\/em>.<\/p>\n<p><strong><a href=\"https:\/\/www.archivio-affarinternazionali.it\/archivio\/2020\/04\/covid-19-e-impreparazione-internazionale\/\" target=\"_blank\" rel=\"noopener\">Nessun governo era preparato<\/a><\/strong>. L&#8217;Europa d&#8217;altronde non \u00e8 stata esposta a gravi epidemie in tempi recenti, essendo stata l&#8217;ultima\u00a0l&#8217;influenza spagnola del 1918-1920. La <strong>memoria storica<\/strong> gioca una funzione di prevenzione fondamentale &#8211; si pensi ad esempio all&#8217;antisemitismo o al terrorismo. I nostri sistemi, contrariamente a quelli di molti paesi asiatici, non avevano sufficiente consapevolezza politica per <strong>prevedere, prevenire e rispondere<\/strong> efficacemente alla crisi. Questo ha dato luogo a misure prese tardivamente, rifiuto o sottovalutazione del rischio, cambiamenti repentini di approccio. \u00c8 stato perso tempo prezioso.<\/p>\n<p><strong>Europa senza strategia<br \/>\n<\/strong>\u00c8 mancata inoltre la lucidit\u00e0 di impostare una <strong>strategia<\/strong> <strong>efficace<\/strong>. La migliore sarebbe stata la prevenzione, ma le misure preventive in Europa sono state prese quando il virus era gi\u00e0 in circolo. Si \u00e8 quindi deciso di isolare intere nazioni, bloccando <em>whatever it takes<\/em> i contagi, in una situazione ormai fuori controllo. Ma queste risposte non rientravano in un quadro di pianificazione strategica, come ad esempio <a href=\"https:\/\/www.weforum.org\/agenda\/2020\/03\/south-korea-covid-19-containment-testing\/\">l&#8217;approccio della Corea del Sud<\/a>.<\/p>\n<p>Di conseguenza, \u00e8 mancata anche una <strong>narrativa strategica<\/strong> <strong>chiara<\/strong>, una storia condivisa su come affrontare la sfida e le implicazioni che ne sarebbero derivate, favorendo cos\u00ec un clima di incertezza. Le conseguenze umane della pandemia sono state particolarmente gravi per l&#8217;Italia, a causa del collasso della Lombardia. Le dinamiche che hanno portato alla &#8220;Caporetto lombarda&#8221; dovranno essere chiarite quando l&#8217;emergenza sar\u00e0 finita. Ma ci sono delle <a href=\"https:\/\/www.archivio-affarinternazionali.it\/archivio\/2020\/03\/prime-lezioni-per-la-comunita-internazionale\/\" target=\"_blank\" rel=\"noopener\"><strong>lezioni <\/strong><\/a>che possiamo gi\u00e0 apprendere per il dopoguerra.<\/p>\n<p><strong>Distruzione creatrice<br \/>\n<\/strong>L&#8217;Italia e l&#8217;Europa hanno bisogno di strumenti per prevenire e reggere onde d&#8217;urto simili a quella attuale. Le <a href=\"https:\/\/www.archivio-affarinternazionali.it\/archivio\/2020\/04\/le-forze-armate-durante-e-dopo-la-pandemia\/\" target=\"_blank\" rel=\"noopener\"><strong>forze armate<\/strong><\/a> in uno Stato garantiscono la protezione dei cittadini dalle molteplici sfide di sicurezza, con alti costi sul bilancio pubblico anche in tempo di pace. Nonostante vi sia un&#8217;enorme sproporzione tra gli investimenti nella difesa e il reale rischio di un conflitto, la necessit\u00e0 di tale polizza assicurativa \u00e8 largamente accettata dalla popolazione. Se quindi siamo abituati a <strong><a href=\"https:\/\/www.archivio-affarinternazionali.it\/archivio\/2020\/04\/covid-19-e-insicurezza-internazionale\/\">rischi<\/a><\/strong> tradizionali quali il terrorismo o un conflitto, oggi siamo anche esposti ai rischi delle catastrofi sanitarie e ambientali, per affrontare le quali <strong>non siamo armati<\/strong>.<\/p>\n<p>Tutte le guerre portano una <strong>distruzione creatrice<\/strong>. Dopo la seconda guerra mondiale, l&#8217;ordine internazionale liberale, sotto l&#8217;egida statunitense, fu ricostruito su due pilastri di cooperazione multilaterale: il sistema di <strong>Bretton Woods<\/strong>, per regolare le relazioni economiche e commerciali fra gli Stati, e la <strong>Nato<\/strong>, quale meccanismo di difesa collettiva dalla minaccia costituita dall&#8217;Unione Sovietica. Senza questo sistema di garanzie, non vi sarebbero state risorse per ricostruire l&#8217;Europa distrutta dalla guerra e proteggerla dalle sfide di un sistema bipolare.<\/p>\n<p><strong>Gestire la transizione<br \/>\n<\/strong>La guerra al Covid-19 ha mostrato l&#8217;<strong><a href=\"https:\/\/www.archivio-affarinternazionali.it\/archivio\/2020\/04\/covid-19-e-istituzioni-internazionali\/\">inadeguatezza dei meccanismi politici e istituzionali<\/a> <\/strong>esistenti, ma anche del libero mercato, di fronte a rischi ed esigenze di <strong>societ<\/strong><strong>\u00e0 avanzate<\/strong>: la sanit\u00e0 oggi, l&#8217;ambiente o la protezione cibernetica domani. In altre parole, non c&#8217;\u00e8 attualmente una<strong> &#8220;Nato&#8221; per la sanit<\/strong><strong>\u00e0<\/strong> che ci difenda da un&#8217;epidemia. Ma ci\u00f2 che non esiste <strong><a href=\"https:\/\/www.archivio-affarinternazionali.it\/archivio\/2020\/04\/ripensare-nazioni-unite-nato-e-unione-europea\/\">pu\u00f2 essere inventato<\/a><\/strong>.<\/p>\n<p>Dobbiamo cominciare a pensare a nuove forme di produzione di beni pubblici e livelli di spesa che fino a qualche mese fa sarebbero stati impensabili. I <strong>sistemi sanitari<\/strong> nazionali devono essere finanziati, equipaggiati, addestrati alla protezione dei cittadini dai nemici invisibili. Sono inoltre imperativi l&#8217;ampliamento, l&#8217;ottimizzazione e l&#8217;integrazione dei <strong>sistemi di welfare<\/strong> europei per fronteggiare le devastanti conseguenze socio-economiche di questa guerra, e una maggiore attenzione alla <a href=\"https:\/\/www.archivio-affarinternazionali.it\/archivio\/2020\/04\/dallemergenza-al-green-deal\/\"><strong>sostenibilit\u00e0 ambientale<\/strong><\/a> per prevenire catastrofi gi\u00e0 annunciate dalla comunit\u00e0 scientifica \u2013 serva da monito il fatto che mentre la pandemia ci soffoca, il pianeta ricomincia a respirare grazie alla sensibile <a href=\"https:\/\/www.nationalgeographic.com\/science\/2020\/04\/pollution-made-the-pandemic-worse-but-lockdowns-clean-the-sky\/\">riduzione dell&#8217;inquinamento<\/a>. Serviranno risorse, ma servir\u00e0 innanzitutto leadership politica che sappia gestire la <strong>transizione<\/strong>.<\/p>\n<p><strong>L&#8217;opportunit\u00e0 dell&#8217;Ue<br \/>\n<\/strong>Solo l&#8217;<strong>Unione Europea<\/strong>, unita, pu\u00f2 esercitare tale leadership e mobilitare le risorse necessarie. Il Covid-19 del resto ha accelerato un processo gi\u00e0 in atto di ridefinizione dell&#8217;ordine internazionale, in cui logiche di competizione e conflitto multipolari fra attori globali avrebbero gradualmente eroso le basi del multilateralismo. Quello che secondo gli analisti sarebbe accaduto in una decina d\u2019anni, si sta materializzando in pochi mesi.<\/p>\n<p>La <a href=\"https:\/\/www.archivio-affarinternazionali.it\/archivio\/2020\/05\/il-virus-wuhan-e-la-guerra-tra-usa-e-cina\/\" target=\"_blank\" rel=\"noopener\"><strong>battaglia delle narrative<\/strong><\/a> tra Cina e Stati Uniti ne \u00e8 un esempio. Il virus sar\u00e0 tanto pi\u00fa potente e distruttivo, quanto pi\u00f9 si legher\u00e0 alla frammentazione globale del potere, ed alle tensioni che ne deriveranno. Nel <strong>Dna\u00a0strategico dell&#8217;Ue<\/strong>\u00a0sono presenti anticorpi &#8220;naturali&#8221;, quali i concetti di sostenibilit\u00e0, resilienza, \u00a0stato sociale.<\/p>\n<p>Sta all&#8217;Europa scegliere se prendere il timone e ricostruire un\u00a0<strong><a href=\"https:\/\/www.archivio-affarinternazionali.it\/archivio\/2020\/04\/una-nuova-costituente-per-leuropa\/\">modello pi\u00f9 avanzato e integrato<\/a><\/strong> di governance transnazionale, accompagnato da una maggiore autonomia strategica, della quale stati membri e cittadini sarebbero i primi a <a href=\"https:\/\/securityconference.org\/en\/news\/full\/coronavirus-crisis-for-europe-its-a-question-of-survival\/\">trarre beneficio<\/a>. Oppure, aspettare un salvagente che potrebbe non arrivare mai.<\/p>\n<p><em>Questo articolo \u00e8 il sedicesimo di una serie dedicata a una riflessione sul <a href=\"https:\/\/www.archivio-affarinternazionali.it\/archivio\/2020\/04\/covid-19-e-insicurezza-internazionale\/\" target=\"_blank\" rel=\"noopener\">Covid-19 e la sicurezza internazionale<\/a>, aperta da Vincenzo Camporini e Michele None<\/em>s.<\/p>\n","protected":false},"excerpt":{"rendered":"<p>\u00c8 stato il Presidente francese, Emmanuel Macron, nel discorso alla nazione del 16 marzo 2020, tra i primi capi di stato europei a parlare esplicitamente di una vera e propria guerra contro la pandemia Covid-19, quel nemico invisibile e intoccabile la cui avanzata repentina e inesorabile sul fronte europeo ha messo in ginocchio i sistemi [&hellip;]<\/p>\n","protected":false},"author":39,"featured_media":81395,"comment_status":"closed","ping_status":"closed","sticky":false,"template":"","format":"standard","meta":{"footnotes":""},"categories":[9],"tags":[],"_links":{"self":[{"href":"https:\/\/www.archivio-affarinternazionali.it\/archivio\/wp-json\/wp\/v2\/posts\/81384"}],"collection":[{"href":"https:\/\/www.archivio-affarinternazionali.it\/archivio\/wp-json\/wp\/v2\/posts"}],"about":[{"href":"https:\/\/www.archivio-affarinternazionali.it\/archivio\/wp-json\/wp\/v2\/types\/post"}],"author":[{"embeddable":true,"href":"https:\/\/www.archivio-affarinternazionali.it\/archivio\/wp-json\/wp\/v2\/users\/39"}],"replies":[{"embeddable":true,"href":"https:\/\/www.archivio-affarinternazionali.it\/archivio\/wp-json\/wp\/v2\/comments?post=81384"}],"version-history":[{"count":1,"href":"https:\/\/www.archivio-affarinternazionali.it\/archivio\/wp-json\/wp\/v2\/posts\/81384\/revisions"}],"predecessor-version":[{"id":81385,"href":"https:\/\/www.archivio-affarinternazionali.it\/archivio\/wp-json\/wp\/v2\/posts\/81384\/revisions\/81385"}],"wp:featuredmedia":[{"embeddable":true,"href":"https:\/\/www.archivio-affarinternazionali.it\/archivio\/wp-json\/wp\/v2\/media\/81395"}],"wp:attachment":[{"href":"https:\/\/www.archivio-affarinternazionali.it\/archivio\/wp-json\/wp\/v2\/media?parent=81384"}],"wp:term":[{"taxonomy":"category","embeddable":true,"href":"https:\/\/www.archivio-affarinternazionali.it\/archivio\/wp-json\/wp\/v2\/categories?post=81384"},{"taxonomy":"post_tag","embeddable":true,"href":"https:\/\/www.archivio-affarinternazionali.it\/archivio\/wp-json\/wp\/v2\/tags?post=81384"}],"curies":[{"name":"wp","href":"https:\/\/api.w.org\/{rel}","templated":true}]}}