{"id":82256,"date":"2020-06-14T12:15:46","date_gmt":"2020-06-14T10:15:46","guid":{"rendered":"https:\/\/www.archivio-affarinternazionali.it\/archivio\/?p=82256"},"modified":"2020-06-17T12:03:14","modified_gmt":"2020-06-17T10:03:14","slug":"il-movimento-black-lives-matter-nel-regno-unito","status":"publish","type":"post","link":"https:\/\/www.archivio-affarinternazionali.it\/archivio\/2020\/06\/il-movimento-black-lives-matter-nel-regno-unito\/","title":{"rendered":"Black Lives Matter e le statue della discordia nel Regno Unito"},"content":{"rendered":"<p class=\"ydp906ecc07yiv8260909923ydp45d3052fmsonormal\">Nel <strong>Regno Unito<\/strong>, erede malandato e perennemente nostalgico dell&#8217;Impero Britannico, le <a href=\"https:\/\/www.archivio-affarinternazionali.it\/archivio\/2020\/06\/vi-racconto-la-rivolta-dei-neri-damerica-parla-marina-catucci\/\" target=\"_blank\" rel=\"noopener\"><strong>proteste anti-razziste<\/strong><\/a> che dall&#8217;America sono arrivate in tutto il mondo hanno toccato un nervo scoperto, scatenando una rabbia sociale\u00a0repressa e riaprendo ferite profonde.<\/p>\n<p class=\"ydp906ecc07yiv8260909923ydp45d3052fmsonormal\">Le <strong>statue<\/strong> abbattute, rimosse o imbrattate hanno costretto il Paese a porsi domande scomode sulle sue responsabilit\u00e0 storiche, ma anche su quello che oggi si chiede a una <strong>democrazia<\/strong>: \u00e8 sufficiente ammettere gli errori, e orrori, del passato nel celebrare la propria storia? O \u00e8 meglio rimuovere simboli di un&#8217;eredit\u00e0 che non solo non rappresenta pi\u00f9 la societ\u00e0, ma ne offende una parte? <strong>Si pu\u00f2 guardare alle figure storiche attraverso la sensibilit\u00e0 moderna?<\/strong><\/p>\n<p class=\"ydp906ecc07yiv8260909923ydp45d3052fmsonormal\"><strong>Rabbia nelle strade<\/strong><br \/>\nDomande un tempo relegate nei dibattiti accademici, che oggi fanno irruzione nelle strade. La rimozione violenta, tra una folla esultante, della statua di <a href=\"https:\/\/www.bbc.com\/news\/uk-england-bristol-53004748\" target=\"_blank\" rel=\"noopener\"><strong>Edward Colston<\/strong><\/a>, schiavista onorato a Bristol in quanto benefattore della citt\u00e0, ha lasciato un impatto profondo in un Paese non certo abituato a queste scene.<\/p>\n<p class=\"ydp906ecc07yiv8260909923ydp45d3052fmsonormal\"><strong>Sadiq Khan<\/strong>, il sindaco di Londra, ha ordinato una revisione dei monumenti della capitale; gli studenti di Oxford sono tornati a chiedere la rimozione della statua di\u00a0<strong>Cecil Rhodes<\/strong>, figura centrale del colonialismo in Africa; nel Dorset la statua di\u00a0<strong>Robert Baden-Powell<\/strong>, fondatore dei Boy Scouts accusato di simpatie naziste, \u00e8\u00a0sorvegliata 24 ore su 24. Quella di <strong>Winston Churchill<\/strong>, gi\u00e0 imbrattata con la scritta &#8220;era razzista&#8221;,\u00a0\u00e8\u00a0finita inscatolata per evitare che diventasse nuovamente bersaglio della <strong>furia iconoclasta<\/strong>. Nel weekend appena trascorso, manifestanti di estrema destra e attivisti di <em>Black Lives Matter <\/em>sono scesi in piazza nel centro di Londra, un imponente schieramento di polizia a tenerli lontani. &#8220;Il simbolo di una Gran Bretagna spaccata&#8221;, ha scritto il <em>Sunday Times<\/em>.<\/p>\n<p>E non sono solo i monumenti ad essere presi di mira: dalle <strong>serie Tv<\/strong>, rimosse per aver usato vecchi stereotipi razzisti contro i neri, ai <strong>nomi delle strade<\/strong> imbrattati (come <em>Penny Lane <\/em>a Liverpool, immortalata dai Beatles ma, forse, intitolata ad un mercante di schiavi), la storia e la cultura britanniche sono finite sotto la lente di ingrandimento.<\/p>\n<p class=\"ydp906ecc07yiv8260909923ydp45d3052fmsonormal\"><strong>Terreno fertile<\/strong><br \/>\nLe proteste in seguito all&#8217;<a href=\"https:\/\/www.archivio-affarinternazionali.it\/archivio\/2020\/05\/unaltra-estate-calda-razziale\/\" target=\"_blank\" rel=\"noopener\"><strong>uccisione di George Floyd<\/strong><\/a> hanno trovato terreno fertile in un Paese che si \u00e8 dovuto confrontare con casi anche recenti di <strong>discriminazione<\/strong>. Nel 2018, lo <a href=\"https:\/\/en.wikipedia.org\/wiki\/Windrush_scandal\" target=\"_blank\" rel=\"noopener\"><strong>scandalo Windrush<\/strong><\/a> ha rivelato come centinaia di immigrati giunti dai Caraibi dopo la Seconda Guerra Mondiale, e dunque residenti nel Paese da decenni, fossero stati minacciati di deportazione, e in alcuni\u00a0casi deportati. Prima di allora era stata la volta della <strong>politica dell&#8217;ambiente ostile<\/strong><i>,\u00a0<\/i>ideata da <strong>Theresa\u00a0May<\/strong> (quando era a capo dell&#8217;<em>Home Office<\/em>) per frenare l&#8217;immigrazione. Anche la <strong>tragedia di Grenfell &#8211;<\/strong>\u00a0la maggior parte delle 72 vittime dell&#8217;incendio del 2017 proveniva da minoranze etniche &#8211; \u00e8 diventata un simbolo della disparit\u00e0 sociale tra bianchi e neri.<\/p>\n<p class=\"ydp906ecc07yiv8260909923ydp45d3052fmsonormal\">Pi\u00f9 recentemente, il <strong>coronavirus<\/strong> ha cristallizzato il senso d&#8217;ingiustizia\u00a0a scapito delle minoranze. Un rapporto delle autorit\u00e0 sanitarie ha dimostrato come le <strong>persone provenienti da minoranze etniche abbiano il doppio delle possibilit\u00e0 di morire di Covid-19<\/strong> rispetto ai britannici bianchi. Non \u00e8 un caso che i manifestanti di <i>Black Lives Matter<\/i> abbiamo preso come uno dei simboli della protesta il volto di una donna, <a href=\"https:\/\/www.theguardian.com\/law\/2020\/jun\/05\/belly-mujinga-police-ask-cps-to-review-rail-workers-covid-19-death\" target=\"_blank\" rel=\"noopener\"><strong>Belly Mujinga<\/strong><\/a>, morta di coronavirus dopo che un uomo apparentemente infetto le aveva sputato addosso in una stazione di Londra.<\/p>\n<p class=\"ydp906ecc07yiv8260909923ydp45d3052fmsonormal\">Secondo dati riferiti in Parlamento, <strong>i neri hanno 47 volte pi\u00f9 probabilit\u00e0 di essere fermati dalla polizia per un controllo<\/strong>, in assenza di motivi specifici, rispetto ai bianchi. Una statistica che arriva a quasi trent&#8217;anni dalla morte di <strong>Stephen Lawrence<\/strong>, un ragazzo nero di 18 anni accoltellato alla fermata dell&#8217;autobus tra insulti razzisti. L&#8217;indagine della polizia sull&#8217;omicidio, diventato uno dei casi pi\u00f9 tristemente celebri del Paese, fu viziata da incompetenza, negligenza e pregiudizi. E da quello che una successiva commissione d&#8217;inchiesta boll\u00f2 come &#8220;<strong>razzismo istituzionale<\/strong>&#8221; a Scotland Yard.<\/p>\n<p><strong>I rischi per Johnson<\/strong><br \/>\nPer <strong>Boris Johnson<\/strong>, che nel passato si \u00e8 dovuto scusare per aver usato epiteti razzisti contro le persone di colore, le proteste rappresentano un <strong>ulteriore banco prova<\/strong> in un anno assai diverso da quello che il premier si attendeva: doveva essere dominato dalla <a href=\"https:\/\/www.archivio-affarinternazionali.it\/archivio\/2020\/06\/parla-jill-morris-amb-uk-in-italia\/\" target=\"_blank\" rel=\"noopener\"><strong>Brexit<\/strong><\/a>, verr\u00e0 ricordato per la pandemia, la crisi economica e, ora, le proteste di <i>Black Lives Matter<\/i>. Un terreno scomodo per qualunque leader, tanto pi\u00f9 per chi fa dell&#8217;ottimismo e dell&#8217;orgoglio patriottico la propria cifra politica. Il premier ha oscillato tra una tiepida comprensione per &#8220;il legittimo desiderio di manifestare contro le discriminazioni&#8221; e la condanna per gli atti di &#8220;teppismo&#8221; contro le statue. In particolare contro quella di Churchill, del quale si considera l&#8217;erede politico. &#8220;<strong>Non possiamo modificare o censurare il nostro passato&#8221;<\/strong>, ha detto.<\/p>\n<p class=\"ydp906ecc07yiv8260909923ydp45d3052fmsonormal\">Le proteste contro\u00a0i simboli del passato, e contro un senso di ingiustizia che tanti ancora avvertono nella societ\u00e0, acuiscono le tensioni sociali in un momento gi\u00e0 drammatico.\u00a0L&#8217;<strong>emergenza sanitaria<\/strong> ha visto un numero di morti tra i pi\u00f9 alti del mondo ed\u00a0errori di cui il governo dovr\u00e0 prima o poi rispondere. La crisi economica in atto potrebbe rivelarsi la peggiore da 300 anni. Ad aprile il <strong>prodotto interno lordo \u00e8 crollato del 20,4%<\/strong> rispetto al mese precedente, la pi\u00f9 grande contrazione mensile mai registrata. E secondo l&#8217;Ocse, il Regno Unito sar\u00e0, tra i Paesi sviluppati, il pi\u00f9 colpito dal crollo dell&#8217;economia post-pandemia.<\/p>\n<p class=\"ydp906ecc07yiv8260909923ydp45d3052fmsonormal\">Una <strong>combinazione ad alto rischio<\/strong>, destinata ad aumentare il senso di scontento che circola nel Paese e i problemi di un governo gi\u00e0 in calo di popolarit\u00e0.<\/p>\n","protected":false},"excerpt":{"rendered":"<p>Nel Regno Unito, erede malandato e perennemente nostalgico dell&#8217;Impero Britannico, le proteste anti-razziste che dall&#8217;America sono arrivate in tutto il mondo hanno toccato un nervo scoperto, scatenando una rabbia sociale\u00a0repressa e riaprendo ferite profonde. Le statue abbattute, rimosse o imbrattate hanno costretto il Paese a porsi domande scomode sulle sue responsabilit\u00e0 storiche, ma anche su [&hellip;]<\/p>\n","protected":false},"author":39,"featured_media":82257,"comment_status":"closed","ping_status":"closed","sticky":false,"template":"","format":"standard","meta":{"footnotes":""},"categories":[2027,9],"tags":[2344,462,2077,1202,566,816,538,1496],"_links":{"self":[{"href":"https:\/\/www.archivio-affarinternazionali.it\/archivio\/wp-json\/wp\/v2\/posts\/82256"}],"collection":[{"href":"https:\/\/www.archivio-affarinternazionali.it\/archivio\/wp-json\/wp\/v2\/posts"}],"about":[{"href":"https:\/\/www.archivio-affarinternazionali.it\/archivio\/wp-json\/wp\/v2\/types\/post"}],"author":[{"embeddable":true,"href":"https:\/\/www.archivio-affarinternazionali.it\/archivio\/wp-json\/wp\/v2\/users\/39"}],"replies":[{"embeddable":true,"href":"https:\/\/www.archivio-affarinternazionali.it\/archivio\/wp-json\/wp\/v2\/comments?post=82256"}],"version-history":[{"count":5,"href":"https:\/\/www.archivio-affarinternazionali.it\/archivio\/wp-json\/wp\/v2\/posts\/82256\/revisions"}],"predecessor-version":[{"id":82279,"href":"https:\/\/www.archivio-affarinternazionali.it\/archivio\/wp-json\/wp\/v2\/posts\/82256\/revisions\/82279"}],"wp:featuredmedia":[{"embeddable":true,"href":"https:\/\/www.archivio-affarinternazionali.it\/archivio\/wp-json\/wp\/v2\/media\/82257"}],"wp:attachment":[{"href":"https:\/\/www.archivio-affarinternazionali.it\/archivio\/wp-json\/wp\/v2\/media?parent=82256"}],"wp:term":[{"taxonomy":"category","embeddable":true,"href":"https:\/\/www.archivio-affarinternazionali.it\/archivio\/wp-json\/wp\/v2\/categories?post=82256"},{"taxonomy":"post_tag","embeddable":true,"href":"https:\/\/www.archivio-affarinternazionali.it\/archivio\/wp-json\/wp\/v2\/tags?post=82256"}],"curies":[{"name":"wp","href":"https:\/\/api.w.org\/{rel}","templated":true}]}}